{"id":37128,"date":"2014-10-24T10:02:21","date_gmt":"2014-10-24T13:02:21","guid":{"rendered":"http:\/\/www.hoymercedes.com.ar\/principal\/?p=37128"},"modified":"2014-10-24T10:02:43","modified_gmt":"2014-10-24T13:02:43","slug":"selva-somos-los-intendentes-quienes-damos-este-primer-paso-de-otorgar-un-plus-salarial","status":"publish","type":"post","link":"https:\/\/www.hoymercedes.com.ar\/principal\/2014\/10\/24\/selva-somos-los-intendentes-quienes-damos-este-primer-paso-de-otorgar-un-plus-salarial\/","title":{"rendered":"Selva: Somos los intendentes quienes damos este primer paso de otorgar un plus salarial\u201d"},"content":{"rendered":"<p><a href=\"https:\/\/www.hoymercedes.com.ar\/principal\/wp-content\/uploads\/2014\/05\/selvainundaciones.jpg\"><img loading=\"lazy\" decoding=\"async\" data-attachment-id=\"32638\" data-permalink=\"https:\/\/www.hoymercedes.com.ar\/principal\/2014\/05\/05\/selva-mas-autonomia-generara-mas-eficacia-en-las-gestiones-locales\/selvainundaciones-2\/#main\" data-orig-file=\"https:\/\/www.hoymercedes.com.ar\/principal\/wp-content\/uploads\/2014\/05\/selvainundaciones.jpg\" data-orig-size=\"620,269\" data-comments-opened=\"1\" data-image-meta=\"{&quot;aperture&quot;:&quot;5&quot;,&quot;credit&quot;:&quot;&quot;,&quot;camera&quot;:&quot;NIKON D3100&quot;,&quot;caption&quot;:&quot;&quot;,&quot;created_timestamp&quot;:&quot;1391884513&quot;,&quot;copyright&quot;:&quot;&quot;,&quot;focal_length&quot;:&quot;35&quot;,&quot;iso&quot;:&quot;2500&quot;,&quot;shutter_speed&quot;:&quot;0.016666666666667&quot;,&quot;title&quot;:&quot;&quot;}\" data-image-title=\"selvainundaciones\" data-image-description=\"\" data-image-caption=\"\" data-large-file=\"https:\/\/www.hoymercedes.com.ar\/principal\/wp-content\/uploads\/2014\/05\/selvainundaciones.jpg\" class=\"Img2014 aligncenter wp-image-32638 size-full\" src=\"https:\/\/www.hoymercedes.com.ar\/principal\/wp-content\/uploads\/2014\/05\/selvainundaciones.jpg\" alt=\"selvainundaciones\" width=\"620\" height=\"269\" \/><\/a><\/p>\n<p><em><strong>El intendente de Mercedes Carlos Selva tambi\u00e9n se sum\u00f3 a los jefes comunales que militan en el Frente Renovador y que han decidido otorgar un plus salarial a sus empleados antes de fin de a\u00f1o.<\/strong><\/em><\/p>\n<p>Almirante Brown, Tigre y Olavarr\u00eda son algunos de los distritos que han decidido darles a sus empleados un plus salarial. Mercedes tambi\u00e9n se suma a esta lista gracias a la decisi\u00f3n pol\u00edtica que ha tomado Carlos Selva. \u201cDesde el Frente Renovador venimos diciendo que la inflaci\u00f3n es el peor de los males de esta econom\u00eda argentina y nadie le da una soluci\u00f3n. Ya se ha devorado el poder adquisitivo de los trabajadores y somos nosotros los intendentes quienes damos este primer paso de otorgar un plus salarial a los empleados atentos a esta circunstancia que nos toca vivir\u201d, sostuvo el primer mandatario mercedino.<\/p>\n<p>Distintos jefes comunales alineados en el Frente Renovador que lidera Sergio Massa, anunciaron que har\u00e1n efectivo el pago de un plus salarial de fin de a\u00f1o para los empleados municipales de sus distritos y Selva sostiene que no tiene que ver con ser un municipio grande o chico. \u201cLa clave es una sana administraci\u00f3n de los recursos. Nosotros llevamos diez a\u00f1os de super\u00e1vit y de cuentas claras y por eso podemos encarar este aumento. Yo no s\u00e9 si la provincia o la Naci\u00f3n pueden hacer lo mismo. Lo cierto es que los intendentes nuevamente mostramos el camino de la mano de nuestro l\u00edder Sergio Massa. Poder se puede\u201d, dijo Selva sobre el plus salarial a otorgar antes de fin de a\u00f1o.<\/p>\n<p><span style=\"color: #808080;\">Fuente: FR<\/span><\/p>\n","protected":false},"excerpt":{"rendered":"<p>El intendente de Mercedes Carlos Selva tambi\u00e9n se sum\u00f3 a los jefes comunales que militan en el Frente Renovador y &#8230; <a title=\"Selva: Somos los intendentes quienes damos este primer paso de otorgar un plus salarial\u201d\" class=\"read-more\" href=\"https:\/\/www.hoymercedes.com.ar\/principal\/2014\/10\/24\/selva-somos-los-intendentes-quienes-damos-este-primer-paso-de-otorgar-un-plus-salarial\/\" aria-label=\"Leer m\u00e1s sobre Selva: Somos los intendentes quienes damos este primer paso de otorgar un plus salarial\u201d\">Leer m\u00e1s<\/a><\/p>\n","protected":false},"author":1,"featured_media":0,"comment_status":"open","ping_status":"open","sticky":false,"template":"","format":"standard","meta":{"_monsterinsights_skip_tracking":false,"_monsterinsights_sitenote_active":false,"_monsterinsights_sitenote_note":"","_monsterinsights_sitenote_category":0,"jetpack_post_was_ever_published":false,"_jetpack_newsletter_access":"","_jetpack_dont_email_post_to_subs":false,"_jetpack_newsletter_tier_id":0,"_jetpack_memberships_contains_paywalled_content":false,"_jetpack_memberships_contains_paid_content":false,"footnotes":"","jetpack_publicize_message":"","jetpack_publicize_feature_enabled":true,"jetpack_social_post_already_shared":false,"jetpack_social_options":{"image_generator_settings":{"template":"highway","default_image_id":0,"font":"","enabled":false},"version":2},"_wpas_customize_per_network":false},"categories":[5],"tags":[],"class_list":["post-37128","post","type-post","status-publish","format-standard","hentry","category-politica","generate-columns","tablet-grid-50","mobile-grid-100","grid-parent","grid-50"],"jetpack_publicize_connections":[],"jetpack_featured_media_url":"","wps_subtitle":"Mercedes se suma a esta iniciativa del Frente Renovador","jetpack_sharing_enabled":true,"_links":{"self":[{"href":"https:\/\/www.hoymercedes.com.ar\/principal\/wp-json\/wp\/v2\/posts\/37128","targetHints":{"allow":["GET"]}}],"collection":[{"href":"https:\/\/www.hoymercedes.com.ar\/principal\/wp-json\/wp\/v2\/posts"}],"about":[{"href":"https:\/\/www.hoymercedes.com.ar\/principal\/wp-json\/wp\/v2\/types\/post"}],"author":[{"embeddable":true,"href":"https:\/\/www.hoymercedes.com.ar\/principal\/wp-json\/wp\/v2\/users\/1"}],"replies":[{"embeddable":true,"href":"https:\/\/www.hoymercedes.com.ar\/principal\/wp-json\/wp\/v2\/comments?post=37128"}],"version-history":[{"count":0,"href":"https:\/\/www.hoymercedes.com.ar\/principal\/wp-json\/wp\/v2\/posts\/37128\/revisions"}],"wp:attachment":[{"href":"https:\/\/www.hoymercedes.com.ar\/principal\/wp-json\/wp\/v2\/media?parent=37128"}],"wp:term":[{"taxonomy":"category","embeddable":true,"href":"https:\/\/www.hoymercedes.com.ar\/principal\/wp-json\/wp\/v2\/categories?post=37128"},{"taxonomy":"post_tag","embeddable":true,"href":"https:\/\/www.hoymercedes.com.ar\/principal\/wp-json\/wp\/v2\/tags?post=37128"}],"curies":[{"name":"wp","href":"https:\/\/api.w.org\/{rel}","templated":true}]}}