{"id":3715,"date":"2011-04-25T02:31:28","date_gmt":"2011-04-25T02:31:28","guid":{"rendered":"http:\/\/www.hoymercedes.com.ar\/principal\/?p=3715"},"modified":"2011-04-25T02:31:28","modified_gmt":"2011-04-25T02:31:28","slug":"pedido-de-informe-sobre-el-funcionamiento-planta-depuradora-de-efluentes-cloacales","status":"publish","type":"post","link":"https:\/\/www.hoymercedes.com.ar\/principal\/2011\/04\/25\/pedido-de-informe-sobre-el-funcionamiento-planta-depuradora-de-efluentes-cloacales\/","title":{"rendered":"Pedido de informe sobre el funcionamiento planta depuradora de efluentes cloacales"},"content":{"rendered":"<p>Ante el anuncio del se\u00f1or intendente municipal Carlos Selva de la obra de ampliaci\u00f3n de la planta depuradora de efluentes cloacales  los concejales de la Coalici\u00f3n C\u00edvica Ari visitaron el mi\u00e9rcoles 19 de abril de 2011 el predio donde funciona el actual centro de tratamiento de l\u00edquidos cloacales.<\/p>\n<p>Al llegar observaron que la mayor parte del l\u00edquido que proviene de la red cloacal de Mercedes va directamente al r\u00edo Luj\u00e1n sin pasar por la planta de tratamiento, ya que la exclusa que permite su paso se encontraba abierta. Continuando la recorrida vieron que funcionaban solamente dos de los seis aireadores que deber\u00edan funcionar, ya que los otros est\u00e1n en reparaci\u00f3n. Un detalle muy importante si miramos atentamente la foto de la planta que se muestra en el folleto que nos diera el intendente el 1\u00b0 de abril, en la inauguraci\u00f3n de las Sesiones Ordinarias solo se ven 3 en funcionamiento. Esto confirma que en muchas oportunidades la planta no funciona adecuadamente.<\/p>\n<p>De regreso encontramos, en el camino de ingreso a la planta, un cami\u00f3n con tanque atmosf\u00e9rico de una empresa mercedina volcando sus l\u00edquidos en el ca\u00f1o por donde llegan a la planta depuradora, cuando se le pregunt\u00f3 por qu\u00e9 volcaban en ese lugar y no en la pileta de la planta, que es lugar donde deber\u00edan hacerlo, nos respondieron que era la orden que hab\u00edan recibido para hacerlo en dicho lugar, ya que la pileta destinada a tal fin esta con problemas. De esta manera se confirma que no hay control sobre el contenido de los vuelcos de los camiones con tanque atmosf\u00e9ricos.<\/p>\n<p>A ra\u00edz de esto el bloque de Concejales de la Coalici\u00f3n C\u00edvica Ari present\u00f3 un pedido de informe con forma de resoluci\u00f3n:<\/p>\n<p>Art. 1\u00b0: El HCD se dirige al DE a fin de que informe sobre la situaci\u00f3n en la que se encuentra el proyecto de ampliaci\u00f3n de la Planta Depuradora de efluentes cloacales de Mercedes.<\/p>\n<p>&nbsp;<\/p>\n<p>Art. 2\u00b0: Se adquieran nuevos aireadores para que el funcionamiento de la planta no se vea resentido cuando se rompa alguno.<\/p>\n<p>Art. 3\u00b0: De cumplimiento a la Ordenanza de vuelcos de efluentes 5052\/2000, ya que si no se controla lo que se vuelca a la planta desde los camiones atmosf\u00e9ricos,  puede afectar la vida de los organismos vivos que degradan el material cloacal<\/p>\n<p>Art. 4\u00b0: Que el Estado municipal reconozca p\u00fablicamente esta situaci\u00f3n y solicite la colaboraci\u00f3n de la poblaci\u00f3n en el uso racional del agua que va a la red cloacal.<\/p>\n<p>Coincidimos en que se extienda la red cloacal para beneficiar a la mayor cantidad posible de vecinos, pero por la falta de planificaci\u00f3n de la gesti\u00f3n Selva nos encontramos con que la planta est\u00e1 totalmente colapsada, produciendo la  contaminaci\u00f3n del R\u00edo Luj\u00e1n, ya que todos los mercedinos tenemos derecho a disfrutar de ese recurso h\u00eddrico saneado.<\/p>\n<p>Ante la situaci\u00f3n existente hacemos un llamado a la poblaci\u00f3n para que arroje la menor cantidad posible de agua a las cloacas para que entre todos colaboremos para que lleguen menos efluentes a la planta y evitemos la contaminaci\u00f3n del r\u00edo Luj\u00e1n.<\/p>\n<p>Fuente: ARI-CC<\/p>\n","protected":false},"excerpt":{"rendered":"<p>Ante el anuncio del se\u00f1or intendente municipal Carlos Selva de la obra de ampliaci\u00f3n de la planta depuradora de efluentes &#8230; <a title=\"Pedido de informe sobre el funcionamiento planta depuradora de efluentes cloacales\" class=\"read-more\" href=\"https:\/\/www.hoymercedes.com.ar\/principal\/2011\/04\/25\/pedido-de-informe-sobre-el-funcionamiento-planta-depuradora-de-efluentes-cloacales\/\" aria-label=\"Leer m\u00e1s sobre Pedido de informe sobre el funcionamiento planta depuradora de efluentes cloacales\">Leer m\u00e1s<\/a><\/p>\n","protected":false},"author":1,"featured_media":0,"comment_status":"open","ping_status":"open","sticky":false,"template":"","format":"standard","meta":{"_monsterinsights_skip_tracking":false,"_monsterinsights_sitenote_active":false,"_monsterinsights_sitenote_note":"","_monsterinsights_sitenote_category":0,"jetpack_post_was_ever_published":false,"_jetpack_newsletter_access":"","_jetpack_dont_email_post_to_subs":false,"_jetpack_newsletter_tier_id":0,"_jetpack_memberships_contains_paywalled_content":false,"_jetpack_memberships_contains_paid_content":false,"footnotes":"","jetpack_publicize_message":"","jetpack_publicize_feature_enabled":true,"jetpack_social_post_already_shared":false,"jetpack_social_options":{"image_generator_settings":{"template":"highway","default_image_id":0,"font":"","enabled":false},"version":2},"_wpas_customize_per_network":false},"categories":[5],"tags":[361],"class_list":["post-3715","post","type-post","status-publish","format-standard","hentry","category-politica","tag-ari","generate-columns","tablet-grid-50","mobile-grid-100","grid-parent","grid-50"],"jetpack_publicize_connections":[],"jetpack_featured_media_url":"","wps_subtitle":"","jetpack_sharing_enabled":true,"_links":{"self":[{"href":"https:\/\/www.hoymercedes.com.ar\/principal\/wp-json\/wp\/v2\/posts\/3715","targetHints":{"allow":["GET"]}}],"collection":[{"href":"https:\/\/www.hoymercedes.com.ar\/principal\/wp-json\/wp\/v2\/posts"}],"about":[{"href":"https:\/\/www.hoymercedes.com.ar\/principal\/wp-json\/wp\/v2\/types\/post"}],"author":[{"embeddable":true,"href":"https:\/\/www.hoymercedes.com.ar\/principal\/wp-json\/wp\/v2\/users\/1"}],"replies":[{"embeddable":true,"href":"https:\/\/www.hoymercedes.com.ar\/principal\/wp-json\/wp\/v2\/comments?post=3715"}],"version-history":[{"count":0,"href":"https:\/\/www.hoymercedes.com.ar\/principal\/wp-json\/wp\/v2\/posts\/3715\/revisions"}],"wp:attachment":[{"href":"https:\/\/www.hoymercedes.com.ar\/principal\/wp-json\/wp\/v2\/media?parent=3715"}],"wp:term":[{"taxonomy":"category","embeddable":true,"href":"https:\/\/www.hoymercedes.com.ar\/principal\/wp-json\/wp\/v2\/categories?post=3715"},{"taxonomy":"post_tag","embeddable":true,"href":"https:\/\/www.hoymercedes.com.ar\/principal\/wp-json\/wp\/v2\/tags?post=3715"}],"curies":[{"name":"wp","href":"https:\/\/api.w.org\/{rel}","templated":true}]}}