{"id":37182,"date":"2014-10-26T19:14:06","date_gmt":"2014-10-26T22:14:06","guid":{"rendered":"http:\/\/www.hoymercedes.com.ar\/principal\/?p=37182"},"modified":"2014-10-31T14:13:33","modified_gmt":"2014-10-31T17:13:33","slug":"detenidos-por-querer-robar-un-auto","status":"publish","type":"post","link":"https:\/\/www.hoymercedes.com.ar\/principal\/2014\/10\/26\/detenidos-por-querer-robar-un-auto\/","title":{"rendered":"Detenidos por querer robar un auto"},"content":{"rendered":"<p><a href=\"https:\/\/www.hoymercedes.com.ar\/principal\/wp-content\/uploads\/2014\/10\/policia.jpg\"><img loading=\"lazy\" decoding=\"async\" data-attachment-id=\"36563\" data-permalink=\"https:\/\/www.hoymercedes.com.ar\/principal\/2014\/10\/01\/roban-maderera-alerta-ciudadana-y-policia-actua-rapidamente\/policia-14\/#main\" data-orig-file=\"https:\/\/www.hoymercedes.com.ar\/principal\/wp-content\/uploads\/2014\/10\/policia.jpg\" data-orig-size=\"620,196\" data-comments-opened=\"1\" data-image-meta=\"{&quot;aperture&quot;:&quot;0&quot;,&quot;credit&quot;:&quot;&quot;,&quot;camera&quot;:&quot;&quot;,&quot;caption&quot;:&quot;&quot;,&quot;created_timestamp&quot;:&quot;0&quot;,&quot;copyright&quot;:&quot;&quot;,&quot;focal_length&quot;:&quot;0&quot;,&quot;iso&quot;:&quot;0&quot;,&quot;shutter_speed&quot;:&quot;0&quot;,&quot;title&quot;:&quot;&quot;,&quot;orientation&quot;:&quot;0&quot;}\" data-image-title=\"policia\" data-image-description=\"\" data-image-caption=\"\" data-large-file=\"https:\/\/www.hoymercedes.com.ar\/principal\/wp-content\/uploads\/2014\/10\/policia.jpg\" class=\"Img2014 aligncenter wp-image-36563 size-full\" src=\"https:\/\/www.hoymercedes.com.ar\/principal\/wp-content\/uploads\/2014\/10\/policia.jpg\" alt=\"policia\" width=\"620\" height=\"196\" \/><\/a><\/p>\n<p><em><strong>Durante el fin de semana pasado, la Polic\u00eda detuvo a dos sujetos de 25 y 30 a\u00f1os respectivamente, ambos domiciliados en esta ciudad, luego que un joven, tambi\u00e9n vecino de esta localidad, los indicara como quienes les hab\u00edan querido robar su auto estacionado en pleno centro (calles 31 y 20). <\/strong><\/em><\/p>\n<p>Los efectivos de la Comisaria local llevaron a cabo esa detenci\u00f3n no solo por los propios dichos del propietario del auto, sino tambi\u00e9n por los comentarios que recogieron por parte de otras personas que hab\u00edan presenciado el intento de robo; por los signos que ten\u00eda la cerradura de una de las puertas, evidenciaban que la hab\u00edan abierto por medio de la fuerza; una conexi\u00f3n clandestina o casera en la zona de la llave de ignici\u00f3n, y cierto desorden de cosas que hab\u00eda en su interior.<\/p>\n<p>Se supo tambi\u00e9n que en el interior del auto, la polic\u00eda secuestro un tel\u00e9fono celular el que, en su pantalla principal, hab\u00eda una fotograf\u00eda de uno de los delincuentes.<\/p>\n<p>De esta forma estos fueron puestos a disposici\u00f3n del Fiscal en turno, imput\u00e1ndolos por el delito de tentativa de robo.<\/p>\n","protected":false},"excerpt":{"rendered":"<p>Durante el fin de semana pasado, la Polic\u00eda detuvo a dos sujetos de 25 y 30 a\u00f1os respectivamente, ambos domiciliados &#8230; <a title=\"Detenidos por querer robar un auto\" class=\"read-more\" href=\"https:\/\/www.hoymercedes.com.ar\/principal\/2014\/10\/26\/detenidos-por-querer-robar-un-auto\/\" aria-label=\"Leer m\u00e1s sobre Detenidos por querer robar un auto\">Leer m\u00e1s<\/a><\/p>\n","protected":false},"author":1,"featured_media":0,"comment_status":"open","ping_status":"open","sticky":false,"template":"","format":"standard","meta":{"_monsterinsights_skip_tracking":false,"_monsterinsights_sitenote_active":false,"_monsterinsights_sitenote_note":"","_monsterinsights_sitenote_category":0,"jetpack_post_was_ever_published":false,"_jetpack_newsletter_access":"","_jetpack_dont_email_post_to_subs":false,"_jetpack_newsletter_tier_id":0,"_jetpack_memberships_contains_paywalled_content":false,"_jetpack_memberships_contains_paid_content":false,"footnotes":"","jetpack_publicize_message":"","jetpack_publicize_feature_enabled":true,"jetpack_social_post_already_shared":false,"jetpack_social_options":{"image_generator_settings":{"template":"highway","default_image_id":0,"font":"","enabled":false},"version":2},"_wpas_customize_per_network":false},"categories":[85],"tags":[6292],"class_list":["post-37182","post","type-post","status-publish","format-standard","hentry","category-policial","tag-robor-mercedes","generate-columns","tablet-grid-50","mobile-grid-100","grid-parent","grid-50"],"jetpack_publicize_connections":[],"jetpack_featured_media_url":"","wps_subtitle":"Acci\u00f3n comisaria local ","jetpack_sharing_enabled":true,"_links":{"self":[{"href":"https:\/\/www.hoymercedes.com.ar\/principal\/wp-json\/wp\/v2\/posts\/37182","targetHints":{"allow":["GET"]}}],"collection":[{"href":"https:\/\/www.hoymercedes.com.ar\/principal\/wp-json\/wp\/v2\/posts"}],"about":[{"href":"https:\/\/www.hoymercedes.com.ar\/principal\/wp-json\/wp\/v2\/types\/post"}],"author":[{"embeddable":true,"href":"https:\/\/www.hoymercedes.com.ar\/principal\/wp-json\/wp\/v2\/users\/1"}],"replies":[{"embeddable":true,"href":"https:\/\/www.hoymercedes.com.ar\/principal\/wp-json\/wp\/v2\/comments?post=37182"}],"version-history":[{"count":0,"href":"https:\/\/www.hoymercedes.com.ar\/principal\/wp-json\/wp\/v2\/posts\/37182\/revisions"}],"wp:attachment":[{"href":"https:\/\/www.hoymercedes.com.ar\/principal\/wp-json\/wp\/v2\/media?parent=37182"}],"wp:term":[{"taxonomy":"category","embeddable":true,"href":"https:\/\/www.hoymercedes.com.ar\/principal\/wp-json\/wp\/v2\/categories?post=37182"},{"taxonomy":"post_tag","embeddable":true,"href":"https:\/\/www.hoymercedes.com.ar\/principal\/wp-json\/wp\/v2\/tags?post=37182"}],"curies":[{"name":"wp","href":"https:\/\/api.w.org\/{rel}","templated":true}]}}