{"id":3722,"date":"2011-04-25T02:40:08","date_gmt":"2011-04-25T02:40:08","guid":{"rendered":"http:\/\/www.hoymercedes.com.ar\/principal\/?p=3722"},"modified":"2011-04-25T02:40:08","modified_gmt":"2011-04-25T02:40:08","slug":"casa-joven-esta-semana-lanzaria-su-sitio-de-internet","status":"publish","type":"post","link":"https:\/\/www.hoymercedes.com.ar\/principal\/2011\/04\/25\/casa-joven-esta-semana-lanzaria-su-sitio-de-internet\/","title":{"rendered":"Casa Joven esta semana lanzar\u00eda su sitio de internet"},"content":{"rendered":"<p>La agrupaci\u00f3n pol\u00edtica \u00abCasa Joven\u00bb se encuentra muy cerca de inaugurar un nuevo espacio de contacto con la poblaci\u00f3n. Se trata nada m\u00e1s y nada menos que de un sitio de internet en el cual ir\u00e1n volcando diversas cuestiones inherentes al funcionamiento de la agrupaci\u00f3n, de la ciudad y el \u00e1mbito nacional y provincial.<\/p>\n<p>Al respecto, Juan Pablo L\u00f3pez manifest\u00f3: <em>\u201cla idea es contar con un espacio donde podamos tener una voz m\u00e1s para comunicar nuestras ideas. El sitio ir\u00e1 actualiz\u00e1ndose cada vez que algo lo amerite pues no se trata de tener una web porque est\u00e1 de moda, sino, darle un sentido. All\u00ed iremos colgando infos y cuestiones propias de nuestra actividad, pero, semanalmente tenemos la intenci\u00f3n de ponerle algo nuevo, darle dinamismo, que no sea como una tarjeta personal est\u00e1tica sino un espacio de encuentro din\u00e1mico\u201d<\/em><\/p>\n<p>La direcci\u00f3n del sitio es<a href=\"http:\/\/www.casajovenmercedes.com.ar\" target=\"_blank\" rel=\"noopener\"> www.casajovenmercedes.com.ar <\/a>y a\u00fan no est\u00e1 habilitada al p\u00fablico, aunque L\u00f3pez aclara los motivos: <em>\u201clo que sucede es que como con cada creaci\u00f3n hay idas y vueltas y sobre la marcha fuimos cambiando de ideas, aprendimos, vimos qu\u00e9 era lo m\u00e1s indicado para nuestro funcionamiento y poder darle un sentido as\u00ed que partimos de una idea muy simple porque no se trata de presentar un dise\u00f1o que supere lo importante que es el contenido. En ello nos centraremos\u201d.<\/em><\/p>\n<p>Por lo comentado ser\u00eda esta misma semana que Casa Joven lo presentar\u00eda a la comunidad como un \u00e1mbito m\u00e1s de interacci\u00f3n y de presentaci\u00f3n de actividades.<\/p>\n<p>&nbsp;<\/p>\n","protected":false},"excerpt":{"rendered":"<p>La agrupaci\u00f3n pol\u00edtica \u00abCasa Joven\u00bb se encuentra muy cerca de inaugurar un nuevo espacio de contacto con la poblaci\u00f3n. Se &#8230; <a title=\"Casa Joven esta semana lanzar\u00eda su sitio de internet\" class=\"read-more\" href=\"https:\/\/www.hoymercedes.com.ar\/principal\/2011\/04\/25\/casa-joven-esta-semana-lanzaria-su-sitio-de-internet\/\" aria-label=\"Leer m\u00e1s sobre Casa Joven esta semana lanzar\u00eda su sitio de internet\">Leer m\u00e1s<\/a><\/p>\n","protected":false},"author":1,"featured_media":0,"comment_status":"open","ping_status":"open","sticky":false,"template":"","format":"standard","meta":{"_monsterinsights_skip_tracking":false,"_monsterinsights_sitenote_active":false,"_monsterinsights_sitenote_note":"","_monsterinsights_sitenote_category":0,"jetpack_post_was_ever_published":false,"_jetpack_newsletter_access":"","_jetpack_dont_email_post_to_subs":false,"_jetpack_newsletter_tier_id":0,"_jetpack_memberships_contains_paywalled_content":false,"_jetpack_memberships_contains_paid_content":false,"footnotes":"","jetpack_publicize_message":"","jetpack_publicize_feature_enabled":true,"jetpack_social_post_already_shared":false,"jetpack_social_options":{"image_generator_settings":{"template":"highway","default_image_id":0,"font":"","enabled":false},"version":2},"_wpas_customize_per_network":false},"categories":[5],"tags":[3,273],"class_list":["post-3722","post","type-post","status-publish","format-standard","hentry","category-politica","tag-casa-joven","tag-juan-pablo-lopez","generate-columns","tablet-grid-50","mobile-grid-100","grid-parent","grid-50"],"jetpack_publicize_connections":[],"jetpack_featured_media_url":"","wps_subtitle":"","jetpack_sharing_enabled":true,"_links":{"self":[{"href":"https:\/\/www.hoymercedes.com.ar\/principal\/wp-json\/wp\/v2\/posts\/3722","targetHints":{"allow":["GET"]}}],"collection":[{"href":"https:\/\/www.hoymercedes.com.ar\/principal\/wp-json\/wp\/v2\/posts"}],"about":[{"href":"https:\/\/www.hoymercedes.com.ar\/principal\/wp-json\/wp\/v2\/types\/post"}],"author":[{"embeddable":true,"href":"https:\/\/www.hoymercedes.com.ar\/principal\/wp-json\/wp\/v2\/users\/1"}],"replies":[{"embeddable":true,"href":"https:\/\/www.hoymercedes.com.ar\/principal\/wp-json\/wp\/v2\/comments?post=3722"}],"version-history":[{"count":0,"href":"https:\/\/www.hoymercedes.com.ar\/principal\/wp-json\/wp\/v2\/posts\/3722\/revisions"}],"wp:attachment":[{"href":"https:\/\/www.hoymercedes.com.ar\/principal\/wp-json\/wp\/v2\/media?parent=3722"}],"wp:term":[{"taxonomy":"category","embeddable":true,"href":"https:\/\/www.hoymercedes.com.ar\/principal\/wp-json\/wp\/v2\/categories?post=3722"},{"taxonomy":"post_tag","embeddable":true,"href":"https:\/\/www.hoymercedes.com.ar\/principal\/wp-json\/wp\/v2\/tags?post=3722"}],"curies":[{"name":"wp","href":"https:\/\/api.w.org\/{rel}","templated":true}]}}