{"id":37241,"date":"2014-10-28T18:53:14","date_gmt":"2014-10-28T21:53:14","guid":{"rendered":"http:\/\/www.hoymercedes.com.ar\/principal\/?p=37241"},"modified":"2014-10-28T18:53:50","modified_gmt":"2014-10-28T21:53:50","slug":"scioli-en-mercedes-inaugurara-regional-del-ips","status":"publish","type":"post","link":"https:\/\/www.hoymercedes.com.ar\/principal\/2014\/10\/28\/scioli-en-mercedes-inaugurara-regional-del-ips\/","title":{"rendered":"Scioli en Mercedes inaugurar\u00e1 regional del IPS"},"content":{"rendered":"<p><a href=\"https:\/\/www.hoymercedes.com.ar\/principal\/wp-content\/uploads\/2014\/10\/Scioli.Espa\u00f1a.Depedro-Ustarrozjpg.jpg\"><img loading=\"lazy\" decoding=\"async\" data-attachment-id=\"37242\" data-permalink=\"https:\/\/www.hoymercedes.com.ar\/principal\/2014\/10\/28\/scioli-en-mercedes-inaugurara-regional-del-ips\/scioli-espana-depedro-ustarrozjpg\/#main\" data-orig-file=\"https:\/\/www.hoymercedes.com.ar\/principal\/wp-content\/uploads\/2014\/10\/Scioli.Espa\u00f1a.Depedro-Ustarrozjpg.jpg\" data-orig-size=\"620,418\" data-comments-opened=\"1\" data-image-meta=\"{&quot;aperture&quot;:&quot;0&quot;,&quot;credit&quot;:&quot;&quot;,&quot;camera&quot;:&quot;&quot;,&quot;caption&quot;:&quot;&quot;,&quot;created_timestamp&quot;:&quot;0&quot;,&quot;copyright&quot;:&quot;&quot;,&quot;focal_length&quot;:&quot;0&quot;,&quot;iso&quot;:&quot;0&quot;,&quot;shutter_speed&quot;:&quot;0&quot;,&quot;title&quot;:&quot;&quot;,&quot;orientation&quot;:&quot;0&quot;}\" data-image-title=\"Scioli.Espa\u00f1a.Depedro-Ustarrozjpg\" data-image-description=\"\" data-image-caption=\"\" data-large-file=\"https:\/\/www.hoymercedes.com.ar\/principal\/wp-content\/uploads\/2014\/10\/Scioli.Espa\u00f1a.Depedro-Ustarrozjpg.jpg\" class=\"Img2014 aligncenter wp-image-37242 size-full\" src=\"https:\/\/www.hoymercedes.com.ar\/principal\/wp-content\/uploads\/2014\/10\/Scioli.Espa\u00f1a.Depedro-Ustarrozjpg.jpg\" alt=\"Scioli.Espa\u00f1a.Depedro-Ustarrozjpg\" width=\"620\" height=\"418\" \/><\/a><\/p>\n<p><em><strong>El gobernador de la provincia de Buenos Aires, Daniel Scioli, volver\u00e1 a visitar nuestra ciudad: ser\u00e1 este jueves 30 de octubre, a las 11, para inaugurar las nuevas oficinas del Instituto de Previsi\u00f3n Social (IPS, avenida 30 entre 27 y 29).<\/strong><\/em><\/p>\n<p>La apertura y jerarquizaci\u00f3n de esta nueva dependencia del IPS en nuestra ciudad fue gestionada por el diputado bonaerense Alberto Espa\u00f1a (referente provincial del Frente Mercedino para la Victoria), en una reuni\u00f3n con el presidente del organismo, Mariano Cascallares, y tras analizar esta necesidad existente con el intendente Carlos Selva.<\/p>\n<p>\u201cSabemos que en Mercedes hay muchos vecinos jubilados o pensionados a trav\u00e9s del IPS y, m\u00e1s all\u00e1 de la existencia de la delegaci\u00f3n municipal, advertimos la necesidad de tener m\u00e1s y mejores herramientas para su atenci\u00f3n, y eso es lo hablamos en el encuentro con Cascallares, con quien tengo una excelente relaci\u00f3n\u201d, explic\u00f3 en su momento Espa\u00f1a.<\/p>\n<p>\u201cEn nuestra ciudad tenemos dos experiencias muy exitosas, que son la apertura de una delegaci\u00f3n m\u00e1s amplia y regional de la ANSES, y tambi\u00e9n la completa revalorizaci\u00f3n que se hizo de las oficinas mercedinas del PAMI. Los resultados, en ambos casos, han sido m\u00e1s que satisfactorios y pusieron en evidencia la necesidad de estar cada vez m\u00e1s cerca de la gente. Desde la funci\u00f3n p\u00fablica el objetivo es siempre facilitarles la vida a los vecinos y no lo contrario, que a veces pasa\u201d, agreg\u00f3 el legislador provincial.<\/p>\n<p>\u201cTanto con Juani (Ustarroz, presidente del bloque de concejales del Frente Mercedino) como con (el diputado nacional) \u2018Wado\u2019 de Pedro tratamos de estar permanentemente atentos a las necesidades de nuestra ciudad y, en la medida de nuestras posibilidades, gestionar para cubrirlas. Estas nuevas dependencias del IPS llegan en ese camino\u201d, cerr\u00f3.<\/p>\n<p>Ser\u00e1 la quinta visita del gobernador Daniel Scioli en un a\u00f1o: en 2013 lleg\u00f3 para recorrer las nuevas instalaciones del hospital Blas Dubarry y el Parque Industrial, primero; y para el cierre de campa\u00f1a por las elecciones legislativas, despu\u00e9s. Este a\u00f1o, finalmente, vino a Mercedes a inaugurar la remodelaci\u00f3n de la sucursal del Banco Provincia y m\u00e1s tarde a abrir las nuevas dependencias del Servicio Zonal de Ni\u00f1ez y Adolescencia.<\/p>\n<p><span style=\"color: #808080;\">Fuente: FMpV<\/span><\/p>\n<p>&nbsp;<\/p>\n","protected":false},"excerpt":{"rendered":"<p>El gobernador de la provincia de Buenos Aires, Daniel Scioli, volver\u00e1 a visitar nuestra ciudad: ser\u00e1 este jueves 30 de &#8230; <a title=\"Scioli en Mercedes inaugurar\u00e1 regional del IPS\" class=\"read-more\" href=\"https:\/\/www.hoymercedes.com.ar\/principal\/2014\/10\/28\/scioli-en-mercedes-inaugurara-regional-del-ips\/\" aria-label=\"Leer m\u00e1s sobre Scioli en Mercedes inaugurar\u00e1 regional del IPS\">Leer m\u00e1s<\/a><\/p>\n","protected":false},"author":1,"featured_media":0,"comment_status":"open","ping_status":"open","sticky":false,"template":"","format":"standard","meta":{"_monsterinsights_skip_tracking":false,"_monsterinsights_sitenote_active":false,"_monsterinsights_sitenote_note":"","_monsterinsights_sitenote_category":0,"jetpack_post_was_ever_published":false,"_jetpack_newsletter_access":"","_jetpack_dont_email_post_to_subs":false,"_jetpack_newsletter_tier_id":0,"_jetpack_memberships_contains_paywalled_content":false,"_jetpack_memberships_contains_paid_content":false,"footnotes":"","jetpack_publicize_message":"","jetpack_publicize_feature_enabled":true,"jetpack_social_post_already_shared":false,"jetpack_social_options":{"image_generator_settings":{"template":"highway","default_image_id":0,"font":"","enabled":false},"version":2},"_wpas_customize_per_network":false},"categories":[5],"tags":[706,6314,4091],"class_list":["post-37241","post","type-post","status-publish","format-standard","hentry","category-politica","tag-daniel-scioli-en-mercedes","tag-ips-regional","tag-scioli-mercedes","generate-columns","tablet-grid-50","mobile-grid-100","grid-parent","grid-50"],"jetpack_publicize_connections":[],"jetpack_featured_media_url":"","wps_subtitle":"Gobernador de la Provincia de Buenos Aires ","jetpack_sharing_enabled":true,"jetpack-related-posts":[{"id":39479,"url":"https:\/\/www.hoymercedes.com.ar\/principal\/2015\/02\/10\/selva-decide-no-participar-del-acto-con-daniel-scioli-en-mercedes\/","url_meta":{"origin":37241,"position":0},"title":"Selva decide no participar del acto con Daniel Scioli en Mercedes","author":"hoymercedes","date":"10 febrero, 2015","format":false,"excerpt":"El intendente Carlos Selva, en conferencia de prensa, tuvo duros conceptos hacia el Gobernador Daniel Scioli y \u201cLa C\u00e1mpora\u201d de Mercedes dando detalles de c\u00f3mo se lleg\u00f3 a contar con una sede del Instituto de Previsi\u00f3n Social de la Provincia de Buenos Aires en nuestra localidad y que inaugurar\u00e1 el\u2026","rel":"","context":"En \u00abPol\u00edtica\u00bb","block_context":{"text":"Pol\u00edtica","link":"https:\/\/www.hoymercedes.com.ar\/principal\/category\/politica\/"},"img":{"alt_text":"Selva-No-Ips (1)","src":"https:\/\/i0.wp.com\/www.hoymercedes.com.ar\/principal\/wp-content\/uploads\/2015\/02\/Selva-No-Ips-1.jpg?resize=350%2C200","width":350,"height":200,"srcset":"https:\/\/i0.wp.com\/www.hoymercedes.com.ar\/principal\/wp-content\/uploads\/2015\/02\/Selva-No-Ips-1.jpg?resize=350%2C200 1x, https:\/\/i0.wp.com\/www.hoymercedes.com.ar\/principal\/wp-content\/uploads\/2015\/02\/Selva-No-Ips-1.jpg?resize=525%2C300 1.5x"},"classes":[]},{"id":39485,"url":"https:\/\/www.hoymercedes.com.ar\/principal\/2015\/02\/10\/scioli-en-mercedes-inauguro-ips-entrego-escrituras-y-realizo-anuncios\/","url_meta":{"origin":37241,"position":1},"title":"Scioli en Mercedes inaugur\u00f3 IPS, entreg\u00f3 escrituras y realiz\u00f3 anuncios","author":"hoymercedes","date":"10 febrero, 2015","format":false,"excerpt":"El Gobernador de la Provincia de Buenos Aires, Daniel Scioli, estuvo nuevamente en Mercedes y efectu\u00f3 una recorrida por diversos espacios. Primero lo hizo en la avanzada construcci\u00f3n del Centro de Formaci\u00f3n Laboral N\u00b01 de calle 38 y 47. Luego a las nuevas oficinas del Instituto de Previsi\u00f3n Social ubicado\u2026","rel":"","context":"En \u00abPol\u00edtica\u00bb","block_context":{"text":"Pol\u00edtica","link":"https:\/\/www.hoymercedes.com.ar\/principal\/category\/politica\/"},"img":{"alt_text":"","src":"https:\/\/i0.wp.com\/www.hoymercedes.com.ar\/principal\/wp-content\/uploads\/2015\/02\/Scioli-Mercedes005.jpg?resize=350%2C200&ssl=1","width":350,"height":200,"srcset":"https:\/\/i0.wp.com\/www.hoymercedes.com.ar\/principal\/wp-content\/uploads\/2015\/02\/Scioli-Mercedes005.jpg?resize=350%2C200&ssl=1 1x, https:\/\/i0.wp.com\/www.hoymercedes.com.ar\/principal\/wp-content\/uploads\/2015\/02\/Scioli-Mercedes005.jpg?resize=525%2C300&ssl=1 1.5x"},"classes":[]},{"id":32048,"url":"https:\/\/www.hoymercedes.com.ar\/principal\/2014\/04\/22\/alberto-espana-se-reunio-con-titular-de-ips-y-analizo-realidad-mercedina\/","url_meta":{"origin":37241,"position":2},"title":"Alberto Espa\u00f1a se reuni\u00f3 con titular de IPS y analiz\u00f3 realidad mercedina","author":"hoymercedes","date":"22 abril, 2014","format":false,"excerpt":"El diputado provincial mercedino Alberto Espa\u00f1a se reuni\u00f3 con el presidente del Instituto de Previsi\u00f3n Social bonaerense, Mariano Cascallares, con quien analiz\u00f3 distintos proyectos para los vecinos de la ciudad que cobran su jubilaci\u00f3n a trav\u00e9s del organismo. \u201cSabemos que en Mercedes hay muchos vecinos jubilados o pensionados a trav\u00e9s\u2026","rel":"","context":"En \u00abPol\u00edtica\u00bb","block_context":{"text":"Pol\u00edtica","link":"https:\/\/www.hoymercedes.com.ar\/principal\/category\/politica\/"},"img":{"alt_text":"espa\u00f1a-ips","src":"https:\/\/i0.wp.com\/www.hoymercedes.com.ar\/principal\/wp-content\/uploads\/2014\/04\/espa%C3%B1a-ips.jpg?resize=350%2C200","width":350,"height":200,"srcset":"https:\/\/i0.wp.com\/www.hoymercedes.com.ar\/principal\/wp-content\/uploads\/2014\/04\/espa%C3%B1a-ips.jpg?resize=350%2C200 1x, https:\/\/i0.wp.com\/www.hoymercedes.com.ar\/principal\/wp-content\/uploads\/2014\/04\/espa%C3%B1a-ips.jpg?resize=525%2C300 1.5x"},"classes":[]},{"id":176678,"url":"https:\/\/www.hoymercedes.com.ar\/principal\/2024\/06\/24\/ustarroz-y-moretti-inauguran-oficinas-regionales-del-ips-en-mercedes\/","url_meta":{"origin":37241,"position":3},"title":"Ustarroz y Moretti inauguran oficinas regionales del IPS en Mercedes","author":"hoymercedes","date":"24 junio, 2024","format":false,"excerpt":"En nuestra ciudad se llev\u00f3 adelante la apertura de nuevas oficinas del IPS. La apertura la hicieron la m\u00e1xima responsable de la entidad, Marina Moretti y el intendente Ustarroz. Esto brinda un mejor espacio que permitir\u00e1 una mayor y mejor calidad de atenci\u00f3n a los beneficiarios. La atenci\u00f3n es de\u2026","rel":"","context":"En \u00abProvincia\u00bb","block_context":{"text":"Provincia","link":"https:\/\/www.hoymercedes.com.ar\/principal\/category\/provincia\/"},"img":{"alt_text":"Ustarroz y Moretti inauguran oficinas regionales del IPS en Mercedes","src":"https:\/\/i0.wp.com\/www.hoymercedes.com.ar\/principal\/wp-content\/uploads\/2024\/06\/IPS_Mercedes.jpg?resize=350%2C200&ssl=1","width":350,"height":200,"srcset":"https:\/\/i0.wp.com\/www.hoymercedes.com.ar\/principal\/wp-content\/uploads\/2024\/06\/IPS_Mercedes.jpg?resize=350%2C200&ssl=1 1x, https:\/\/i0.wp.com\/www.hoymercedes.com.ar\/principal\/wp-content\/uploads\/2024\/06\/IPS_Mercedes.jpg?resize=525%2C300&ssl=1 1.5x, https:\/\/i0.wp.com\/www.hoymercedes.com.ar\/principal\/wp-content\/uploads\/2024\/06\/IPS_Mercedes.jpg?resize=700%2C400&ssl=1 2x, https:\/\/i0.wp.com\/www.hoymercedes.com.ar\/principal\/wp-content\/uploads\/2024\/06\/IPS_Mercedes.jpg?resize=1050%2C600&ssl=1 3x"},"classes":[]},{"id":124143,"url":"https:\/\/www.hoymercedes.com.ar\/principal\/2021\/01\/31\/muestra-colectiva-en-el-mamm-del-taller-de-miguel-ronsino\/","url_meta":{"origin":37241,"position":4},"title":"Muestra colectiva en el MAMM del taller de Miguel Ronsino","author":"hoymercedes","date":"31 enero, 2021","format":false,"excerpt":"Tal como se anticip\u00f3 en la conferencia de prensa realizada por las autoridades de la Direcci\u00f3n de Cultura de la Municipalidad, con la reapertura protocolizada de los museos volvieron las muestras art\u00edsticas. En el Museo de Arte (MAMM) son dos las muestras que se presentan. La primera se encuentra en\u2026","rel":"","context":"En \u00abCultura\u00bb","block_context":{"text":"Cultura","link":"https:\/\/www.hoymercedes.com.ar\/principal\/category\/cultura\/"},"img":{"alt_text":"","src":"https:\/\/i0.wp.com\/www.hoymercedes.com.ar\/principal\/wp-content\/uploads\/2021\/01\/31-muestra-colectiva-5.jpg?resize=350%2C200&ssl=1","width":350,"height":200,"srcset":"https:\/\/i0.wp.com\/www.hoymercedes.com.ar\/principal\/wp-content\/uploads\/2021\/01\/31-muestra-colectiva-5.jpg?resize=350%2C200&ssl=1 1x, https:\/\/i0.wp.com\/www.hoymercedes.com.ar\/principal\/wp-content\/uploads\/2021\/01\/31-muestra-colectiva-5.jpg?resize=525%2C300&ssl=1 1.5x, https:\/\/i0.wp.com\/www.hoymercedes.com.ar\/principal\/wp-content\/uploads\/2021\/01\/31-muestra-colectiva-5.jpg?resize=700%2C400&ssl=1 2x"},"classes":[]},{"id":41188,"url":"https:\/\/www.hoymercedes.com.ar\/principal\/2015\/04\/27\/desde-el-miercoles-29-jubilados-del-ips-percibiran-los-haberes-de-abril\/","url_meta":{"origin":37241,"position":5},"title":"Desde el mi\u00e9rcoles 29 jubilados del IPS percibir\u00e1n los haberes de Abril","author":"hoymercedes","date":"27 abril, 2015","format":false,"excerpt":"El titular del Centro de atenci\u00f3n Previsional Mercedes del Instituto de Previsi\u00f3n Social (IPS), Diego Silvestre inform\u00f3 que los jubilados y pensionados de la Provincia de Buenos Aires percibir\u00e1n en dos jornadas los haberes correspondientes al mes de Abril, inici\u00e1ndose el mi\u00e9rcoles 29 y concluyendo el jueves 30 del corriente.\u2026","rel":"","context":"En \u00abSociedad\u00bb","block_context":{"text":"Sociedad","link":"https:\/\/www.hoymercedes.com.ar\/principal\/category\/sociedad\/"},"img":{"alt_text":"","src":"https:\/\/i0.wp.com\/www.hoymercedes.com.ar\/principal\/wp-content\/uploads\/2015\/04\/DiegoSilvestre-IPS.jpg?resize=350%2C200&ssl=1","width":350,"height":200,"srcset":"https:\/\/i0.wp.com\/www.hoymercedes.com.ar\/principal\/wp-content\/uploads\/2015\/04\/DiegoSilvestre-IPS.jpg?resize=350%2C200&ssl=1 1x, https:\/\/i0.wp.com\/www.hoymercedes.com.ar\/principal\/wp-content\/uploads\/2015\/04\/DiegoSilvestre-IPS.jpg?resize=525%2C300&ssl=1 1.5x"},"classes":[]}],"_links":{"self":[{"href":"https:\/\/www.hoymercedes.com.ar\/principal\/wp-json\/wp\/v2\/posts\/37241","targetHints":{"allow":["GET"]}}],"collection":[{"href":"https:\/\/www.hoymercedes.com.ar\/principal\/wp-json\/wp\/v2\/posts"}],"about":[{"href":"https:\/\/www.hoymercedes.com.ar\/principal\/wp-json\/wp\/v2\/types\/post"}],"author":[{"embeddable":true,"href":"https:\/\/www.hoymercedes.com.ar\/principal\/wp-json\/wp\/v2\/users\/1"}],"replies":[{"embeddable":true,"href":"https:\/\/www.hoymercedes.com.ar\/principal\/wp-json\/wp\/v2\/comments?post=37241"}],"version-history":[{"count":0,"href":"https:\/\/www.hoymercedes.com.ar\/principal\/wp-json\/wp\/v2\/posts\/37241\/revisions"}],"wp:attachment":[{"href":"https:\/\/www.hoymercedes.com.ar\/principal\/wp-json\/wp\/v2\/media?parent=37241"}],"wp:term":[{"taxonomy":"category","embeddable":true,"href":"https:\/\/www.hoymercedes.com.ar\/principal\/wp-json\/wp\/v2\/categories?post=37241"},{"taxonomy":"post_tag","embeddable":true,"href":"https:\/\/www.hoymercedes.com.ar\/principal\/wp-json\/wp\/v2\/tags?post=37241"}],"curies":[{"name":"wp","href":"https:\/\/api.w.org\/{rel}","templated":true}]}}