{"id":37245,"date":"2014-10-28T19:09:41","date_gmt":"2014-10-28T22:09:41","guid":{"rendered":"http:\/\/www.hoymercedes.com.ar\/principal\/?p=37245"},"modified":"2014-10-28T19:10:17","modified_gmt":"2014-10-28T22:10:17","slug":"mic-el-municipio-manda-basura-al-ceamse-ninguneando-al-concejo-deliberante","status":"publish","type":"post","link":"https:\/\/www.hoymercedes.com.ar\/principal\/2014\/10\/28\/mic-el-municipio-manda-basura-al-ceamse-ninguneando-al-concejo-deliberante\/","title":{"rendered":"MIC: \u00abEl municipio manda basura al Ceamse ninguneando al Concejo Deliberante\u00bb"},"content":{"rendered":"<div><a href=\"https:\/\/www.hoymercedes.com.ar\/principal\/wp-content\/uploads\/2014\/10\/cestari-badano.vidal-pro.jpg\"><img loading=\"lazy\" decoding=\"async\" data-attachment-id=\"37246\" data-permalink=\"https:\/\/www.hoymercedes.com.ar\/principal\/2014\/10\/28\/mic-el-municipio-manda-basura-al-ceamse-ninguneando-al-concejo-deliberante\/cestari-badano-vidal-pro\/#main\" data-orig-file=\"https:\/\/www.hoymercedes.com.ar\/principal\/wp-content\/uploads\/2014\/10\/cestari-badano.vidal-pro.jpg\" data-orig-size=\"620,465\" data-comments-opened=\"1\" data-image-meta=\"{&quot;aperture&quot;:&quot;0&quot;,&quot;credit&quot;:&quot;&quot;,&quot;camera&quot;:&quot;&quot;,&quot;caption&quot;:&quot;&quot;,&quot;created_timestamp&quot;:&quot;0&quot;,&quot;copyright&quot;:&quot;&quot;,&quot;focal_length&quot;:&quot;0&quot;,&quot;iso&quot;:&quot;0&quot;,&quot;shutter_speed&quot;:&quot;0&quot;,&quot;title&quot;:&quot;&quot;,&quot;orientation&quot;:&quot;0&quot;}\" data-image-title=\"cestari-badano.vidal-pro\" data-image-description=\"\" data-image-caption=\"\" data-large-file=\"https:\/\/www.hoymercedes.com.ar\/principal\/wp-content\/uploads\/2014\/10\/cestari-badano.vidal-pro.jpg\" class=\"Img2014 aligncenter wp-image-37246 size-full\" src=\"https:\/\/www.hoymercedes.com.ar\/principal\/wp-content\/uploads\/2014\/10\/cestari-badano.vidal-pro.jpg\" alt=\"cestari-badano.vidal-pro\" width=\"620\" height=\"465\" \/><\/a><\/div>\n<div><em><strong>El espacio del MIC afirman que el Municipio no est\u00e1 respetando una determinaci\u00f3n del Concejo Deliberante, de ah\u00ed que afirmen que env\u00eda la comuna basura al CEAMSE \u00abNinguneando\u00bb al cuerpo deliberativo. Sostienen que existe un proyecto, l\u00f3gicamente aprobado, que no est\u00e1 siendo considerado.<\/strong><\/em><\/div>\n<div><\/div>\n<div>Desde el MIC dan a conocer el proyecto que permite la afirmaci\u00f3n que realizan: \u00abEl municipio env\u00eda basuta al CEAMSe ninguneando al Honorable Concejo Deliberante\u00bb. El proyecto del MIC es el siguiente:<\/div>\n<div><\/div>\n<div style=\"padding-left: 60px;\">\u00a0EXPEDIENTE 102.14. APROBADO POR UNANIMIDAD POR EL HCD.<\/div>\n<div style=\"padding-left: 60px;\"><\/div>\n<div style=\"padding-left: 60px;\">VISTO<\/div>\n<div style=\"padding-left: 60px;\">El anuncio del Secretario de Obras y Servicios P\u00fablicos de la Municipalidad de Mercedes respecto a un convenio firmado entre el CEAMSE ((Coordinaci\u00f3n Ecol\u00f3gica \u00c1rea Metropolitana Sociedad del Estado) y el Municipio relacionado el destino de los residuos s\u00f3lidos urbanos que se generan en Mercedes.<\/div>\n<div style=\"padding-left: 60px;\">CONSIDERANDO<br \/>\nQue en esta sociedad en la que vivimos utilizamos recursos naturales y arrojamos desechos, en gran parte sin tratamiento previo, agrediendo al ambiente mercedino.<br \/>\nQue el gobierno Municipal decidi\u00f3 que los vecinos separen en el hogar los residuos s\u00f3lidos domiciliarios clasific\u00e1ndolos en secos y h\u00famedos.<br \/>\nQue la Planta de Tratamiento de Residuos S\u00f3lidos Urbanos, que trajo una oposici\u00f3n justa por parte de los vecinos de La Florida, se inaugur\u00f3 y nunca alcanz\u00f3 a procesar la totalidad de la basura que llevan los veh\u00edculos municipales de domingo a jueves.<br \/>\nQue la zona de recolecci\u00f3n se ampli\u00f3 y la situaci\u00f3n sigui\u00f3 satur\u00e1ndose.<br \/>\nQue el Municipio comenz\u00f3 a colocar contenedores, de color verde en diferentes lugares del partido de Mercedes.<br \/>\nQue cada vez hay m\u00e1s basurales clandestinos desde 1983, las dos gestiones municipales que gobernaron no pudieron solucionar la problem\u00e1tica.<br \/>\nQue en el Presupuesto 2014, aprobado por mayor\u00eda, hay $ 2.100.000 que se destinar\u00edan a disposici\u00f3n final de residuos: otros servicios.<br \/>\nAnte lo expuesto el Bloque MIC promueve el siguiente Proyecto de:<br \/>\nRESOLUCI\u00d3N.<br \/>\nArt. 1\u00b0. El HCD se dirige el DE, para que a trav\u00e9s del \u00e1rea correspondiente, informe:<br \/>\na) Si se firm\u00f3 un Convenio entre el Municipio de Mercedes y el CEAMSE (Coordinaci\u00f3n Ecol\u00f3gica \u00c1rea Metropolitana Sociedad del Estado)<br \/>\nb) \u00bfA qu\u00e9 se comprometen ambas partes en dicho convenio?<br \/>\nc) Detalle el presupuesto de gastos que tendr\u00eda el Municipio (Infraestructura, servicios de transporte, canon que recibe el CEAMSE, etc.) para afrontar este Convenio.<br \/>\nArt. 2\u00b0. Los Visto y Considerando forman parte de la presente.<br \/>\nArt. 3\u00b0. De forma.<\/p>\n<p>JUAN CARLOS BADANO \u00a0\u00a0\u00a0\u00a0\u00a0\u00a0\u00a0\u00a0\u00a0\u00a0\u00a0\u00a0\u00a0\u00a0\u00a0\u00a0\u00a0\u00a0\u00a0\u00a0\u00a0\u00a0\u00a0\u00a0\u00a0\u00a0\u00a0\u00a0\u00a0\u00a0<wbr \/>\u00a0\u00a0\u00a0\u00a0\u00a0\u00a0\u00a0\u00a0\u00a0\u00a0 JOS\u00c9 MAR\u00cdA CESTARI<\/div>\n<div style=\"padding-left: 60px;\"><\/div>\n<div style=\"padding-left: 60px;\">RESPUESTA DEL EJECUTIVO 1) El Municipio de Mercedes, efect\u00fao,convenio con el CEAMSE desde el 1\/3\/2014, con el objeto que dicho ente preste el servicio de recepci\u00f3n, tratamiento y disposici\u00f3n final de residuos s\u00f3lidos urbanos a raz\u00f3n de 25 tn diarias en el complejo ambiental Norte III, el cual viene siendo cumplido con el traslado de residuos por parte de este municipio.<\/div>\n<div style=\"padding-left: 60px;\">RESPUESTA INCONCLUSA.<\/div>\n","protected":false},"excerpt":{"rendered":"<p>El espacio del MIC afirman que el Municipio no est\u00e1 respetando una determinaci\u00f3n del Concejo Deliberante, de ah\u00ed que afirmen &#8230; <a title=\"MIC: \u00abEl municipio manda basura al Ceamse ninguneando al Concejo Deliberante\u00bb\" class=\"read-more\" href=\"https:\/\/www.hoymercedes.com.ar\/principal\/2014\/10\/28\/mic-el-municipio-manda-basura-al-ceamse-ninguneando-al-concejo-deliberante\/\" aria-label=\"Leer m\u00e1s sobre MIC: \u00abEl municipio manda basura al Ceamse ninguneando al Concejo Deliberante\u00bb\">Leer m\u00e1s<\/a><\/p>\n","protected":false},"author":1,"featured_media":0,"comment_status":"open","ping_status":"open","sticky":false,"template":"","format":"standard","meta":{"_monsterinsights_skip_tracking":false,"_monsterinsights_sitenote_active":false,"_monsterinsights_sitenote_note":"","_monsterinsights_sitenote_category":0,"jetpack_post_was_ever_published":false,"_jetpack_newsletter_access":"","_jetpack_dont_email_post_to_subs":false,"_jetpack_newsletter_tier_id":0,"_jetpack_memberships_contains_paywalled_content":false,"_jetpack_memberships_contains_paid_content":false,"footnotes":"","jetpack_publicize_message":"","jetpack_publicize_feature_enabled":true,"jetpack_social_post_already_shared":false,"jetpack_social_options":{"image_generator_settings":{"template":"highway","default_image_id":0,"font":"","enabled":false},"version":2},"_wpas_customize_per_network":false},"categories":[5],"tags":[321,4098,6315],"class_list":["post-37245","post","type-post","status-publish","format-standard","hentry","category-politica","tag-jose-cestari","tag-juan-carlos-badano","tag-maria-eugenia-vidal","generate-columns","tablet-grid-50","mobile-grid-100","grid-parent","grid-50"],"jetpack_publicize_connections":[],"jetpack_featured_media_url":"","wps_subtitle":"Politica ambiental","jetpack_sharing_enabled":true,"jetpack-related-posts":[{"id":35961,"url":"https:\/\/www.hoymercedes.com.ar\/principal\/2014\/09\/11\/mic-con-el-tarifazo-del-gas-el-intento-del-aumento-de-las-tasas-y-el-incumplimiento-de-ordenanzas-no-se-mejora-la-calidad-de-vida-de-los-mercedinos\/","url_meta":{"origin":37245,"position":0},"title":"MIC: \u00abCon el tarifazo del gas, el intento del aumento de las tasas y el incumplimiento de Ordenanzas no se mejora la calidad de vida de los mercedinos\u00bb","author":"hoymercedes","date":"11 septiembre, 2014","format":false,"excerpt":"Por MIC Mercedes -\u00a0 El lunes 8 de septiembre se llev\u00f3 a cabo una nueva Sesi\u00f3n Ordinaria en el Honorable Concejo Deliberante. Hizo uso de la Banca Participativa una integrante de S.O.S. H\u00e1bitat (Natalia Solari), entre los conceptos m\u00e1s importantes se pueden destacar: No al dragado del r\u00edo Luj\u00e1n ya\u2026","rel":"","context":"En \u00abPol\u00edtica\u00bb","block_context":{"text":"Pol\u00edtica","link":"https:\/\/www.hoymercedes.com.ar\/principal\/category\/politica\/"},"img":{"alt_text":"cestari-badano","src":"https:\/\/i0.wp.com\/www.hoymercedes.com.ar\/principal\/wp-content\/uploads\/2014\/09\/cestari-badano.jpg?resize=350%2C200","width":350,"height":200,"srcset":"https:\/\/i0.wp.com\/www.hoymercedes.com.ar\/principal\/wp-content\/uploads\/2014\/09\/cestari-badano.jpg?resize=350%2C200 1x, https:\/\/i0.wp.com\/www.hoymercedes.com.ar\/principal\/wp-content\/uploads\/2014\/09\/cestari-badano.jpg?resize=525%2C300 1.5x"},"classes":[]},{"id":30751,"url":"https:\/\/www.hoymercedes.com.ar\/principal\/2014\/03\/14\/mic-que-hacemos-con-la-basura-en-mercedes\/","url_meta":{"origin":37245,"position":1},"title":"MIC: \u00bfQu\u00e9 hacemos con la basura en Mercedes?","author":"hoymercedes","date":"14 marzo, 2014","format":false,"excerpt":"Por MIC Mercedes \/\/ En esta sociedad en la que vivimos utilizamos recursos naturales y arrojamos desechos, en gran parte sin tratamiento previo, agrediendo al ambiente mercedino. El gobierno Municipal decidi\u00f3 que los vecinos separen en el hogar los residuos s\u00f3lidos domiciliarios clasific\u00e1ndolos en secos y h\u00famedos. La Planta de\u2026","rel":"","context":"En \u00abPol\u00edtica\u00bb","block_context":{"text":"Pol\u00edtica","link":"https:\/\/www.hoymercedes.com.ar\/principal\/category\/politica\/"},"img":{"alt_text":"","src":"","width":0,"height":0},"classes":[]},{"id":128212,"url":"https:\/\/www.hoymercedes.com.ar\/principal\/2021\/04\/15\/municipio-y-ceamse-firman-convenio-para-cuidado-ambiental-y-tratamiento-de-residuos\/","url_meta":{"origin":37245,"position":2},"title":"Municipio y CEAMSE firman convenio para cuidado ambiental y tratamiento de residuos","author":"hoymercedes","date":"15 abril, 2021","format":false,"excerpt":"El intendente Dr. Juan I. Ustarroz firm\u00f3 convenio con el CEAMSE con el objetivo de seguir trabajando por una ciudad ambientalmente sostenible y sustentable.\u00a0La rubrica fue en el palacio municipal con la presencia de \u00a0la Presidenta de la instituci\u00f3n, M\u00f3nica Capellini. El encuentro permiti\u00f3 ratificar las tareas que se vienen\u2026","rel":"","context":"En \u00abMunicipio\u00bb","block_context":{"text":"Municipio","link":"https:\/\/www.hoymercedes.com.ar\/principal\/category\/municipio\/"},"img":{"alt_text":"","src":"https:\/\/i0.wp.com\/www.hoymercedes.com.ar\/principal\/wp-content\/uploads\/2021\/04\/WhatsApp-Image-2021-04-12-at-20.42.26-1.jpeg?resize=350%2C200&ssl=1","width":350,"height":200,"srcset":"https:\/\/i0.wp.com\/www.hoymercedes.com.ar\/principal\/wp-content\/uploads\/2021\/04\/WhatsApp-Image-2021-04-12-at-20.42.26-1.jpeg?resize=350%2C200&ssl=1 1x, https:\/\/i0.wp.com\/www.hoymercedes.com.ar\/principal\/wp-content\/uploads\/2021\/04\/WhatsApp-Image-2021-04-12-at-20.42.26-1.jpeg?resize=525%2C300&ssl=1 1.5x, https:\/\/i0.wp.com\/www.hoymercedes.com.ar\/principal\/wp-content\/uploads\/2021\/04\/WhatsApp-Image-2021-04-12-at-20.42.26-1.jpeg?resize=700%2C400&ssl=1 2x, https:\/\/i0.wp.com\/www.hoymercedes.com.ar\/principal\/wp-content\/uploads\/2021\/04\/WhatsApp-Image-2021-04-12-at-20.42.26-1.jpeg?resize=1050%2C600&ssl=1 3x"},"classes":[]},{"id":37802,"url":"https:\/\/www.hoymercedes.com.ar\/principal\/2014\/11\/17\/mic-alerta-sobre-barurero-en-ruta-n41\/","url_meta":{"origin":37245,"position":3},"title":"MIC alerta sobre barurero en Ruta N\u00b041","author":"hoymercedes","date":"17 noviembre, 2014","format":false,"excerpt":"Jos\u00e9 Cestari y Juan Carlos Badano presentaron un proyecto en reclamo por la cantidad de basura que se acumula al lado del destacamento policial de Ruta N\u00b041 haciendo directamente responsable a la comuna por el estado de situaci\u00f3n.\u00a0 Desde el MIC Alertan el peligro que ello implica, desde la acumulaci\u00f3n\u2026","rel":"","context":"En \u00abPol\u00edtica\u00bb","block_context":{"text":"Pol\u00edtica","link":"https:\/\/www.hoymercedes.com.ar\/principal\/category\/politica\/"},"img":{"alt_text":"basurero-ruta41","src":"https:\/\/i0.wp.com\/www.hoymercedes.com.ar\/principal\/wp-content\/uploads\/2014\/11\/basurero-ruta41.jpg?resize=350%2C200","width":350,"height":200,"srcset":"https:\/\/i0.wp.com\/www.hoymercedes.com.ar\/principal\/wp-content\/uploads\/2014\/11\/basurero-ruta41.jpg?resize=350%2C200 1x, https:\/\/i0.wp.com\/www.hoymercedes.com.ar\/principal\/wp-content\/uploads\/2014\/11\/basurero-ruta41.jpg?resize=525%2C300 1.5x"},"classes":[]},{"id":60380,"url":"https:\/\/www.hoymercedes.com.ar\/principal\/2017\/03\/07\/cestari-lamento-mucho-que-no-se-haya-invitado-al-concejo-deliberante\/","url_meta":{"origin":37245,"position":4},"title":"Cestari: \u00abLamento mucho que no se haya invitado al Concejo Deliberante\u00bb","author":"hoymercedes","date":"7 marzo, 2017","format":false,"excerpt":"Luego de la reuni\u00f3n que el Jefe Comunal llev\u00f3 adelante con autoridades educativas y el CEAMSE, el\u00a0Concejal Jos\u00e9 Cestari expres\u00f3 su opini\u00f3n a trav\u00e9s de una comunicaci\u00f3n enviada a los medios de comunicaci\u00f3n de la ciudad. En ella manifest\u00f3: \u201cCelebro que se trabaje desde el Estado para mejorar el ambiente,\u2026","rel":"","context":"En \u00abPol\u00edtica\u00bb","block_context":{"text":"Pol\u00edtica","link":"https:\/\/www.hoymercedes.com.ar\/principal\/category\/politica\/"},"img":{"alt_text":"","src":"https:\/\/i0.wp.com\/www.hoymercedes.com.ar\/principal\/wp-content\/uploads\/2017\/03\/07-Jose-Cesati.jpg?resize=350%2C200&ssl=1","width":350,"height":200,"srcset":"https:\/\/i0.wp.com\/www.hoymercedes.com.ar\/principal\/wp-content\/uploads\/2017\/03\/07-Jose-Cesati.jpg?resize=350%2C200&ssl=1 1x, https:\/\/i0.wp.com\/www.hoymercedes.com.ar\/principal\/wp-content\/uploads\/2017\/03\/07-Jose-Cesati.jpg?resize=525%2C300&ssl=1 1.5x"},"classes":[]},{"id":32839,"url":"https:\/\/www.hoymercedes.com.ar\/principal\/2014\/05\/13\/comision-de-planeamiento-del-h-c-d-trabajo-entorno-al-medio-ambiente-y-la-basura\/","url_meta":{"origin":37245,"position":5},"title":"Comisi\u00f3n de Planeamiento del H.C.D trabajo alrededor del Medio Ambiente y la Basura","author":"hoymercedes","date":"13 mayo, 2014","format":false,"excerpt":"Durante la ma\u00f1ana de \u00e9ste martes se reuni\u00f3 la Comisi\u00f3n de Planeamiento del Concejo Deliberante en un encuentro especial ya que estuvo dedicado al medio ambiente y la basura de nuestra ciudad. La comisi\u00f3n est\u00e1 presidida por Jos\u00e9 Cestari. Participaron de ella Guillermo Hern\u00e1ndez, licenciado en Gesti\u00f3n Ambiental y Juan\u2026","rel":"","context":"En \u00abPol\u00edtica\u00bb","block_context":{"text":"Pol\u00edtica","link":"https:\/\/www.hoymercedes.com.ar\/principal\/category\/politica\/"},"img":{"alt_text":"ConcejoDeliberante-Comisi\u00f3nPlaneamiento (2)","src":"https:\/\/i0.wp.com\/www.hoymercedes.com.ar\/principal\/wp-content\/uploads\/2014\/05\/ConcejoDeliberante-Comisi%C3%B3nPlaneamiento-2.jpg?resize=350%2C200","width":350,"height":200,"srcset":"https:\/\/i0.wp.com\/www.hoymercedes.com.ar\/principal\/wp-content\/uploads\/2014\/05\/ConcejoDeliberante-Comisi%C3%B3nPlaneamiento-2.jpg?resize=350%2C200 1x, https:\/\/i0.wp.com\/www.hoymercedes.com.ar\/principal\/wp-content\/uploads\/2014\/05\/ConcejoDeliberante-Comisi%C3%B3nPlaneamiento-2.jpg?resize=525%2C300 1.5x"},"classes":[]}],"_links":{"self":[{"href":"https:\/\/www.hoymercedes.com.ar\/principal\/wp-json\/wp\/v2\/posts\/37245","targetHints":{"allow":["GET"]}}],"collection":[{"href":"https:\/\/www.hoymercedes.com.ar\/principal\/wp-json\/wp\/v2\/posts"}],"about":[{"href":"https:\/\/www.hoymercedes.com.ar\/principal\/wp-json\/wp\/v2\/types\/post"}],"author":[{"embeddable":true,"href":"https:\/\/www.hoymercedes.com.ar\/principal\/wp-json\/wp\/v2\/users\/1"}],"replies":[{"embeddable":true,"href":"https:\/\/www.hoymercedes.com.ar\/principal\/wp-json\/wp\/v2\/comments?post=37245"}],"version-history":[{"count":0,"href":"https:\/\/www.hoymercedes.com.ar\/principal\/wp-json\/wp\/v2\/posts\/37245\/revisions"}],"wp:attachment":[{"href":"https:\/\/www.hoymercedes.com.ar\/principal\/wp-json\/wp\/v2\/media?parent=37245"}],"wp:term":[{"taxonomy":"category","embeddable":true,"href":"https:\/\/www.hoymercedes.com.ar\/principal\/wp-json\/wp\/v2\/categories?post=37245"},{"taxonomy":"post_tag","embeddable":true,"href":"https:\/\/www.hoymercedes.com.ar\/principal\/wp-json\/wp\/v2\/tags?post=37245"}],"curies":[{"name":"wp","href":"https:\/\/api.w.org\/{rel}","templated":true}]}}