{"id":37255,"date":"2014-10-28T21:08:17","date_gmt":"2014-10-29T00:08:17","guid":{"rendered":"http:\/\/www.hoymercedes.com.ar\/principal\/?p=37255"},"modified":"2014-10-28T21:15:27","modified_gmt":"2014-10-29T00:15:27","slug":"selva-celebro-el-aniversario-del-triunfo-junto-a-massa","status":"publish","type":"post","link":"https:\/\/www.hoymercedes.com.ar\/principal\/2014\/10\/28\/selva-celebro-el-aniversario-del-triunfo-junto-a-massa\/","title":{"rendered":"Selva celebr\u00f3 el aniversario del triunfo junto a Massa"},"content":{"rendered":"<p><a href=\"https:\/\/www.hoymercedes.com.ar\/principal\/wp-content\/uploads\/2014\/10\/selva-massa.jpg\"><img loading=\"lazy\" decoding=\"async\" data-attachment-id=\"37256\" data-permalink=\"https:\/\/www.hoymercedes.com.ar\/principal\/2014\/10\/28\/selva-celebro-el-aniversario-del-triunfo-junto-a-massa\/selva-massa-11\/#main\" data-orig-file=\"https:\/\/www.hoymercedes.com.ar\/principal\/wp-content\/uploads\/2014\/10\/selva-massa.jpg\" data-orig-size=\"620,414\" data-comments-opened=\"1\" data-image-meta=\"{&quot;aperture&quot;:&quot;0&quot;,&quot;credit&quot;:&quot;&quot;,&quot;camera&quot;:&quot;&quot;,&quot;caption&quot;:&quot;&quot;,&quot;created_timestamp&quot;:&quot;0&quot;,&quot;copyright&quot;:&quot;&quot;,&quot;focal_length&quot;:&quot;0&quot;,&quot;iso&quot;:&quot;0&quot;,&quot;shutter_speed&quot;:&quot;0&quot;,&quot;title&quot;:&quot;&quot;,&quot;orientation&quot;:&quot;0&quot;}\" data-image-title=\"selva-massa\" data-image-description=\"\" data-image-caption=\"\" data-large-file=\"https:\/\/www.hoymercedes.com.ar\/principal\/wp-content\/uploads\/2014\/10\/selva-massa.jpg\" class=\"Img2014 aligncenter wp-image-37256 size-full\" src=\"https:\/\/www.hoymercedes.com.ar\/principal\/wp-content\/uploads\/2014\/10\/selva-massa.jpg\" alt=\"selva-massa\" width=\"620\" height=\"414\" \/><\/a><\/p>\n<p><em><strong>El intendente Carlos Selva particip\u00f3 este lunes del acto aniversario del triunfo obtenido por el Frente Renovador en las elecciones legislativas en la provincia de Buenos Aires.<\/strong><\/em><\/p>\n<p>Hace un a\u00f1o fue la sorpresa electoral en la Provincia, y con su triunfo sobre el kirchnerismo se cerr\u00f3 definitivamente el proyecto de reforma constitucional y reelecci\u00f3n de la Presidenta. Ayer, Sergio Massa convoc\u00f3 a los suyos al Rinc\u00f3n de Milberg en el Tigre, justamente, para celebrar este primer aniversario de una victoria que adem\u00e1s lo coloc\u00f3 en la carrera para 2015.<\/p>\n<p>Delante de cientos de dirigentes llegados hasta su pago chico, Tigre, para el festejo, Massa le peg\u00f3 fuerte al Gobierno: \u201cLa inflaci\u00f3n est\u00e1 destruyendo salarios y jubilaciones. Yo le pregunto al Gobierno: \u00bfQu\u00e9 tiene de nacional y popular un 40 por ciento de inflaci\u00f3n?\u201d, se despach\u00f3.<\/p>\n<p>El diputado y l\u00edder del Frente Renovador record\u00f3 el punto de inflexi\u00f3n de las legislativas, que \u201cnos permiti\u00f3 patear un hormiguero\u201d, y en otra cr\u00edtica al oficialismo agradeci\u00f3 a los intendentes y dirigentes que se sumaron a su espacio y pudieron \u201csaltar por fuera de la pol\u00edtica del l\u00e1tigo y de la chequera\u201d.<\/p>\n<p>Detr\u00e1s suyo, en una pared, un cartel de led mostraba la cuenta regresiva, ya un cl\u00e1sico de la campa\u00f1a massista, hacia el final de mandato de la Presidenta: \u201cFaltan 409 d\u00edas\u201d.<\/p>\n<p>\u201cFue un encuentro de dirigentes que m\u00e1s all\u00e1 de recordar el triunfo del a\u00f1o pasado donde la gente nos dio su confianza con el voto popular, tambi\u00e9n es seguir trabajando porque estamos a un a\u00f1o de lo que puede ser otro triunfo hist\u00f3rico. Tenemos que trabajar fuerte para ello y Sergio es el primer convencido que esto debe ser as\u00ed\u201d, sostuvo a su regreso el intendente Carlos Selva.<\/p>\n","protected":false},"excerpt":{"rendered":"<p>El intendente Carlos Selva particip\u00f3 este lunes del acto aniversario del triunfo obtenido por el Frente Renovador en las elecciones &#8230; <a title=\"Selva celebr\u00f3 el aniversario del triunfo junto a Massa\" class=\"read-more\" href=\"https:\/\/www.hoymercedes.com.ar\/principal\/2014\/10\/28\/selva-celebro-el-aniversario-del-triunfo-junto-a-massa\/\" aria-label=\"Leer m\u00e1s sobre Selva celebr\u00f3 el aniversario del triunfo junto a Massa\">Leer m\u00e1s<\/a><\/p>\n","protected":false},"author":1,"featured_media":0,"comment_status":"open","ping_status":"open","sticky":false,"template":"","format":"standard","meta":{"_monsterinsights_skip_tracking":false,"_monsterinsights_sitenote_active":false,"_monsterinsights_sitenote_note":"","_monsterinsights_sitenote_category":0,"jetpack_post_was_ever_published":false,"_jetpack_newsletter_access":"","_jetpack_dont_email_post_to_subs":false,"_jetpack_newsletter_tier_id":0,"_jetpack_memberships_contains_paywalled_content":false,"_jetpack_memberships_contains_paid_content":false,"footnotes":"","jetpack_publicize_message":"","jetpack_publicize_feature_enabled":true,"jetpack_social_post_already_shared":false,"jetpack_social_options":{"image_generator_settings":{"template":"highway","default_image_id":0,"font":"","enabled":false},"version":2},"_wpas_customize_per_network":false},"categories":[5],"tags":[39,6316,2684],"class_list":["post-37255","post","type-post","status-publish","format-standard","hentry","category-politica","tag-carlos-selva","tag-selva-celebro-el-aniversario-del-triunfo-junto-a-massa","tag-sergio-massa","generate-columns","tablet-grid-50","mobile-grid-100","grid-parent","grid-50"],"jetpack_publicize_connections":[],"jetpack_featured_media_url":"","wps_subtitle":"Pol\u00edtica provincial","jetpack_sharing_enabled":true,"jetpack-related-posts":[{"id":19165,"url":"https:\/\/www.hoymercedes.com.ar\/principal\/2013\/01\/02\/selva-compartio-escenario-con-sergio-massa\/","url_meta":{"origin":37255,"position":0},"title":"Selva comparti\u00f3 escenario con Sergio Massa","author":"hoymercedes","date":"2 enero, 2013","format":false,"excerpt":"Carlos Selva volvi\u00f3 a compartir un encuentro con el intendente de Tigre, Sergio Massa. Se trat\u00f3 de un acto en tierra de Massa donde cerraron el a\u00f1o pensando en lo que ser\u00e1 el 2013 que ya se encuentra calentando los motores pol\u00edticos de lo que ser\u00e1n las elecciones legislativas. En\u2026","rel":"","context":"En \u00abPol\u00edtica\u00bb","block_context":{"text":"Pol\u00edtica","link":"https:\/\/www.hoymercedes.com.ar\/principal\/category\/politica\/"},"img":{"alt_text":"Carlos Selva junto a Sergio Massa","src":"https:\/\/i0.wp.com\/www.hoymercedes.com.ar\/principal\/wp-content\/uploads\/2013\/01\/massa-scioli.II_.jpg?resize=350%2C200","width":350,"height":200,"srcset":"https:\/\/i0.wp.com\/www.hoymercedes.com.ar\/principal\/wp-content\/uploads\/2013\/01\/massa-scioli.II_.jpg?resize=350%2C200 1x, https:\/\/i0.wp.com\/www.hoymercedes.com.ar\/principal\/wp-content\/uploads\/2013\/01\/massa-scioli.II_.jpg?resize=525%2C300 1.5x"},"classes":[]},{"id":15524,"url":"https:\/\/www.hoymercedes.com.ar\/principal\/2012\/08\/24\/selva-en-brasil-con-sergio-massa\/","url_meta":{"origin":37255,"position":1},"title":"Selva: \u00bfen Brasil con Sergio Massa?","author":"hoymercedes","date":"24 agosto, 2012","format":false,"excerpt":"El intendente local, Carlos Selva, estar\u00eda presente junto a Sergio Massa, qui\u00e9n lo habr\u00eda invitado especialmente, en un encuentro en el vecino pa\u00eds de Brasil de administradores de todo el continente. Una actividad pol\u00edtica y propia de quienes comparten una acci\u00f3n es el hecho de encontrase e intercambiar experiencias. Todas\u2026","rel":"","context":"En \u00abPol\u00edtica\u00bb","block_context":{"text":"Pol\u00edtica","link":"https:\/\/www.hoymercedes.com.ar\/principal\/category\/politica\/"},"img":{"alt_text":"","src":"","width":0,"height":0},"classes":[]},{"id":26875,"url":"https:\/\/www.hoymercedes.com.ar\/principal\/2013\/10\/25\/selva-y-bozzini-en-cierre-de-capana-de-massa-en-tigre\/","url_meta":{"origin":37255,"position":2},"title":"Selva y Bozzini en cierre de capa\u00f1a de Massa en Tigre","author":"hoymercedes","date":"25 octubre, 2013","format":false,"excerpt":"El intendente Carlos Selva, junto con el primer candidato a concejal del Frente Renovador Ricardo Bozzini, particip\u00f3 del cierre de campa\u00f1a de Sergio Massa en la localidad de Tigre. Massa hizo su cierre de campa\u00f1a de forma muy cuidada y m\u00f3dica en un microestadio de Pacheco, partido de Tigre. Hacia\u2026","rel":"","context":"En \u00abPol\u00edtica\u00bb","block_context":{"text":"Pol\u00edtica","link":"https:\/\/www.hoymercedes.com.ar\/principal\/category\/politica\/"},"img":{"alt_text":"bozzinicierre","src":"https:\/\/i0.wp.com\/www.hoymercedes.com.ar\/principal\/wp-content\/uploads\/2013\/10\/bozzinicierre.jpg?resize=350%2C200","width":350,"height":200,"srcset":"https:\/\/i0.wp.com\/www.hoymercedes.com.ar\/principal\/wp-content\/uploads\/2013\/10\/bozzinicierre.jpg?resize=350%2C200 1x, https:\/\/i0.wp.com\/www.hoymercedes.com.ar\/principal\/wp-content\/uploads\/2013\/10\/bozzinicierre.jpg?resize=525%2C300 1.5x"},"classes":[]},{"id":25410,"url":"https:\/\/www.hoymercedes.com.ar\/principal\/2013\/08\/31\/selva-junto-a-sergio-massa-en-congreso-internacional-en-tigre\/","url_meta":{"origin":37255,"position":3},"title":"Selva junto a Sergio Massa en congreso internacional en Tigre","author":"hoymercedes","date":"31 agosto, 2013","format":false,"excerpt":"El intendente Carlos Selva particip\u00f3, junto a Sergio Massa, de la apertura del Primer Congreso Internacional de Educaci\u00f3n Inclusiva que se desarrolla hasta el domingo en la localidad de Tigre. El primer mandatario local estuvo en la presentaci\u00f3n oficial de este Congreso, que cuenta con referentes de todo el pa\u00eds\u2026","rel":"","context":"En \u00abPol\u00edtica\u00bb","block_context":{"text":"Pol\u00edtica","link":"https:\/\/www.hoymercedes.com.ar\/principal\/category\/politica\/"},"img":{"alt_text":"Carlos Selva en Tigre","src":"https:\/\/i0.wp.com\/www.hoymercedes.com.ar\/principal\/wp-content\/uploads\/2013\/08\/selvaentigre.jpg?resize=350%2C200","width":350,"height":200,"srcset":"https:\/\/i0.wp.com\/www.hoymercedes.com.ar\/principal\/wp-content\/uploads\/2013\/08\/selvaentigre.jpg?resize=350%2C200 1x, https:\/\/i0.wp.com\/www.hoymercedes.com.ar\/principal\/wp-content\/uploads\/2013\/08\/selvaentigre.jpg?resize=525%2C300 1.5x"},"classes":[]},{"id":105577,"url":"https:\/\/www.hoymercedes.com.ar\/principal\/2020\/01\/23\/selva-junto-a-intendentes-de-corrientes\/","url_meta":{"origin":37255,"position":4},"title":"Selva junto a Intendentes de Corrientes","author":"hoymercedes","date":"23 enero, 2020","format":false,"excerpt":"El presidente de la C\u00e1mara de Diputados, Sergio Massa, junto a su par Carlos Selva, recibi\u00f3 este martes a jefes comunales de la provincia de Corrientes, con los que comparti\u00f3 inquietudes respecto a la situaci\u00f3n actual que atraviesan en sus municipios. Durante el almuerzo, los intendentes destacaron \u00abla necesidad de\u2026","rel":"","context":"En \u00abPol\u00edtica Nacional\u00bb","block_context":{"text":"Pol\u00edtica Nacional","link":"https:\/\/www.hoymercedes.com.ar\/principal\/category\/politica-nacional\/"},"img":{"alt_text":"","src":"https:\/\/i0.wp.com\/www.hoymercedes.com.ar\/principal\/wp-content\/uploads\/2020\/01\/23-selva-1.jpg?resize=350%2C200&ssl=1","width":350,"height":200,"srcset":"https:\/\/i0.wp.com\/www.hoymercedes.com.ar\/principal\/wp-content\/uploads\/2020\/01\/23-selva-1.jpg?resize=350%2C200&ssl=1 1x, https:\/\/i0.wp.com\/www.hoymercedes.com.ar\/principal\/wp-content\/uploads\/2020\/01\/23-selva-1.jpg?resize=525%2C300&ssl=1 1.5x, https:\/\/i0.wp.com\/www.hoymercedes.com.ar\/principal\/wp-content\/uploads\/2020\/01\/23-selva-1.jpg?resize=700%2C400&ssl=1 2x"},"classes":[]},{"id":26790,"url":"https:\/\/www.hoymercedes.com.ar\/principal\/2013\/10\/23\/sergio-massa-volvera-a-visitar-mercedes\/","url_meta":{"origin":37255,"position":5},"title":"Sergio Massa volver\u00e1 a visitar Mercedes","author":"hoymercedes","date":"23 octubre, 2013","format":false,"excerpt":"Este mi\u00e9rcoles se espera desde el Frente Renovador local la visita del primer candidato a Diputado por la Provincia de Buenos Aires Sergio Massa. Desde el Frente Renovador se supo durante la tarde de \u00e9ste martes que a partir del mediod\u00eda el mi\u00e9rcoles 23 se contar\u00e1 con la visita de\u2026","rel":"","context":"En \u00abPol\u00edtica\u00bb","block_context":{"text":"Pol\u00edtica","link":"https:\/\/www.hoymercedes.com.ar\/principal\/category\/politica\/"},"img":{"alt_text":"Selva-Massa","src":"https:\/\/i0.wp.com\/www.hoymercedes.com.ar\/principal\/wp-content\/uploads\/2013\/10\/Selva-Massa.jpg?resize=350%2C200","width":350,"height":200,"srcset":"https:\/\/i0.wp.com\/www.hoymercedes.com.ar\/principal\/wp-content\/uploads\/2013\/10\/Selva-Massa.jpg?resize=350%2C200 1x, https:\/\/i0.wp.com\/www.hoymercedes.com.ar\/principal\/wp-content\/uploads\/2013\/10\/Selva-Massa.jpg?resize=525%2C300 1.5x"},"classes":[]}],"_links":{"self":[{"href":"https:\/\/www.hoymercedes.com.ar\/principal\/wp-json\/wp\/v2\/posts\/37255","targetHints":{"allow":["GET"]}}],"collection":[{"href":"https:\/\/www.hoymercedes.com.ar\/principal\/wp-json\/wp\/v2\/posts"}],"about":[{"href":"https:\/\/www.hoymercedes.com.ar\/principal\/wp-json\/wp\/v2\/types\/post"}],"author":[{"embeddable":true,"href":"https:\/\/www.hoymercedes.com.ar\/principal\/wp-json\/wp\/v2\/users\/1"}],"replies":[{"embeddable":true,"href":"https:\/\/www.hoymercedes.com.ar\/principal\/wp-json\/wp\/v2\/comments?post=37255"}],"version-history":[{"count":0,"href":"https:\/\/www.hoymercedes.com.ar\/principal\/wp-json\/wp\/v2\/posts\/37255\/revisions"}],"wp:attachment":[{"href":"https:\/\/www.hoymercedes.com.ar\/principal\/wp-json\/wp\/v2\/media?parent=37255"}],"wp:term":[{"taxonomy":"category","embeddable":true,"href":"https:\/\/www.hoymercedes.com.ar\/principal\/wp-json\/wp\/v2\/categories?post=37255"},{"taxonomy":"post_tag","embeddable":true,"href":"https:\/\/www.hoymercedes.com.ar\/principal\/wp-json\/wp\/v2\/tags?post=37255"}],"curies":[{"name":"wp","href":"https:\/\/api.w.org\/{rel}","templated":true}]}}