{"id":37312,"date":"2014-10-29T14:03:49","date_gmt":"2014-10-29T17:03:49","guid":{"rendered":"http:\/\/www.hoymercedes.com.ar\/principal\/?p=37312"},"modified":"2014-11-11T10:21:45","modified_gmt":"2014-11-11T13:21:45","slug":"casa-del-pueblo-recibira-donaciones","status":"publish","type":"post","link":"https:\/\/www.hoymercedes.com.ar\/principal\/2014\/10\/29\/casa-del-pueblo-recibira-donaciones\/","title":{"rendered":"Casa del Pueblo recibir\u00e1 donaciones"},"content":{"rendered":"<p><a href=\"https:\/\/www.hoymercedes.com.ar\/principal\/wp-content\/uploads\/2014\/10\/casadelpueblo.jpg\"><img loading=\"lazy\" decoding=\"async\" data-attachment-id=\"37313\" data-permalink=\"https:\/\/www.hoymercedes.com.ar\/principal\/2014\/10\/29\/casa-del-pueblo-recibira-donaciones\/casadelpueblo-3\/#main\" data-orig-file=\"https:\/\/www.hoymercedes.com.ar\/principal\/wp-content\/uploads\/2014\/10\/casadelpueblo.jpg\" data-orig-size=\"620,474\" data-comments-opened=\"1\" data-image-meta=\"{&quot;aperture&quot;:&quot;0&quot;,&quot;credit&quot;:&quot;&quot;,&quot;camera&quot;:&quot;&quot;,&quot;caption&quot;:&quot;&quot;,&quot;created_timestamp&quot;:&quot;0&quot;,&quot;copyright&quot;:&quot;&quot;,&quot;focal_length&quot;:&quot;0&quot;,&quot;iso&quot;:&quot;0&quot;,&quot;shutter_speed&quot;:&quot;0&quot;,&quot;title&quot;:&quot;&quot;,&quot;orientation&quot;:&quot;0&quot;}\" data-image-title=\"casadelpueblo\" data-image-description=\"\" data-image-caption=\"\" data-large-file=\"https:\/\/www.hoymercedes.com.ar\/principal\/wp-content\/uploads\/2014\/10\/casadelpueblo.jpg\" class=\"Img2014 aligncenter wp-image-37313 size-full\" src=\"https:\/\/www.hoymercedes.com.ar\/principal\/wp-content\/uploads\/2014\/10\/casadelpueblo.jpg\" alt=\"casadelpueblo\" width=\"620\" height=\"474\" \/><\/a><\/p>\n<p><em><strong>El espacio de Casa del Pueblo, de calle 35 entre 24 y 22 anuncia que estar\u00e1 recibiendo donativos para poder ayudar y asistir a los m\u00e1s necesitados productos del fen\u00f3meno climatol\u00f3gico que estamos viviendo.<\/strong><\/em><\/p>\n<p>Desde Casa del Pueblo anuncia:<\/p>\n<p style=\"padding-left: 90px;\">En la Casa del Pueblo de calle 35 entre 22 y 24 tambi\u00e9n se reciben donaciones para los vecinos inundados de nuestra ciudad, tras el intenso temporal ocurrido durante la madrugada. Se solicita leche, agua potable, pa\u00f1ales, ropa, alimentos no perecederos y todo lo que los vecinos consideren \u00fatil para asistir a la gente afectada por la tormenta.<\/p>\n<p style=\"padding-left: 90px;\">Estaremos durante todo el d\u00eda abierto!!!!<\/p>\n","protected":false},"excerpt":{"rendered":"<p>El espacio de Casa del Pueblo, de calle 35 entre 24 y 22 anuncia que estar\u00e1 recibiendo donativos para poder &#8230; <a title=\"Casa del Pueblo recibir\u00e1 donaciones\" class=\"read-more\" href=\"https:\/\/www.hoymercedes.com.ar\/principal\/2014\/10\/29\/casa-del-pueblo-recibira-donaciones\/\" aria-label=\"Leer m\u00e1s sobre Casa del Pueblo recibir\u00e1 donaciones\">Leer m\u00e1s<\/a><\/p>\n","protected":false},"author":1,"featured_media":0,"comment_status":"open","ping_status":"open","sticky":false,"template":"","format":"standard","meta":{"_monsterinsights_skip_tracking":false,"_monsterinsights_sitenote_active":false,"_monsterinsights_sitenote_note":"","_monsterinsights_sitenote_category":0,"jetpack_post_was_ever_published":false,"_jetpack_newsletter_access":"","_jetpack_dont_email_post_to_subs":false,"_jetpack_newsletter_tier_id":0,"_jetpack_memberships_contains_paywalled_content":false,"_jetpack_memberships_contains_paid_content":false,"footnotes":"","jetpack_publicize_message":"","jetpack_publicize_feature_enabled":true,"jetpack_social_post_already_shared":false,"jetpack_social_options":{"image_generator_settings":{"template":"highway","default_image_id":0,"font":"","enabled":false},"version":2},"_wpas_customize_per_network":false},"categories":[5],"tags":[317,5475],"class_list":["post-37312","post","type-post","status-publish","format-standard","hentry","category-politica","tag-casa-del-pueblo","tag-donacion-inundados","generate-columns","tablet-grid-50","mobile-grid-100","grid-parent","grid-50"],"jetpack_publicize_connections":[],"jetpack_featured_media_url":"","wps_subtitle":"Solidaridad","jetpack_sharing_enabled":true,"jetpack-related-posts":[{"id":37343,"url":"https:\/\/www.hoymercedes.com.ar\/principal\/2014\/10\/29\/casa-joven-estara-recibiendo-donaciones-para-inundados\/","url_meta":{"origin":37312,"position":0},"title":"Casa Joven estar\u00e1 recibiendo donaciones para inundados","author":"hoymercedes","date":"29 octubre, 2014","format":false,"excerpt":"La Agrupaci\u00f3n pol\u00edtica de calle 14 y 33 estar\u00e1 recibiendo y recolectado donativos de la solidaridad de los mercedinos para hacer entrega a los m\u00e1s necesitados. Como en ocasiones anteriores abre sus puestas para dar apoyo a la ciudadan\u00eda. La agrupaci\u00f3n que conduce Juan Pablo L\u00f3pez nuevamente y desde primera\u2026","rel":"","context":"En \u00abSociedad\u00bb","block_context":{"text":"Sociedad","link":"https:\/\/www.hoymercedes.com.ar\/principal\/category\/sociedad\/"},"img":{"alt_text":"casajoven-viendasinundados","src":"https:\/\/i0.wp.com\/www.hoymercedes.com.ar\/principal\/wp-content\/uploads\/2014\/10\/casajoven-viendasinundados.jpg?resize=350%2C200","width":350,"height":200,"srcset":"https:\/\/i0.wp.com\/www.hoymercedes.com.ar\/principal\/wp-content\/uploads\/2014\/10\/casajoven-viendasinundados.jpg?resize=350%2C200 1x, https:\/\/i0.wp.com\/www.hoymercedes.com.ar\/principal\/wp-content\/uploads\/2014\/10\/casajoven-viendasinundados.jpg?resize=525%2C300 1.5x"},"classes":[]},{"id":21303,"url":"https:\/\/www.hoymercedes.com.ar\/principal\/2013\/04\/07\/recitales-y-arte-a-beneficio-de-los-inundados-de-la-plata\/","url_meta":{"origin":37312,"position":1},"title":"Recitales y arte a beneficio de los inundados de La Plata","author":"hoymercedes","date":"7 abril, 2013","format":false,"excerpt":"Durante la jornada de este domingo la ciudad tuvo encuentros solidarios pensando en los que m\u00e1s lo necesitan que se encuentran en estos momentos en la ciudad de La Plata como gran epicentro cr\u00edtico. Dos lugares tuvieron este fin de semana mayores actividades en cuento a presentaciones art\u00edsticas. En 27\u2026","rel":"","context":"En \u00abSociedad\u00bb","block_context":{"text":"Sociedad","link":"https:\/\/www.hoymercedes.com.ar\/principal\/category\/sociedad\/"},"img":{"alt_text":"Recita a beneficio","src":"https:\/\/i0.wp.com\/www.hoymercedes.com.ar\/principal\/wp-content\/uploads\/2013\/04\/papelonrock.jpg?resize=350%2C200","width":350,"height":200,"srcset":"https:\/\/i0.wp.com\/www.hoymercedes.com.ar\/principal\/wp-content\/uploads\/2013\/04\/papelonrock.jpg?resize=350%2C200 1x, https:\/\/i0.wp.com\/www.hoymercedes.com.ar\/principal\/wp-content\/uploads\/2013\/04\/papelonrock.jpg?resize=525%2C300 1.5x"},"classes":[]},{"id":37302,"url":"https:\/\/www.hoymercedes.com.ar\/principal\/2014\/10\/29\/donaciones-para-inundados-frente-mercedino-recibe-en-su-local\/","url_meta":{"origin":37312,"position":2},"title":"Donaciones para inundados: Frente Mercedino recibe en su local","author":"hoymercedes","date":"29 octubre, 2014","format":false,"excerpt":"El Frente Mercedino para la Victoria, en su local de avenida 29 (entre 38 y 40), recibe donaciones para los vecinos inundados de nuestra ciudad, tras el intenso temporal ocurrido durante la madrugada. Se solicita leche, agua potable, pa\u00f1ales, ropa, alimentos no perecederos y todo lo que los vecinos consideren\u2026","rel":"","context":"En \u00abPol\u00edtica\u00bb","block_context":{"text":"Pol\u00edtica","link":"https:\/\/www.hoymercedes.com.ar\/principal\/category\/politica\/"},"img":{"alt_text":"SedeFrenteMercedino","src":"https:\/\/i0.wp.com\/www.hoymercedes.com.ar\/principal\/wp-content\/uploads\/2014\/10\/SedeFrenteMercedino.jpg?resize=350%2C200","width":350,"height":200,"srcset":"https:\/\/i0.wp.com\/www.hoymercedes.com.ar\/principal\/wp-content\/uploads\/2014\/10\/SedeFrenteMercedino.jpg?resize=350%2C200 1x, https:\/\/i0.wp.com\/www.hoymercedes.com.ar\/principal\/wp-content\/uploads\/2014\/10\/SedeFrenteMercedino.jpg?resize=525%2C300 1.5x"},"classes":[]},{"id":41353,"url":"https:\/\/www.hoymercedes.com.ar\/principal\/2015\/05\/03\/a-pesar-de-la-lluvia-el-1-de-mayo-se-realizo-el-encuentro-de-debate-y-trabajos-en-la-casa-del-pueblo\/","url_meta":{"origin":37312,"position":3},"title":"A pesar de la lluvia, el 1\u00b0 de mayo se realiz\u00f3 el encuentro de debate y trabajos en la Casa del Pueblo.","author":"hoymercedes","date":"3 mayo, 2015","format":false,"excerpt":"Durante el viernes 1\u00b0 de mayo, en el marco del D\u00eda Internacional del Trabajado, el Socialismo para la Victoria realiz\u00f3 un encuentro de debate y trabajos de acondicionamientos en la biblioteca y del sal\u00f3n de la Casa del Pueblo. A pesar de la lluvia y con la concurrencia de los\u2026","rel":"","context":"En \u00abPol\u00edtica\u00bb","block_context":{"text":"Pol\u00edtica","link":"https:\/\/www.hoymercedes.com.ar\/principal\/category\/politica\/"},"img":{"alt_text":"","src":"https:\/\/i0.wp.com\/www.hoymercedes.com.ar\/principal\/wp-content\/uploads\/2015\/03\/24marzo2015-casadelpueblo017.jpg?resize=350%2C200&ssl=1","width":350,"height":200,"srcset":"https:\/\/i0.wp.com\/www.hoymercedes.com.ar\/principal\/wp-content\/uploads\/2015\/03\/24marzo2015-casadelpueblo017.jpg?resize=350%2C200&ssl=1 1x, https:\/\/i0.wp.com\/www.hoymercedes.com.ar\/principal\/wp-content\/uploads\/2015\/03\/24marzo2015-casadelpueblo017.jpg?resize=525%2C300&ssl=1 1.5x, https:\/\/i0.wp.com\/www.hoymercedes.com.ar\/principal\/wp-content\/uploads\/2015\/03\/24marzo2015-casadelpueblo017.jpg?resize=700%2C400&ssl=1 2x"},"classes":[]},{"id":1365,"url":"https:\/\/www.hoymercedes.com.ar\/principal\/2010\/12\/29\/proyecto-sur-de-mercedes-despide-el-ano-con-una-reunion-en-la-casa-del-pueblo\/","url_meta":{"origin":37312,"position":4},"title":"Proyecto Sur de Mercedes despide el a\u00f1o con una reuni\u00f3n en la Casa del Pueblo","author":"hoymercedes","date":"29 diciembre, 2010","format":false,"excerpt":"Este mi\u00e9rcoles 29 de diciembre las 21 hs.\u00a0nos juntamos a pasar un buen rato junto a todos los que nos acompa\u00f1aron durante todo el 2010 lleno de actividades y festejos y tambi\u00e9n a reflexionar sobre c\u00f3mo fue que trabajamos y c\u00f3mo se viene el 2011. Hace falta solamente traer algo\u2026","rel":"","context":"En \u00abPol\u00edtica\u00bb","block_context":{"text":"Pol\u00edtica","link":"https:\/\/www.hoymercedes.com.ar\/principal\/category\/politica\/"},"img":{"alt_text":"","src":"https:\/\/i0.wp.com\/www.hoymercedes.com.ar\/principal\/wp-content\/uploads\/2010\/12\/psurcasapueblo.jpg?resize=350%2C200","width":350,"height":200},"classes":[]},{"id":37338,"url":"https:\/\/www.hoymercedes.com.ar\/principal\/2014\/10\/29\/ucr-recibe-donaciones-para-inundados\/","url_meta":{"origin":37312,"position":5},"title":"UCR recibe donaciones para inundados","author":"hoymercedes","date":"29 octubre, 2014","format":false,"excerpt":"La Uni\u00f3n C\u00edvica Radical de nuestra ciudad se suma a los espacios que reciben donaciones para asistir a las v\u00edctimas de nuestra ciudad de lo que son las inundaci\u00f3n que en \u00e9stas jornadas estamos viviendo. Desde el Comit\u00e9 local expresaron:\u00a0 Debido a las inundaciones en la ciudad, ya se han\u2026","rel":"","context":"En \u00abPol\u00edtica\u00bb","block_context":{"text":"Pol\u00edtica","link":"https:\/\/www.hoymercedes.com.ar\/principal\/category\/politica\/"},"img":{"alt_text":"","src":"","width":0,"height":0},"classes":[]}],"_links":{"self":[{"href":"https:\/\/www.hoymercedes.com.ar\/principal\/wp-json\/wp\/v2\/posts\/37312","targetHints":{"allow":["GET"]}}],"collection":[{"href":"https:\/\/www.hoymercedes.com.ar\/principal\/wp-json\/wp\/v2\/posts"}],"about":[{"href":"https:\/\/www.hoymercedes.com.ar\/principal\/wp-json\/wp\/v2\/types\/post"}],"author":[{"embeddable":true,"href":"https:\/\/www.hoymercedes.com.ar\/principal\/wp-json\/wp\/v2\/users\/1"}],"replies":[{"embeddable":true,"href":"https:\/\/www.hoymercedes.com.ar\/principal\/wp-json\/wp\/v2\/comments?post=37312"}],"version-history":[{"count":0,"href":"https:\/\/www.hoymercedes.com.ar\/principal\/wp-json\/wp\/v2\/posts\/37312\/revisions"}],"wp:attachment":[{"href":"https:\/\/www.hoymercedes.com.ar\/principal\/wp-json\/wp\/v2\/media?parent=37312"}],"wp:term":[{"taxonomy":"category","embeddable":true,"href":"https:\/\/www.hoymercedes.com.ar\/principal\/wp-json\/wp\/v2\/categories?post=37312"},{"taxonomy":"post_tag","embeddable":true,"href":"https:\/\/www.hoymercedes.com.ar\/principal\/wp-json\/wp\/v2\/tags?post=37312"}],"curies":[{"name":"wp","href":"https:\/\/api.w.org\/{rel}","templated":true}]}}