{"id":3737,"date":"2011-04-26T15:23:24","date_gmt":"2011-04-26T15:23:24","guid":{"rendered":"http:\/\/www.hoymercedes.com.ar\/principal\/?p=3737"},"modified":"2011-04-26T15:23:24","modified_gmt":"2011-04-26T15:23:24","slug":"sin-solucion-al-conflicto-con-los-trabajadores-judiciales-de-la-provincia","status":"publish","type":"post","link":"https:\/\/www.hoymercedes.com.ar\/principal\/2011\/04\/26\/sin-solucion-al-conflicto-con-los-trabajadores-judiciales-de-la-provincia\/","title":{"rendered":"Sin soluci\u00f3n al conflicto con los trabajadores judiciales de la provincia"},"content":{"rendered":"<p>Tal como se hab\u00eda informado se llev\u00f3  a cabo durante la ma\u00f1ana de este lunes en la ciudad de La Plata la reuni\u00f3n de conciliatoria (No es Conciliaci\u00f3n Obligatoria) entre los representantes de la conducci\u00f3n provincial de la Asociaci\u00f3n Judicial Bonaerense y funcionarios de los Ministerios de Trabajo y de Justicia de la Provincia para intentar destrabar el conflicto que virtualmente tiene parado al Sistema Judicial de Buenos Aires pero no se logr\u00f3 avanzar pr\u00e1cticamente nada por lo cual los judiciales contin\u00faan con sus medidas de fuerza que vienen desarrollando de manera continua desde hace por lo menos dos semanas.<\/p>\n<p>Seg\u00fan lo manifestado por el Secretario General de la AJB Mercedes, Alberto Igoldi, \u201cla reuni\u00f3n se llev\u00f3 a cabo pero una vez m\u00e1s el gobierno de alguna manera falto a su compromiso ya que no llevaron ninguna clase de oferta en concreto, por lo tanto nosotros vamos a continuar con estas medidas que venimos desarrollando al menos hasta el mi\u00e9rcoles inclusive ya que dicho d\u00eda se realizar\u00e1 el segundo encuentro en el marco de la Conciliaci\u00f3n esperando que en dicha oportunidad el gobierno concurra con una propuesta concreta superior al 21% ofrecido que fue rechazado por nuestro gremio\u201d<\/p>\n","protected":false},"excerpt":{"rendered":"<p>Tal como se hab\u00eda informado se llev\u00f3 a cabo durante la ma\u00f1ana de este lunes en la ciudad de La &#8230; <a title=\"Sin soluci\u00f3n al conflicto con los trabajadores judiciales de la provincia\" class=\"read-more\" href=\"https:\/\/www.hoymercedes.com.ar\/principal\/2011\/04\/26\/sin-solucion-al-conflicto-con-los-trabajadores-judiciales-de-la-provincia\/\" aria-label=\"Leer m\u00e1s sobre Sin soluci\u00f3n al conflicto con los trabajadores judiciales de la provincia\">Leer m\u00e1s<\/a><\/p>\n","protected":false},"author":1,"featured_media":0,"comment_status":"open","ping_status":"open","sticky":false,"template":"","format":"standard","meta":{"_monsterinsights_skip_tracking":false,"_monsterinsights_sitenote_active":false,"_monsterinsights_sitenote_note":"","_monsterinsights_sitenote_category":0,"jetpack_post_was_ever_published":false,"_jetpack_newsletter_access":"","_jetpack_dont_email_post_to_subs":false,"_jetpack_newsletter_tier_id":0,"_jetpack_memberships_contains_paywalled_content":false,"_jetpack_memberships_contains_paid_content":false,"footnotes":"","jetpack_publicize_message":"","jetpack_publicize_feature_enabled":true,"jetpack_social_post_already_shared":false,"jetpack_social_options":{"image_generator_settings":{"template":"highway","default_image_id":0,"font":"","enabled":false},"version":2},"_wpas_customize_per_network":false},"categories":[8],"tags":[727,523,721],"class_list":["post-3737","post","type-post","status-publish","format-standard","hentry","category-sociedad","tag-conflicto","tag-judiciales","tag-scioli","generate-columns","tablet-grid-50","mobile-grid-100","grid-parent","grid-50"],"jetpack_publicize_connections":[],"jetpack_featured_media_url":"","wps_subtitle":"","jetpack_sharing_enabled":true,"_links":{"self":[{"href":"https:\/\/www.hoymercedes.com.ar\/principal\/wp-json\/wp\/v2\/posts\/3737","targetHints":{"allow":["GET"]}}],"collection":[{"href":"https:\/\/www.hoymercedes.com.ar\/principal\/wp-json\/wp\/v2\/posts"}],"about":[{"href":"https:\/\/www.hoymercedes.com.ar\/principal\/wp-json\/wp\/v2\/types\/post"}],"author":[{"embeddable":true,"href":"https:\/\/www.hoymercedes.com.ar\/principal\/wp-json\/wp\/v2\/users\/1"}],"replies":[{"embeddable":true,"href":"https:\/\/www.hoymercedes.com.ar\/principal\/wp-json\/wp\/v2\/comments?post=3737"}],"version-history":[{"count":0,"href":"https:\/\/www.hoymercedes.com.ar\/principal\/wp-json\/wp\/v2\/posts\/3737\/revisions"}],"wp:attachment":[{"href":"https:\/\/www.hoymercedes.com.ar\/principal\/wp-json\/wp\/v2\/media?parent=3737"}],"wp:term":[{"taxonomy":"category","embeddable":true,"href":"https:\/\/www.hoymercedes.com.ar\/principal\/wp-json\/wp\/v2\/categories?post=3737"},{"taxonomy":"post_tag","embeddable":true,"href":"https:\/\/www.hoymercedes.com.ar\/principal\/wp-json\/wp\/v2\/tags?post=3737"}],"curies":[{"name":"wp","href":"https:\/\/api.w.org\/{rel}","templated":true}]}}