{"id":37451,"date":"2014-11-01T18:44:59","date_gmt":"2014-11-01T21:44:59","guid":{"rendered":"http:\/\/www.hoymercedes.com.ar\/principal\/?p=37451"},"modified":"2014-11-01T18:48:47","modified_gmt":"2014-11-01T21:48:47","slug":"el-peor-final-encuentran-el-cuerpo-de-nahuel-victima-de-la-inundacion","status":"publish","type":"post","link":"https:\/\/www.hoymercedes.com.ar\/principal\/2014\/11\/01\/el-peor-final-encuentran-el-cuerpo-de-nahuel-victima-de-la-inundacion\/","title":{"rendered":"El peor final: encuentran el cuerpo de Nahuel, v\u00edctima de la inundaci\u00f3n"},"content":{"rendered":"<p><a href=\"https:\/\/www.hoymercedes.com.ar\/principal\/wp-content\/uploads\/2014\/11\/hallazgocuerpo-nahuelreyes.jpg\"><img loading=\"lazy\" decoding=\"async\" data-attachment-id=\"37452\" data-permalink=\"https:\/\/www.hoymercedes.com.ar\/principal\/2014\/11\/01\/el-peor-final-encuentran-el-cuerpo-de-nahuel-victima-de-la-inundacion\/hallazgocuerpo-nahuelreyes\/#main\" data-orig-file=\"https:\/\/www.hoymercedes.com.ar\/principal\/wp-content\/uploads\/2014\/11\/hallazgocuerpo-nahuelreyes.jpg\" data-orig-size=\"620,348\" data-comments-opened=\"1\" data-image-meta=\"{&quot;aperture&quot;:&quot;0&quot;,&quot;credit&quot;:&quot;&quot;,&quot;camera&quot;:&quot;&quot;,&quot;caption&quot;:&quot;&quot;,&quot;created_timestamp&quot;:&quot;0&quot;,&quot;copyright&quot;:&quot;&quot;,&quot;focal_length&quot;:&quot;0&quot;,&quot;iso&quot;:&quot;0&quot;,&quot;shutter_speed&quot;:&quot;0&quot;,&quot;title&quot;:&quot;&quot;,&quot;orientation&quot;:&quot;0&quot;}\" data-image-title=\"hallazgocuerpo-nahuelreyes\" data-image-description=\"\" data-image-caption=\"\" data-large-file=\"https:\/\/www.hoymercedes.com.ar\/principal\/wp-content\/uploads\/2014\/11\/hallazgocuerpo-nahuelreyes.jpg\" class=\"Img2014 aligncenter wp-image-37452 size-full\" src=\"https:\/\/www.hoymercedes.com.ar\/principal\/wp-content\/uploads\/2014\/11\/hallazgocuerpo-nahuelreyes.jpg\" alt=\"hallazgocuerpo-nahuelreyes\" width=\"620\" height=\"348\" \/><\/a><\/p>\n<p><em><strong>En el d\u00eda de hoy se conoci\u00f3 la peor de las noticias. Se trata del hallazgo sin vida del cuerpo del menor Nahuel Reyes, que estaba desaparecido desde hac\u00eda casi dos d\u00edas tras trastabillar en zona inundada, cuando estaba dejando el lugar donde viv\u00eda para irse a un centro de inundados y fue arrastrado por la corriente, siendo testigo un hermano, tal como cont\u00f3 la mam\u00e1.<\/strong><\/em><\/p>\n<p>La noticia es la que nadie quer\u00eda conocer, prendidos a la esperanza de que se encontrara perdido en alg\u00fan refugio.<\/p>\n<p>El cuerpo fue encontrado a unos doscientos metros del lugar donde patin\u00f3 y cay\u00f3. El cuerpo es encontrado por las fuerzas se asistencia que estaban realizando la b\u00fasqueda. Polic\u00edas, bomberos y buzos eran parte del rastrillaje.<\/p>\n<p>La mam\u00e1 y el t\u00edo reconocieron el cuerpo, que, facilit\u00f3 la baja de casi un metro de agua el poder hallarlo.<\/p>\n<p>Es la primera v\u00edctima fatal de la peor inundaci\u00f3n de los \u00faltimos a\u00f1os en la zona.<\/p>\n<p>Nahuel Reyes viv\u00eda con su familia en J\u00e1uregui, partido de Luj\u00e1n.<\/p>\n<p>&nbsp;<\/p>\n<p>&nbsp;<\/p>\n","protected":false},"excerpt":{"rendered":"<p>En el d\u00eda de hoy se conoci\u00f3 la peor de las noticias. Se trata del hallazgo sin vida del cuerpo &#8230; <a title=\"El peor final: encuentran el cuerpo de Nahuel, v\u00edctima de la inundaci\u00f3n\" class=\"read-more\" href=\"https:\/\/www.hoymercedes.com.ar\/principal\/2014\/11\/01\/el-peor-final-encuentran-el-cuerpo-de-nahuel-victima-de-la-inundacion\/\" aria-label=\"Leer m\u00e1s sobre El peor final: encuentran el cuerpo de Nahuel, v\u00edctima de la inundaci\u00f3n\">Leer m\u00e1s<\/a><\/p>\n","protected":false},"author":1,"featured_media":0,"comment_status":"open","ping_status":"open","sticky":false,"template":"","format":"standard","meta":{"_monsterinsights_skip_tracking":false,"_monsterinsights_sitenote_active":false,"_monsterinsights_sitenote_note":"","_monsterinsights_sitenote_category":0,"jetpack_post_was_ever_published":false,"_jetpack_newsletter_access":"","_jetpack_dont_email_post_to_subs":false,"_jetpack_newsletter_tier_id":0,"_jetpack_memberships_contains_paywalled_content":false,"_jetpack_memberships_contains_paid_content":false,"footnotes":"","jetpack_publicize_message":"","jetpack_publicize_feature_enabled":true,"jetpack_social_post_already_shared":false,"jetpack_social_options":{"image_generator_settings":{"template":"highway","default_image_id":0,"font":"","enabled":false},"version":2},"_wpas_customize_per_network":false},"categories":[8],"tags":[4998,6352],"class_list":["post-37451","post","type-post","status-publish","format-standard","hentry","category-sociedad","tag-inundacion-2014","tag-nahuel-reyes","generate-columns","tablet-grid-50","mobile-grid-100","grid-parent","grid-50"],"jetpack_publicize_connections":[],"jetpack_featured_media_url":"","wps_subtitle":"Inundaci\u00f3n 2014","jetpack_sharing_enabled":true,"_links":{"self":[{"href":"https:\/\/www.hoymercedes.com.ar\/principal\/wp-json\/wp\/v2\/posts\/37451","targetHints":{"allow":["GET"]}}],"collection":[{"href":"https:\/\/www.hoymercedes.com.ar\/principal\/wp-json\/wp\/v2\/posts"}],"about":[{"href":"https:\/\/www.hoymercedes.com.ar\/principal\/wp-json\/wp\/v2\/types\/post"}],"author":[{"embeddable":true,"href":"https:\/\/www.hoymercedes.com.ar\/principal\/wp-json\/wp\/v2\/users\/1"}],"replies":[{"embeddable":true,"href":"https:\/\/www.hoymercedes.com.ar\/principal\/wp-json\/wp\/v2\/comments?post=37451"}],"version-history":[{"count":0,"href":"https:\/\/www.hoymercedes.com.ar\/principal\/wp-json\/wp\/v2\/posts\/37451\/revisions"}],"wp:attachment":[{"href":"https:\/\/www.hoymercedes.com.ar\/principal\/wp-json\/wp\/v2\/media?parent=37451"}],"wp:term":[{"taxonomy":"category","embeddable":true,"href":"https:\/\/www.hoymercedes.com.ar\/principal\/wp-json\/wp\/v2\/categories?post=37451"},{"taxonomy":"post_tag","embeddable":true,"href":"https:\/\/www.hoymercedes.com.ar\/principal\/wp-json\/wp\/v2\/tags?post=37451"}],"curies":[{"name":"wp","href":"https:\/\/api.w.org\/{rel}","templated":true}]}}