{"id":3754,"date":"2011-04-26T15:52:47","date_gmt":"2011-04-26T15:52:47","guid":{"rendered":"http:\/\/www.hoymercedes.com.ar\/principal\/?p=3754"},"modified":"2011-04-26T15:52:47","modified_gmt":"2011-04-26T15:52:47","slug":"wado-de-pedro-y-selva-en-la-prensa-nacional","status":"publish","type":"post","link":"https:\/\/www.hoymercedes.com.ar\/principal\/2011\/04\/26\/wado-de-pedro-y-selva-en-la-prensa-nacional\/","title":{"rendered":"Wado de Pedro y Selva en la prensa nacional"},"content":{"rendered":"<p>El medio dedicado a pol\u00edtica La Pol\u00edtica On Line realiz\u00f3 una nota en relaci\u00f3n a la disputa electoral lanzada en nuestra ciudad. El tema que para los mercedinos es a esta altura bien conocido empez\u00f3 a tomar trascendencia nacional y poniendo a cada vez m\u00e1s personas alertas de lo que en Mercedes sucede.<\/p>\n<p>A continuaci\u00f3n la noticia tal cual apareci\u00f3:<\/p>\n<p><em><strong>En Mercedes la pelea es entre un ultra kirchnerista y La Campora<\/strong><\/em><\/p>\n<p><em>Eduardo \u00abWado\u00bb De Pedro, el joven de La C\u00e1mpora mimado por Cristina, impulsa como intendente a Juan Ignacio Ustarroz, delegado de la Anses, quien ya recorre el distrito de campa\u00f1a. Pero el jefe comunal Carlos Selva aspira a su tercera reelecci\u00f3n. La Casa Rosada no da se\u00f1ales.<\/em><\/p>\n<p><em>El intendente de Mercedes, Carlos Selva, podr\u00eda ser una de las primeras v\u00edctimas del asenso de La C\u00e1mpora, la agrupaci\u00f3n juvenil que Cristina Kirchner viene insertando en el poder y quiere darle protagonismo en las pr\u00f3ximas elecciones.<\/em><\/p>\n<p><em>Se descuenta que incidir\u00e1n en la conformaci\u00f3n de listas y pondr\u00e1n candidatos en las internas, pero s\u00f3lo en algunos distritos est\u00e1n dispuestos a jugar fuerte.<\/em><\/p>\n<p><em>Uno de ellos es Mercedes donde le interesado es nada menos que Eduardo \u201cWado\u201d De Pedro, vicepresidente de Aerol\u00edneas y uno de los referentes de La C\u00e1mpora m\u00e1s consultados por Cristina Kirchner.<\/em><\/p>\n<p><em>De Pedro quiere como intendente a Juan Ignacio Ustarroz, su hermano de crianza seg\u00fan definen sus conocidos, delegado de Anses y, desde hace meses, candidato a intendente en la interna del 14 de agosto.<\/em><\/p>\n<p><em>Ustarroz recorre el distrito con la chapa del Frente Mercedino para la Victoria y ya no oculta sus aspiraciones, lo que altera a sobre manera a Selva<\/em><\/p>\n<p><em>\u201cHay que caminar todos los barrios, hablar con la gente, conocer todos los lugares, es la \u00fanica forma de pensar estrat\u00e9gicamente un programa de aplicaci\u00f3n para mejorar Mercedes y por ende, la calidad de vida de todos los vecinos. Y por supuesto eso depende de nuestra capacidad de trabajo, en la cual conf\u00edo porque tenemos un equipo con mucha fuerza\u201d, dijo en una de sus \u00faltimas recorridas.<\/em><\/p>\n<p><em>La peregrinaci\u00f3n del delegado de Anses se diferencia de la mayor\u00eda de los referentes locales de La C\u00e1mpora que por ahora trabajan mucho hacia adentro pero cultivan el bajo perfil, sobre todo en distritos con intendentes oficialistas.<\/em><\/p>\n<p><em>El otro que blanque\u00f3 sus aspiraciones para jefe comunal es Francisco Manuel Felipe De Dura\u00f1ona, superintendente de Seguros de la Naci\u00f3n y oriundo de San Antonio de Areco, gobernado por la radical Mar\u00eda Estela Lennon.<\/em><\/p>\n<p><em>El caso de Mercedes es distinto. Selva cultiv\u00f3 siempre el kirchnerismo hasta en los peores momentos de la gesti\u00f3n de Cristina Kirchner. Pero no parece ser motivo de un premio.<\/em><\/p>\n","protected":false},"excerpt":{"rendered":"<p>El medio dedicado a pol\u00edtica La Pol\u00edtica On Line realiz\u00f3 una nota en relaci\u00f3n a la disputa electoral lanzada en &#8230; <a title=\"Wado de Pedro y Selva en la prensa nacional\" class=\"read-more\" href=\"https:\/\/www.hoymercedes.com.ar\/principal\/2011\/04\/26\/wado-de-pedro-y-selva-en-la-prensa-nacional\/\" aria-label=\"Leer m\u00e1s sobre Wado de Pedro y Selva en la prensa nacional\">Leer m\u00e1s<\/a><\/p>\n","protected":false},"author":1,"featured_media":0,"comment_status":"open","ping_status":"open","sticky":false,"template":"","format":"standard","meta":{"_monsterinsights_skip_tracking":false,"_monsterinsights_sitenote_active":false,"_monsterinsights_sitenote_note":"","_monsterinsights_sitenote_category":0,"jetpack_post_was_ever_published":false,"_jetpack_newsletter_access":"","_jetpack_dont_email_post_to_subs":false,"_jetpack_newsletter_tier_id":0,"_jetpack_memberships_contains_paywalled_content":false,"_jetpack_memberships_contains_paid_content":false,"footnotes":"","jetpack_publicize_message":"","jetpack_publicize_feature_enabled":true,"jetpack_social_post_already_shared":false,"jetpack_social_options":{"image_generator_settings":{"template":"highway","default_image_id":0,"font":"","enabled":false},"version":2},"_wpas_customize_per_network":false},"categories":[5],"tags":[379,563,18,731,281],"class_list":["post-3754","post","type-post","status-publish","format-standard","hentry","category-politica","tag-frente-mercedino-para-la-victoria","tag-partido-justicialista","tag-selva","tag-selvismo","tag-wado-de-pedro","generate-columns","tablet-grid-50","mobile-grid-100","grid-parent","grid-50"],"jetpack_publicize_connections":[],"jetpack_featured_media_url":"","wps_subtitle":"","jetpack_sharing_enabled":true,"_links":{"self":[{"href":"https:\/\/www.hoymercedes.com.ar\/principal\/wp-json\/wp\/v2\/posts\/3754","targetHints":{"allow":["GET"]}}],"collection":[{"href":"https:\/\/www.hoymercedes.com.ar\/principal\/wp-json\/wp\/v2\/posts"}],"about":[{"href":"https:\/\/www.hoymercedes.com.ar\/principal\/wp-json\/wp\/v2\/types\/post"}],"author":[{"embeddable":true,"href":"https:\/\/www.hoymercedes.com.ar\/principal\/wp-json\/wp\/v2\/users\/1"}],"replies":[{"embeddable":true,"href":"https:\/\/www.hoymercedes.com.ar\/principal\/wp-json\/wp\/v2\/comments?post=3754"}],"version-history":[{"count":0,"href":"https:\/\/www.hoymercedes.com.ar\/principal\/wp-json\/wp\/v2\/posts\/3754\/revisions"}],"wp:attachment":[{"href":"https:\/\/www.hoymercedes.com.ar\/principal\/wp-json\/wp\/v2\/media?parent=3754"}],"wp:term":[{"taxonomy":"category","embeddable":true,"href":"https:\/\/www.hoymercedes.com.ar\/principal\/wp-json\/wp\/v2\/categories?post=3754"},{"taxonomy":"post_tag","embeddable":true,"href":"https:\/\/www.hoymercedes.com.ar\/principal\/wp-json\/wp\/v2\/tags?post=3754"}],"curies":[{"name":"wp","href":"https:\/\/api.w.org\/{rel}","templated":true}]}}