{"id":37540,"date":"2014-11-05T10:40:52","date_gmt":"2014-11-05T13:40:52","guid":{"rendered":"http:\/\/www.hoymercedes.com.ar\/principal\/?p=37540"},"modified":"2014-11-05T10:41:40","modified_gmt":"2014-11-05T13:41:40","slug":"para-el-mic-reducir-la-generacion-de-residuos-es-fundamental-en-mercedes","status":"publish","type":"post","link":"https:\/\/www.hoymercedes.com.ar\/principal\/2014\/11\/05\/para-el-mic-reducir-la-generacion-de-residuos-es-fundamental-en-mercedes\/","title":{"rendered":"Para el Mic reducir la generaci\u00f3n de residuos es fundamental en Mercedes"},"content":{"rendered":"<p><a href=\"https:\/\/www.hoymercedes.com.ar\/principal\/wp-content\/uploads\/2014\/11\/mic-medioambiente.jpg\"><img loading=\"lazy\" decoding=\"async\" data-attachment-id=\"37541\" data-permalink=\"https:\/\/www.hoymercedes.com.ar\/principal\/2014\/11\/05\/para-el-mic-reducir-la-generacion-de-residuos-es-fundamental-en-mercedes\/mic-medioambiente\/#main\" data-orig-file=\"https:\/\/www.hoymercedes.com.ar\/principal\/wp-content\/uploads\/2014\/11\/mic-medioambiente.jpg\" data-orig-size=\"620,363\" data-comments-opened=\"1\" data-image-meta=\"{&quot;aperture&quot;:&quot;0&quot;,&quot;credit&quot;:&quot;&quot;,&quot;camera&quot;:&quot;&quot;,&quot;caption&quot;:&quot;&quot;,&quot;created_timestamp&quot;:&quot;0&quot;,&quot;copyright&quot;:&quot;&quot;,&quot;focal_length&quot;:&quot;0&quot;,&quot;iso&quot;:&quot;0&quot;,&quot;shutter_speed&quot;:&quot;0&quot;,&quot;title&quot;:&quot;&quot;,&quot;orientation&quot;:&quot;0&quot;}\" data-image-title=\"mic-medioambiente\" data-image-description=\"\" data-image-caption=\"\" data-large-file=\"https:\/\/www.hoymercedes.com.ar\/principal\/wp-content\/uploads\/2014\/11\/mic-medioambiente.jpg\" class=\"Img2014 aligncenter wp-image-37541 size-full\" src=\"https:\/\/www.hoymercedes.com.ar\/principal\/wp-content\/uploads\/2014\/11\/mic-medioambiente.jpg\" alt=\"mic-medioambiente\" width=\"620\" height=\"363\" \/><\/a><\/p>\n<p><em><strong>El pr\u00f3ximo lunes 10 de noviembre, a partir de las 19 hs., se llevar\u00e1 a cabo una Sesi\u00f3n Ordinaria en el HCD de Mercedes. El MIC, a trav\u00e9s de sus concejales Jos\u00e9 Cestari y Juan Carlos Badano presentar\u00e1 varios proyectos, entre ellos uno de Ordenanza para reducir progresivamente el consumo de bolsas y recipientes contaminantes en el partido de Mercedes. Motivar a la poblaci\u00f3n para que utilice bolsas reutilizables (la tradicional bolsa de los mandados). Se recuerda tambi\u00e9n que el uso indiscriminado de bolsas contaminantes no solo degrada el ambiente sino que tambi\u00e9n obstaculiza los desag\u00fces pluviales.<\/strong><\/em><\/p>\n<p>El Proyecto de Ordenanza es el siguiente:<\/p>\n<p>VISTO<\/p>\n<p>La necesidad de reducir el consumo de bolsas y recipientes contaminantes en el Partido de Mercedes.<\/p>\n<p>CONSIDERANDO<\/p>\n<p>Que la Constituci\u00f3n Nacional y la de la Provincia de Buenos Aires apuntan a que todos los habitantes gozan del derecho a un ambiente sano, equilibrado, apto para el desarrollo humano y para que las actividades productivas satisfagan las necesidades presentes sin comprometer las de las generaciones futuras y tienen el deber de preservarlo.<\/p>\n<p>Que existe legislaci\u00f3n nacional y provincial en ese sentido, espec\u00edficamente la Ley Provincial 13.868.<\/p>\n<p>Que es importante incentivar la utilizaci\u00f3n de bolsas y recipientes no contaminantes y reutilizables en el Partido de Mercedes.<\/p>\n<p>Ante lo expuesto el Bloque MIC promueve el siguiente Proyecto de:<\/p>\n<p>ORDENANZA<\/p>\n<p>Art. 1\u00b0. Proh\u00edbase en todo el ejido Municipal de Mercedes, Provincia de Buenos Aires, la utilizaci\u00f3n de bolsas o recipientes confeccionados con materiales que no re\u00fanan las caracter\u00edsticas de ser biodegradables, oxi- biodegradables, hidro-biodegradables o las que en el futuro se creen, para transporte de mercader\u00eda adquirida por los clientes sea a t\u00edtulo gratuito u oneroso, cualquiera fuera, en todo comercio, industria o entidad que realice actividades comerciales dentro del ejido municipal. En todos los casos los materiales utilizados para la elaboraci\u00f3n de las bolsas o recipientes, incluidas las inscripciones y grabados, deber\u00e1n ser realizados con elementos inocuos a los alimentos, debidamente certificados.<\/p>\n<p>Art. 2\u00b0. Except\u00faanse aquellos casos en los que la mercader\u00eda a transportar y\/o contener consista en alimentos h\u00famedos, elaborados o preelaborados o sean destinados como contenedores de residuos, o que por cuestiones de higiene, salubridad y seguridad su empaque no pueda ser reemplazado, mediando para ello la autorizaci\u00f3n expresa del Departamento Ejecutivo Municipal a trav\u00e9s del \u00e1rea bromatol\u00f3gica pertinente.<\/p>\n<p>Art. 3\u00b0. La prohibici\u00f3n se implementar\u00e1 en forma paulatina de conformidad al siguiente cronograma:<\/p>\n<ol>\n<li>a) A partir de los treinta (30) d\u00edas h\u00e1biles administrativos de promulgada esta Ordenanza, los comercios podr\u00e1n entregar \u00fanicamente dos (2) bolsas o recipientes no permitidos por cliente. En caso que se deba entregar mayor cantidad de bolsas o recipientes, estos deber\u00e1n contener las caracter\u00edsticas descriptas en el art\u00edculo 1\u00b0 y deber\u00e1n ser cobradas a un precio no inferior a un (1) peso por unidad.<\/li>\n<li>b) A partir de los noventa (90) d\u00edas h\u00e1biles administrativos de promulgada esta Ordenanza, los comercios podr\u00e1n entregar \u00fanicamente una (1) bolsa o recipiente no permitidos por cliente. En caso que se deba entregar mayor cantidad de bolsas o recipientes, estos deber\u00e1n contener las caracter\u00edsticas descriptas en el art\u00edculo 1\u00b0 y deber\u00e1n ser cobradas a un precio no inferior a un (1) peso por unidad.<\/li>\n<li>c) A partir de los ciento veinte d\u00edas (120) h\u00e1biles administrativos de promulgada esta Ordenanza quedar\u00e1 totalmente prohibida la entrega o utilizaci\u00f3n de las bolsas o recipientes que no contengan las caracter\u00edsticas descriptas en el art\u00edculo 1\u00b0.<\/li>\n<\/ol>\n<p>Art. 4\u00b0. Los elementos de envoltorio que se adopten de all\u00ed en m\u00e1s para transporte de la mercader\u00eda adquirida por el cliente, salvo los casos de excepci\u00f3n previstos en el art\u00edculo 2\u00b0, ser\u00e1n siempre conforme la caracter\u00edstica descripta en el art\u00edculo 1\u00b0, y deber\u00e1n ser autorizados de manera expresa por el Departamento Ejecutivo Municipal; debi\u00e9ndose identificar el tipo de material, el fabricante y datos del mismo, de forma tal que resulte posible el control de sus caracter\u00edsticas y condiciones del producto.<\/p>\n<p>Art. 5\u00b0. Encomi\u00e9ndase al Departamento Ejecutivo Municipal que deber\u00e1 a partir de la promulgaci\u00f3n de la presente realizar un amplio operativo de difusi\u00f3n masiva de la presente Ordenanza a los efectos de que tanto comercios como clientes y vecinos en general adopten las medidas correctivas indicadas incentivando la utilizaci\u00f3n de bolsas y recipientes no contaminantes, reutilizables, de malla, de tela, de arpillera, etc.; haciendo adem\u00e1s que los comercios autorizados en el ejido municipal tomen conocimiento de la presente, recibiendo por copia cargada del titular o responsable, un ejemplar de la presente, la que obrar\u00e1 en el pertinente legajo que el Departamento Ejecutivo Municipal lleva de cada uno de los comercios controlados.<\/p>\n<p>Art. 6\u00b0. Encomi\u00e9ndase al Juzgado Municipal de Faltas a realizar, la tarea de tipificaci\u00f3n de las infracciones a la presente y el establecimiento del correspondiente r\u00e9gimen de sanciones y penalidades el cual deber\u00e1 ser aprobado por la respectiva Ordenanza.<\/p>\n<p>Art. 7\u00b0. Dest\u00ednanse los fondos recaudados en conceptos de multas realizadas por el no cumplimiento de la presente Ordenanza a la organizaci\u00f3n y realizaci\u00f3n de programas de educaci\u00f3n, concientizaci\u00f3n y\/o saneamiento ambiental, para lo cual se deber\u00e1 crear una cuenta espec\u00edfica.<\/p>\n<p>Art. 8\u00b0. Comun\u00edquese, publ\u00edquese, dese al Registro Municipal y arch\u00edvese.<\/p>\n<p>&nbsp;<\/p>\n<p>&nbsp;<\/p>\n<p>JUAN CARLOS BADANO\u00a0\u00a0\u00a0\u00a0\u00a0\u00a0\u00a0\u00a0\u00a0\u00a0\u00a0\u00a0\u00a0\u00a0\u00a0\u00a0\u00a0\u00a0\u00a0\u00a0\u00a0\u00a0\u00a0\u00a0\u00a0\u00a0\u00a0\u00a0\u00a0\u00a0\u00a0\u00a0\u00a0\u00a0\u00a0\u00a0\u00a0\u00a0\u00a0\u00a0\u00a0 JOS\u00c9 MAR\u00cdA CESTARI<\/p>\n","protected":false},"excerpt":{"rendered":"<p>El pr\u00f3ximo lunes 10 de noviembre, a partir de las 19 hs., se llevar\u00e1 a cabo una Sesi\u00f3n Ordinaria en &#8230; <a title=\"Para el Mic reducir la generaci\u00f3n de residuos es fundamental en Mercedes\" class=\"read-more\" href=\"https:\/\/www.hoymercedes.com.ar\/principal\/2014\/11\/05\/para-el-mic-reducir-la-generacion-de-residuos-es-fundamental-en-mercedes\/\" aria-label=\"Leer m\u00e1s sobre Para el Mic reducir la generaci\u00f3n de residuos es fundamental en Mercedes\">Leer m\u00e1s<\/a><\/p>\n","protected":false},"author":1,"featured_media":0,"comment_status":"open","ping_status":"open","sticky":false,"template":"","format":"standard","meta":{"_monsterinsights_skip_tracking":false,"_monsterinsights_sitenote_active":false,"_monsterinsights_sitenote_note":"","_monsterinsights_sitenote_category":0,"jetpack_post_was_ever_published":false,"_jetpack_newsletter_access":"","_jetpack_dont_email_post_to_subs":false,"_jetpack_newsletter_tier_id":0,"_jetpack_memberships_contains_paywalled_content":false,"_jetpack_memberships_contains_paid_content":false,"footnotes":"","jetpack_publicize_message":"","jetpack_publicize_feature_enabled":true,"jetpack_social_post_already_shared":false,"jetpack_social_options":{"image_generator_settings":{"template":"highway","default_image_id":0,"font":"","enabled":false},"version":2},"_wpas_customize_per_network":false},"categories":[5],"tags":[43,1956,6380,2185],"class_list":["post-37540","post","type-post","status-publish","format-standard","hentry","category-politica","tag-medio-ambiente","tag-mic-mercedes","tag-para-el-mic-reducir-la-generacion-de-residuos-es-fundamental-en-mercedes","tag-pro-mercedes","generate-columns","tablet-grid-50","mobile-grid-100","grid-parent","grid-50"],"jetpack_publicize_connections":[],"jetpack_featured_media_url":"","wps_subtitle":"Medio ambiente ","jetpack_sharing_enabled":true,"jetpack-related-posts":[{"id":184777,"url":"https:\/\/www.hoymercedes.com.ar\/principal\/2025\/05\/22\/vecinos-por-mercedes-propone-eliminar-el-embolsado-de-hojas-en-bolsas-plasticas\/","url_meta":{"origin":37540,"position":0},"title":"Vecinos por Mercedes propone eliminar el embolsado de hojas en bolsas pl\u00e1sticas","author":"hoymercedes","date":"22 mayo, 2025","format":false,"excerpt":"La agrupaci\u00f3n Vecinos por Mercedes present\u00f3 un proyecto de resoluci\u00f3n en el Concejo Deliberante local para revisar la pr\u00e1ctica de embolsar hojas secas en bolsas pl\u00e1sticas no biodegradables, una metodolog\u00eda extendida en la ciudad durante el oto\u00f1o. La iniciativa fue ingresada el viernes y propone que el Departamento Ejecutivo eval\u00fae\u2026","rel":"","context":"En \u00abPol\u00edtica\u00bb","block_context":{"text":"Pol\u00edtica","link":"https:\/\/www.hoymercedes.com.ar\/principal\/category\/politica\/"},"img":{"alt_text":"","src":"https:\/\/i0.wp.com\/www.hoymercedes.com.ar\/principal\/wp-content\/uploads\/2025\/05\/IMG-20250522-WA0014.jpg?resize=350%2C200&ssl=1","width":350,"height":200,"srcset":"https:\/\/i0.wp.com\/www.hoymercedes.com.ar\/principal\/wp-content\/uploads\/2025\/05\/IMG-20250522-WA0014.jpg?resize=350%2C200&ssl=1 1x, https:\/\/i0.wp.com\/www.hoymercedes.com.ar\/principal\/wp-content\/uploads\/2025\/05\/IMG-20250522-WA0014.jpg?resize=525%2C300&ssl=1 1.5x, https:\/\/i0.wp.com\/www.hoymercedes.com.ar\/principal\/wp-content\/uploads\/2025\/05\/IMG-20250522-WA0014.jpg?resize=700%2C400&ssl=1 2x"},"classes":[]},{"id":30751,"url":"https:\/\/www.hoymercedes.com.ar\/principal\/2014\/03\/14\/mic-que-hacemos-con-la-basura-en-mercedes\/","url_meta":{"origin":37540,"position":1},"title":"MIC: \u00bfQu\u00e9 hacemos con la basura en Mercedes?","author":"hoymercedes","date":"14 marzo, 2014","format":false,"excerpt":"Por MIC Mercedes \/\/ En esta sociedad en la que vivimos utilizamos recursos naturales y arrojamos desechos, en gran parte sin tratamiento previo, agrediendo al ambiente mercedino. El gobierno Municipal decidi\u00f3 que los vecinos separen en el hogar los residuos s\u00f3lidos domiciliarios clasific\u00e1ndolos en secos y h\u00famedos. La Planta de\u2026","rel":"","context":"En \u00abPol\u00edtica\u00bb","block_context":{"text":"Pol\u00edtica","link":"https:\/\/www.hoymercedes.com.ar\/principal\/category\/politica\/"},"img":{"alt_text":"","src":"","width":0,"height":0},"classes":[]},{"id":22898,"url":"https:\/\/www.hoymercedes.com.ar\/principal\/2013\/06\/13\/cestari-y-el-mic-manifiestan-su-preocupacion-por-basurales\/","url_meta":{"origin":37540,"position":2},"title":"Cestari y el MIC manifiestan su preocupaci\u00f3n por basurales","author":"hoymercedes","date":"13 junio, 2013","format":false,"excerpt":"El MIC Mercedes encabezado por Jos\u00e9 Cestari, uno de los ediles m\u00e1s prol\u00edferos que hubo el a\u00f1o pasado, contin\u00faa manifestando su preocupaci\u00f3n y de la fuerza pol\u00edtica que conduce por la cuesti\u00f3n ambiental. A d\u00edas de la conmemoraci\u00f3n del D\u00eda Internacional del Medio Ambiente dio a conocer un proyecto por\u2026","rel":"","context":"En \u00abPol\u00edtica\u00bb","block_context":{"text":"Pol\u00edtica","link":"https:\/\/www.hoymercedes.com.ar\/principal\/category\/politica\/"},"img":{"alt_text":"Basurales en Mercedes","src":"https:\/\/i0.wp.com\/www.hoymercedes.com.ar\/principal\/wp-content\/uploads\/2013\/06\/basuralesmercedes.jpg?resize=350%2C200","width":350,"height":200,"srcset":"https:\/\/i0.wp.com\/www.hoymercedes.com.ar\/principal\/wp-content\/uploads\/2013\/06\/basuralesmercedes.jpg?resize=350%2C200 1x, https:\/\/i0.wp.com\/www.hoymercedes.com.ar\/principal\/wp-content\/uploads\/2013\/06\/basuralesmercedes.jpg?resize=525%2C300 1.5x"},"classes":[]},{"id":321,"url":"https:\/\/www.hoymercedes.com.ar\/principal\/2014\/07\/23\/mic-continua-tareas-de-accion-comunal-vistio-escuela-n26\/","url_meta":{"origin":37540,"position":3},"title":"MIC contin\u00faa tareas de acci\u00f3n comunal: visti\u00f3 escuela N\u00b026","author":"hoymercedes","date":"23 julio, 2014","format":false,"excerpt":"\u00a0 El Eje Vertebrador del Mercedes Independiente Comunal (MIC) es la Educaci\u00f3n, por eso valoran todos los proyectos que apunten a concientizar a los mercedinos. En el caso del cuidado del ambiente creen en la pol\u00edtica de la triple R (Reciclar, Reutilizar y Reducir la basura). Est\u00e1n trabajando para que\u2026","rel":"","context":"En \u00abPol\u00edtica\u00bb","block_context":{"text":"Pol\u00edtica","link":"https:\/\/www.hoymercedes.com.ar\/principal\/category\/politica\/"},"img":{"alt_text":"mic-escuela26","src":"https:\/\/i0.wp.com\/www.hoymercedes.com.ar.ar\/noticias\/wp-content\/uploads\/2014\/07\/mic-escuela26.jpg?resize=350%2C200","width":350,"height":200,"srcset":"https:\/\/i0.wp.com\/www.hoymercedes.com.ar.ar\/noticias\/wp-content\/uploads\/2014\/07\/mic-escuela26.jpg?resize=350%2C200 1x, https:\/\/i0.wp.com\/www.hoymercedes.com.ar.ar\/noticias\/wp-content\/uploads\/2014\/07\/mic-escuela26.jpg?resize=525%2C300 1.5x"},"classes":[]},{"id":38064,"url":"https:\/\/www.hoymercedes.com.ar\/principal\/2014\/11\/28\/mic-continua-su-campana-y-junta-tapitas-para-escuela-n26\/","url_meta":{"origin":37540,"position":4},"title":"MIC contin\u00faa su campa\u00f1a y junta tapitas para Escuela N\u00b026","author":"hoymercedes","date":"28 noviembre, 2014","format":false,"excerpt":"El Eje Vertebrador del Mercedes Independiente Comunal (MIC) es la Educaci\u00f3n, por eso valoran todos los proyectos que apunten a concientizar a los mercedinos. En el caso del cuidado del ambiente creen en la pol\u00edtica de la triple R (Reciclar, Reutilizar y Reducir la basura). Est\u00e1n trabajando para que los\u2026","rel":"","context":"En \u00abPol\u00edtica\u00bb","block_context":{"text":"Pol\u00edtica","link":"https:\/\/www.hoymercedes.com.ar\/principal\/category\/politica\/"},"img":{"alt_text":"mic-tapitas-escuela26","src":"https:\/\/i0.wp.com\/www.hoymercedes.com.ar\/principal\/wp-content\/uploads\/2014\/11\/mic-tapitas-escuela26.jpg?resize=350%2C200","width":350,"height":200,"srcset":"https:\/\/i0.wp.com\/www.hoymercedes.com.ar\/principal\/wp-content\/uploads\/2014\/11\/mic-tapitas-escuela26.jpg?resize=350%2C200 1x, https:\/\/i0.wp.com\/www.hoymercedes.com.ar\/principal\/wp-content\/uploads\/2014\/11\/mic-tapitas-escuela26.jpg?resize=525%2C300 1.5x"},"classes":[]},{"id":131303,"url":"https:\/\/www.hoymercedes.com.ar\/principal\/2021\/06\/05\/impulsan-el-uso-de-composteras-entre-beneficiarias-del-mil-dias\/","url_meta":{"origin":37540,"position":5},"title":"Impulsan el uso de composteras entre beneficiarias del Mil D\u00edas","author":"hoymercedes","date":"5 junio, 2021","format":false,"excerpt":"El Municipio de Mercedes realiz\u00f3 la compra de composteras que tienen el objetivo de reducir la generaci\u00f3n de los residuos s\u00f3lidos domiciliarios y org\u00e1nicos por medio del compostaje residencial. Estos contenedores se entregar\u00e1n a las familias que se nuclean bajo el Programa Primeros Mil D\u00edas as\u00ed reducen los residuos urbanos.\u2026","rel":"","context":"En \u00abMunicipio\u00bb","block_context":{"text":"Municipio","link":"https:\/\/www.hoymercedes.com.ar\/principal\/category\/municipio\/"},"img":{"alt_text":"","src":"https:\/\/i0.wp.com\/www.hoymercedes.com.ar\/principal\/wp-content\/uploads\/2021\/06\/05-ambiente-compost-1.jpg?resize=350%2C200&ssl=1","width":350,"height":200,"srcset":"https:\/\/i0.wp.com\/www.hoymercedes.com.ar\/principal\/wp-content\/uploads\/2021\/06\/05-ambiente-compost-1.jpg?resize=350%2C200&ssl=1 1x, https:\/\/i0.wp.com\/www.hoymercedes.com.ar\/principal\/wp-content\/uploads\/2021\/06\/05-ambiente-compost-1.jpg?resize=525%2C300&ssl=1 1.5x, https:\/\/i0.wp.com\/www.hoymercedes.com.ar\/principal\/wp-content\/uploads\/2021\/06\/05-ambiente-compost-1.jpg?resize=700%2C400&ssl=1 2x"},"classes":[]}],"_links":{"self":[{"href":"https:\/\/www.hoymercedes.com.ar\/principal\/wp-json\/wp\/v2\/posts\/37540","targetHints":{"allow":["GET"]}}],"collection":[{"href":"https:\/\/www.hoymercedes.com.ar\/principal\/wp-json\/wp\/v2\/posts"}],"about":[{"href":"https:\/\/www.hoymercedes.com.ar\/principal\/wp-json\/wp\/v2\/types\/post"}],"author":[{"embeddable":true,"href":"https:\/\/www.hoymercedes.com.ar\/principal\/wp-json\/wp\/v2\/users\/1"}],"replies":[{"embeddable":true,"href":"https:\/\/www.hoymercedes.com.ar\/principal\/wp-json\/wp\/v2\/comments?post=37540"}],"version-history":[{"count":0,"href":"https:\/\/www.hoymercedes.com.ar\/principal\/wp-json\/wp\/v2\/posts\/37540\/revisions"}],"wp:attachment":[{"href":"https:\/\/www.hoymercedes.com.ar\/principal\/wp-json\/wp\/v2\/media?parent=37540"}],"wp:term":[{"taxonomy":"category","embeddable":true,"href":"https:\/\/www.hoymercedes.com.ar\/principal\/wp-json\/wp\/v2\/categories?post=37540"},{"taxonomy":"post_tag","embeddable":true,"href":"https:\/\/www.hoymercedes.com.ar\/principal\/wp-json\/wp\/v2\/tags?post=37540"}],"curies":[{"name":"wp","href":"https:\/\/api.w.org\/{rel}","templated":true}]}}