{"id":37568,"date":"2014-11-07T01:35:46","date_gmt":"2014-11-07T04:35:46","guid":{"rendered":"http:\/\/www.hoymercedes.com.ar\/principal\/?p=37568"},"modified":"2014-11-07T01:36:58","modified_gmt":"2014-11-07T04:36:58","slug":"denuncian-que-piedras-de-alcantarillado-impedirian-desagote-en-ruta-n5","status":"publish","type":"post","link":"https:\/\/www.hoymercedes.com.ar\/principal\/2014\/11\/07\/denuncian-que-piedras-de-alcantarillado-impedirian-desagote-en-ruta-n5\/","title":{"rendered":"Denuncian que piedras de alcantarillado impedir\u00edan desagote en Ruta N\u00b05"},"content":{"rendered":"<p><a href=\"https:\/\/www.hoymercedes.com.ar\/principal\/wp-content\/uploads\/2014\/11\/Benitez-VuelvoPiedrasClantestino-Ruta5.jpg\"><img loading=\"lazy\" decoding=\"async\" data-attachment-id=\"37569\" data-permalink=\"https:\/\/www.hoymercedes.com.ar\/principal\/2014\/11\/07\/denuncian-que-piedras-de-alcantarillado-impedirian-desagote-en-ruta-n5\/benitez-vuelvopiedrasclantestino-ruta5\/#main\" data-orig-file=\"https:\/\/www.hoymercedes.com.ar\/principal\/wp-content\/uploads\/2014\/11\/Benitez-VuelvoPiedrasClantestino-Ruta5.jpg\" data-orig-size=\"620,827\" data-comments-opened=\"1\" data-image-meta=\"{&quot;aperture&quot;:&quot;0&quot;,&quot;credit&quot;:&quot;&quot;,&quot;camera&quot;:&quot;&quot;,&quot;caption&quot;:&quot;&quot;,&quot;created_timestamp&quot;:&quot;0&quot;,&quot;copyright&quot;:&quot;&quot;,&quot;focal_length&quot;:&quot;0&quot;,&quot;iso&quot;:&quot;0&quot;,&quot;shutter_speed&quot;:&quot;0&quot;,&quot;title&quot;:&quot;&quot;,&quot;orientation&quot;:&quot;0&quot;}\" data-image-title=\"Benitez-VuelvoPiedrasClantestino-Ruta5\" data-image-description=\"\" data-image-caption=\"\" data-large-file=\"https:\/\/www.hoymercedes.com.ar\/principal\/wp-content\/uploads\/2014\/11\/Benitez-VuelvoPiedrasClantestino-Ruta5.jpg\" class=\"aligncenter wp-image-37569 size-full\" title=\"Img2014\" src=\"https:\/\/www.hoymercedes.com.ar\/principal\/wp-content\/uploads\/2014\/11\/Benitez-VuelvoPiedrasClantestino-Ruta5.jpg\" alt=\"Benitez-VuelvoPiedrasClantestino-Ruta5\" width=\"620\" height=\"827\" srcset=\"https:\/\/www.hoymercedes.com.ar\/principal\/wp-content\/uploads\/2014\/11\/Benitez-VuelvoPiedrasClantestino-Ruta5.jpg 620w, https:\/\/www.hoymercedes.com.ar\/principal\/wp-content\/uploads\/2014\/11\/Benitez-VuelvoPiedrasClantestino-Ruta5-464x620.jpg 464w\" sizes=\"auto, (max-width: 620px) 100vw, 620px\" \/><\/a><\/p>\n<p><em><strong>A partir de las exposiciones efectuadas por los vecinos el concejal Juan Carlos Benitez que desde hace un tiempo se encuentra exponiendo diversas problem\u00e1ticas de la ciudad \u00a0hizo p\u00fablico un hecho con graves consecuencias en las \u00faltimas inundaciones. \u00a0<\/strong><\/em><\/p>\n<p>El edil del PRO aprovech\u00f3 las redes sociales y desde su perfil de Facebook titul\u00f3 como <em>\u00abGrave, muy grave\u00bb<\/em>, la posibilidad de que piedras de alcantarillado hayan sido obst\u00e1culo para para el desag\u00fce de agua en las \u00faltimas lluvia e inundaci\u00f3n a\u00fan entre nosotros.<\/p>\n<p>Benitez manifest\u00f3: \u00ab<em>En la noche del 5 de Noviembre recib\u00ed a vecinos del Barrio San Jorge que con fotograf\u00edas en mano me mostraron el vuelco de piedras (de uso ferroviario) en el alcantarillado de ruta nacional 5 a la altura del km 101, lado\u00a0<span class=\"text_exposed_show\">sur, la obturaci\u00f3n es de tal magnitud que en los d\u00edas 28, 29 y 30 de Octubre impidi\u00f3 totalmente el paso del agua de un lado a otro, subi\u00f3 el nivel del lado sur (Mu\u00f1eco de Hueso) haciendo el recorrido rumbo al Barrio San Jorge, que adem\u00e1s de la acumulaci\u00f3n de agua propio de su geograf\u00eda recibi\u00f3 la del sector descripto.<\/span><\/em><\/p>\n<div id=\"id_545c49db60ca04361360704\" class=\"text_exposed_root text_exposed\"><span class=\"text_exposed_show\"><em>La operaci\u00f3n hecha por manos y \u00f3rdenes irresponsables, sin ning\u00fan criterio racional, tal vez haya impedido el ingreso de agua por calle 11, pero aneg\u00f3 otro barrio, es decir \u201cvisti\u00f3 un santo y desvisti\u00f3 a otro\u201d, m\u00e1s la operaci\u00f3n de sustracci\u00f3n de piedra hecha a juzgar por las huellas de pala frontal en acci\u00f3n en el mont\u00edculo existente frente a la estaci\u00f3n del ferrocarril Sarmiento y adem\u00e1s la intromisi\u00f3n en terrenos federales como lo es de taponar una alcantarilla en ruta nacional. Lamentable, muy lamentable.\u00bb<\/em>, sostuvo el edil.<\/span><\/div>\n<div class=\"text_exposed_root text_exposed\"><\/div>\n<div class=\"text_exposed_root text_exposed\">Benitez, de esta manera, expone para toda la ciudadan\u00eda uno problema, o potencial problema, que deber\u00e1 solucionarse y evitar a futuro.<\/div>\n<div class=\"text_exposed_root text_exposed\"><\/div>\n<div class=\"text_exposed_root text_exposed\"><\/div>\n<p>&nbsp;<\/p>\n","protected":false},"excerpt":{"rendered":"<p>A partir de las exposiciones efectuadas por los vecinos el concejal Juan Carlos Benitez que desde hace un tiempo se &#8230; <a title=\"Denuncian que piedras de alcantarillado impedir\u00edan desagote en Ruta N\u00b05\" class=\"read-more\" href=\"https:\/\/www.hoymercedes.com.ar\/principal\/2014\/11\/07\/denuncian-que-piedras-de-alcantarillado-impedirian-desagote-en-ruta-n5\/\" aria-label=\"Leer m\u00e1s sobre Denuncian que piedras de alcantarillado impedir\u00edan desagote en Ruta N\u00b05\">Leer m\u00e1s<\/a><\/p>\n","protected":false},"author":1,"featured_media":0,"comment_status":"open","ping_status":"open","sticky":false,"template":"","format":"standard","meta":{"_monsterinsights_skip_tracking":false,"_monsterinsights_sitenote_active":false,"_monsterinsights_sitenote_note":"","_monsterinsights_sitenote_category":0,"jetpack_post_was_ever_published":false,"_jetpack_newsletter_access":"","_jetpack_dont_email_post_to_subs":false,"_jetpack_newsletter_tier_id":0,"_jetpack_memberships_contains_paywalled_content":false,"_jetpack_memberships_contains_paid_content":false,"footnotes":"","jetpack_publicize_message":"","jetpack_publicize_feature_enabled":true,"jetpack_social_post_already_shared":false,"jetpack_social_options":{"image_generator_settings":{"template":"highway","default_image_id":0,"font":"","enabled":false},"version":2},"_wpas_customize_per_network":false},"categories":[8],"tags":[313,2185,6388],"class_list":["post-37568","post","type-post","status-publish","format-standard","hentry","category-sociedad","tag-juan-carlos-benitez","tag-pro-mercedes","tag-ruta-5-desague","generate-columns","tablet-grid-50","mobile-grid-100","grid-parent","grid-50"],"jetpack_publicize_connections":[],"jetpack_featured_media_url":"","wps_subtitle":"Inundaci\u00f3n 2014","jetpack_sharing_enabled":true,"_links":{"self":[{"href":"https:\/\/www.hoymercedes.com.ar\/principal\/wp-json\/wp\/v2\/posts\/37568","targetHints":{"allow":["GET"]}}],"collection":[{"href":"https:\/\/www.hoymercedes.com.ar\/principal\/wp-json\/wp\/v2\/posts"}],"about":[{"href":"https:\/\/www.hoymercedes.com.ar\/principal\/wp-json\/wp\/v2\/types\/post"}],"author":[{"embeddable":true,"href":"https:\/\/www.hoymercedes.com.ar\/principal\/wp-json\/wp\/v2\/users\/1"}],"replies":[{"embeddable":true,"href":"https:\/\/www.hoymercedes.com.ar\/principal\/wp-json\/wp\/v2\/comments?post=37568"}],"version-history":[{"count":0,"href":"https:\/\/www.hoymercedes.com.ar\/principal\/wp-json\/wp\/v2\/posts\/37568\/revisions"}],"wp:attachment":[{"href":"https:\/\/www.hoymercedes.com.ar\/principal\/wp-json\/wp\/v2\/media?parent=37568"}],"wp:term":[{"taxonomy":"category","embeddable":true,"href":"https:\/\/www.hoymercedes.com.ar\/principal\/wp-json\/wp\/v2\/categories?post=37568"},{"taxonomy":"post_tag","embeddable":true,"href":"https:\/\/www.hoymercedes.com.ar\/principal\/wp-json\/wp\/v2\/tags?post=37568"}],"curies":[{"name":"wp","href":"https:\/\/api.w.org\/{rel}","templated":true}]}}