{"id":3758,"date":"2011-04-26T19:21:23","date_gmt":"2011-04-26T19:21:23","guid":{"rendered":"http:\/\/www.hoymercedes.com.ar\/principal\/?p=3758"},"modified":"2011-04-26T19:21:23","modified_gmt":"2011-04-26T19:21:23","slug":"el-turismo-impacto-fuerte-en-mercedes","status":"publish","type":"post","link":"https:\/\/www.hoymercedes.com.ar\/principal\/2011\/04\/26\/el-turismo-impacto-fuerte-en-mercedes\/","title":{"rendered":"El turismo impact\u00f3 fuerte en Mercedes"},"content":{"rendered":"<figure id=\"attachment_3760\" aria-describedby=\"caption-attachment-3760\" style=\"width: 290px\" class=\"wp-caption alignleft\"><a href=\"https:\/\/www.hoymercedes.com.ar\/principal\/wp-content\/uploads\/2011\/04\/yomasjofre.jpg\"><img loading=\"lazy\" decoding=\"async\" data-attachment-id=\"3760\" data-permalink=\"https:\/\/www.hoymercedes.com.ar\/principal\/2011\/04\/26\/el-turismo-impacto-fuerte-en-mercedes\/yomasjofre\/#main\" data-orig-file=\"https:\/\/www.hoymercedes.com.ar\/principal\/wp-content\/uploads\/2011\/04\/yomasjofre.jpg\" data-orig-size=\"300,225\" data-comments-opened=\"1\" data-image-meta=\"{&quot;aperture&quot;:&quot;0&quot;,&quot;credit&quot;:&quot;&quot;,&quot;camera&quot;:&quot;&quot;,&quot;caption&quot;:&quot;&quot;,&quot;created_timestamp&quot;:&quot;0&quot;,&quot;copyright&quot;:&quot;&quot;,&quot;focal_length&quot;:&quot;0&quot;,&quot;iso&quot;:&quot;0&quot;,&quot;shutter_speed&quot;:&quot;0&quot;,&quot;title&quot;:&quot;&quot;}\" data-image-title=\"Tomas Jofre\" data-image-description=\"&lt;p&gt;Tomas Jofre&lt;\/p&gt;\n\" data-image-caption=\"&lt;p&gt;Tomas Jofre&lt;\/p&gt;\n\" data-large-file=\"https:\/\/www.hoymercedes.com.ar\/principal\/wp-content\/uploads\/2011\/04\/yomasjofre.jpg\" class=\"size-full wp-image-3760\" title=\"Tomas Jofre\" src=\"https:\/\/www.hoymercedes.com.ar\/principal\/wp-content\/uploads\/2011\/04\/yomasjofre.jpg\" alt=\"Tomas Jofre\" width=\"300\" height=\"225\" \/><\/a><figcaption id=\"caption-attachment-3760\" class=\"wp-caption-text\">Tomas Jofre. Foto: Dir Turismo.<\/figcaption><\/figure>\n<p>La ciudad se vio colmada en su capacidad tur\u00edstica en un 100%, dado la importante afluencia que se dio en el fin de semana largo pasado, Semana Santa, lo que aport\u00f3  excelentes dividendos al sector.<\/p>\n<p>Mercedes no es la excepci\u00f3n respecto al boom tur\u00edstico que se vive en todo el pa\u00eds. La capacidad hotelera estuvo desde el jueves \u2013primer d\u00eda del fin de semana largo de Semana Santa&#8211; casi colmada en su totalidad, Tom\u00e1s Jofr\u00e9 y el Parque tambi\u00e9n se vieron con una important\u00edsima afluencia tur\u00edstica. Con el correr de las horas, las pocas plazas hoteleras que a\u00fan no hab\u00edan sido reservadas, fueron vi\u00e9ndose colmadas en su totalidad. Desde antes del inicio del feriado, la hoteler\u00eda rural estaba con toda su capacidad hotelera cubierta en un 100%, incluida las caba\u00f1as.<\/p>\n<p>La hoteler\u00eda en el casco urbano, ten\u00eda un buen promedio de reservas para el viernes y con bastante disponibilidad para los d\u00edas jueves y s\u00e1bado. Pero con el correr de las horas de la ma\u00f1ana del jueves, la capacidad hotelera fue complet\u00e1ndose hasta llegar a un porcentaje muy alto en la toma de habitaciones por parte de los turistas que eligieron Mercedes para su descanso, incluso, por encima del pron\u00f3stico en toda la provincia de Buenos Aires, tal como ya sucedi\u00f3 el a\u00f1o anterior.<\/p>\n<p>La provincia de Buenos Aires registr\u00f3 un nuevo r\u00e9cord de reservas de alojamiento para el fin de semana largo, que fue del 21 al 24 de abril, con una ocupaci\u00f3n promedio que supera el 85% en todo el territorio, convirti\u00e9ndose en la mejor Semana Santa de los \u00faltimos 10 a\u00f1os.<\/p>\n<p>El secretario de Turismo, Ignacio Crotto, asegur\u00f3 que el desempe\u00f1o hotelero en Tandil, Sierra de la Ventana, San Pedro, San Antonio de Areco, San Miguel del Monte y Tigre, entre otros destinos, super\u00f3 el 80% de ocupaci\u00f3n, reflejando un \u201cmovimiento espectacular\u201d durante el fin de semana largo.<\/p>\n<p>Se\u00f1al\u00f3 adem\u00e1s que en la Costa Atl\u00e1ntica \u201cvarias ciudades manifestaron importantes registros de turistas en las categor\u00edas superiores de alojamiento, logrando porcentajes superiores al 90%\u201d, mientras que Mar del Plata se caracteriz\u00f3 por mantener un promedio de ocupaci\u00f3n del 65% en todos los niveles.<\/p>\n<p>Respecto a nuestra ciudad, el Secretario advirti\u00f3 que los destinos de fin de semana y rurales, se vieron fuertemente visitados por el turismo, Mercedes, entre otras localidades, estuvieron apenas por debajo del 100% de la capacidad hotelera colmada. Sabemos muy bien que desde hac\u00eda un tiempo ya no hab\u00eda lugar para las reservas rurales, y quedaba pocas plazas en la hoteler\u00eda del casco urbano\u201d.<\/p>\n<p>\u201cEstamos muy conformes por el desempe\u00f1o de estas minivacaciones\u201d, dijo Crotto y puso \u00e9nfasis en el \u00e9xito del operativo de seguridad vial, encabezado por el gobernador Daniel Scioli, que ayud\u00f3 a concientizar sobre la importancia de un manejo responsable\u201d.<\/p>\n<p>Consultado el director de Turismo local, Marcelo Melo, nos asegur\u00f3 que el flujo de turistas fue tan bueno como sorprendente. \u201cYa no podemos decir que se vive una situaci\u00f3n especial, el boom tur\u00edstico en todo el pa\u00eds tambi\u00e9n puede verse en nuestra ciudad. Adem\u00e1s de la importante toma de habitaciones por parte de turistas en la hoteler\u00eda, es much\u00edsima la gente que viene a pasar el d\u00eda y no toma habitaciones, pero que si pasan el d\u00eda. Es importante la afluencia de turistas en la ciudad, en el Parque Municipal y en Tom\u00e1s Jofr\u00e9 se vivi\u00f3 un fin de semana con much\u00edsimo trabajo a pesar de las inclemencias clim\u00e1ticas de los primeros d\u00edas\u201d, sostuvo el funcionario.<\/p>\n<p>\u201cDesde el gobierno nacional y provincial, no paran de mostrar los n\u00fameros de los \u00edndices de crecimiento y \u00e9stos hechos muestran claramente lo que sucede en nuestra ciudad, provincia y pa\u00eds. La direcci\u00f3n de Turismo no par\u00f3 de recibir gente durante los d\u00edas del feriado. Adem\u00e1s, debemos tener en cuenta que la mayor\u00eda de los turistas vienen a Mercedes atra\u00eddos por lo gastron\u00f3mico, y que ese turista va y viene en el d\u00eda, por lo que los n\u00fameros que estamos dando a conocer, quedan muy por debajo de la realidad que queda demostrada los fines de semana y m\u00e1s a\u00fan, los fines de semana largo, agreg\u00f3 Melo.<\/p>\n<p>Para finalizar, el director de Turismo sostuvo que el sello del crecimiento en lo tur\u00edstico \u201cest\u00e1 claramente marcado con las pol\u00edticas aceitadas entre naci\u00f3n, provincia y municipio. Los nuevos feriado impulsados por la presidenta Cristina, multiplic\u00f3 las minivacaciones que pueden tomarse los argentinos y del estado de bienestar que se percibe. Y ni hablar, del espaldarazo que se le dio al turismo desde que est\u00e1 Carlos Selva al frente del municipio. Hoy podemos hablar que el turismo es un fuerte sector econ\u00f3mico de la ciudad y eso surgi\u00f3 a partir del actual intendente y m\u00e1s, teniendo el amplio apoyo de la Secretar\u00eda de Turismo de la provincia y del gobernador Daniel Scioli. S\u00f3lo hay que ejercitar la memoria y recordar lo que era Mercedes antes de Selva y con Carlos Selva en esta materia. Y ni siquiera, hablamos de las fiestas populares\u201d.<\/p>\n<p><strong>Asistencia T\u00e9cnica<\/strong><\/p>\n<p>El mi\u00e9rcoles, la direcci\u00f3n de Turismo estar\u00e1 participando de una asistencia t\u00e9cnica en el desarrollo de productos, en una jornada organizada por la Direcci\u00f3n Provincial de Desarrololo de Calidad y Servicios Tur\u00edsticos, de la Secretar\u00eda de Turismo de la provincia de Buenos Aires en San Andr\u00e9s de Giles.<\/p>\n<p>En tanto, los d\u00edas 5 y 6 de mayo, la direcci\u00f3n ser\u00e1 de la partida del Foro Internacional de Turismo, organizado por CAME.<\/p>\n<p>&nbsp;<\/p>\n","protected":false},"excerpt":{"rendered":"<p>La ciudad se vio colmada en su capacidad tur\u00edstica en un 100%, dado la importante afluencia que se dio en &#8230; <a title=\"El turismo impact\u00f3 fuerte en Mercedes\" class=\"read-more\" href=\"https:\/\/www.hoymercedes.com.ar\/principal\/2011\/04\/26\/el-turismo-impacto-fuerte-en-mercedes\/\" aria-label=\"Leer m\u00e1s sobre El turismo impact\u00f3 fuerte en Mercedes\">Leer m\u00e1s<\/a><\/p>\n","protected":false},"author":1,"featured_media":0,"comment_status":"open","ping_status":"open","sticky":false,"template":"","format":"standard","meta":{"_monsterinsights_skip_tracking":false,"_monsterinsights_sitenote_active":false,"_monsterinsights_sitenote_note":"","_monsterinsights_sitenote_category":0,"jetpack_post_was_ever_published":false,"_jetpack_newsletter_access":"","_jetpack_dont_email_post_to_subs":false,"_jetpack_newsletter_tier_id":0,"_jetpack_memberships_contains_paywalled_content":false,"_jetpack_memberships_contains_paid_content":false,"footnotes":"","jetpack_publicize_message":"","jetpack_publicize_feature_enabled":true,"jetpack_social_post_already_shared":false,"jetpack_social_options":{"image_generator_settings":{"template":"highway","default_image_id":0,"font":"","enabled":false},"version":2},"_wpas_customize_per_network":false},"categories":[30],"tags":[732,403,594],"class_list":["post-3758","post","type-post","status-publish","format-standard","hentry","category-municipio","tag-direccion-de-turimo-mercedes","tag-marcelo-melo","tag-tomas-jofre","generate-columns","tablet-grid-50","mobile-grid-100","grid-parent","grid-50"],"jetpack_publicize_connections":[],"jetpack_featured_media_url":"","wps_subtitle":"","jetpack_sharing_enabled":true,"_links":{"self":[{"href":"https:\/\/www.hoymercedes.com.ar\/principal\/wp-json\/wp\/v2\/posts\/3758","targetHints":{"allow":["GET"]}}],"collection":[{"href":"https:\/\/www.hoymercedes.com.ar\/principal\/wp-json\/wp\/v2\/posts"}],"about":[{"href":"https:\/\/www.hoymercedes.com.ar\/principal\/wp-json\/wp\/v2\/types\/post"}],"author":[{"embeddable":true,"href":"https:\/\/www.hoymercedes.com.ar\/principal\/wp-json\/wp\/v2\/users\/1"}],"replies":[{"embeddable":true,"href":"https:\/\/www.hoymercedes.com.ar\/principal\/wp-json\/wp\/v2\/comments?post=3758"}],"version-history":[{"count":0,"href":"https:\/\/www.hoymercedes.com.ar\/principal\/wp-json\/wp\/v2\/posts\/3758\/revisions"}],"wp:attachment":[{"href":"https:\/\/www.hoymercedes.com.ar\/principal\/wp-json\/wp\/v2\/media?parent=3758"}],"wp:term":[{"taxonomy":"category","embeddable":true,"href":"https:\/\/www.hoymercedes.com.ar\/principal\/wp-json\/wp\/v2\/categories?post=3758"},{"taxonomy":"post_tag","embeddable":true,"href":"https:\/\/www.hoymercedes.com.ar\/principal\/wp-json\/wp\/v2\/tags?post=3758"}],"curies":[{"name":"wp","href":"https:\/\/api.w.org\/{rel}","templated":true}]}}