{"id":37604,"date":"2014-11-09T12:13:39","date_gmt":"2014-11-09T15:13:39","guid":{"rendered":"http:\/\/www.hoymercedes.com.ar\/principal\/?p=37604"},"modified":"2014-11-11T10:18:44","modified_gmt":"2014-11-11T13:18:44","slug":"orden-del-concejo-deliberante-completo","status":"publish","type":"post","link":"https:\/\/www.hoymercedes.com.ar\/principal\/2014\/11\/09\/orden-del-concejo-deliberante-completo\/","title":{"rendered":"Orden del Concejo Deliberante completo"},"content":{"rendered":"<p><em><strong>Este lunes habr\u00e1 una nueva sesi\u00f3n del Concejo Deliberante de nuestra ciudad. Es la primera tras las graves inundaciones vividas. El orden del d\u00eda que los ediles tratar\u00e1n, como es habitual, incluye diversos temas, entre los cuales est\u00e1n pedidos de vecinos para mejoramientos de ingresos barriales, solicitud de mayor cobertura del estacionamiento medido, pedido de veteranos de Malvinas para que eval\u00faen declarar ciudadano ilustre a H\u00e9ctor Atilio Stella, tambi\u00e9n\u00a0varios asuntos vinculados a peque\u00f1as obras y reparaciones, entre otras cuestiones.<\/strong><\/em><\/p>\n<p>Enterate de todo lo que los ediles deber\u00edan tratar mirando el orden completo:<\/p>\n<p>&nbsp;<\/p>\n<div class=\"issuuembed\" style=\"width: 620px; height: 802px;\" data-configid=\"5622510\/10072628\"><\/div>\n<p><script src=\"\/\/e.issuu.com\/embed.js\" async=\"true\" type=\"text\/javascript\"><\/script><\/p>\n","protected":false},"excerpt":{"rendered":"<p>Este lunes habr\u00e1 una nueva sesi\u00f3n del Concejo Deliberante de nuestra ciudad. Es la primera tras las graves inundaciones vividas. &#8230; <a title=\"Orden del Concejo Deliberante completo\" class=\"read-more\" href=\"https:\/\/www.hoymercedes.com.ar\/principal\/2014\/11\/09\/orden-del-concejo-deliberante-completo\/\" aria-label=\"Leer m\u00e1s sobre Orden del Concejo Deliberante completo\">Leer m\u00e1s<\/a><\/p>\n","protected":false},"author":1,"featured_media":0,"comment_status":"open","ping_status":"open","sticky":false,"template":"","format":"standard","meta":{"_monsterinsights_skip_tracking":false,"_monsterinsights_sitenote_active":false,"_monsterinsights_sitenote_note":"","_monsterinsights_sitenote_category":0,"jetpack_post_was_ever_published":false,"_jetpack_newsletter_access":"","_jetpack_dont_email_post_to_subs":false,"_jetpack_newsletter_tier_id":0,"_jetpack_memberships_contains_paywalled_content":false,"_jetpack_memberships_contains_paid_content":false,"footnotes":"","jetpack_publicize_message":"","jetpack_publicize_feature_enabled":true,"jetpack_social_post_already_shared":false,"jetpack_social_options":{"image_generator_settings":{"template":"highway","default_image_id":0,"font":"","enabled":false},"version":2},"_wpas_customize_per_network":false},"categories":[5],"tags":[6395,45,6394],"class_list":["post-37604","post","type-post","status-publish","format-standard","hentry","category-politica","tag-concejo-10-11-2014","tag-concejo-deliberante-mercedes","tag-ordel-del-dia","generate-columns","tablet-grid-50","mobile-grid-100","grid-parent","grid-50"],"jetpack_publicize_connections":[],"jetpack_featured_media_url":"","wps_subtitle":"Poder legislativo ","jetpack_sharing_enabled":true,"jetpack-related-posts":[{"id":41905,"url":"https:\/\/www.hoymercedes.com.ar\/principal\/2015\/05\/25\/concejo-deliberante-conoce-el-orden-del-dia-que-debatiran-los-ediles\/","url_meta":{"origin":37604,"position":0},"title":"Concejo Deliberante: conoc\u00e9 el orden del d\u00eda que debatir\u00e1n los ediles","author":"hoymercedes","date":"25 mayo, 2015","format":false,"excerpt":"Se llevar\u00e1 a cabo \u00e9ste martes 26 una nueva sesi\u00f3n de Concejo Deliberante de Mercedes. La sesi\u00f3n tiene un extenso orden del d\u00eda. Entre algunos temas que se prev\u00e9n est\u00e1 por despacho dividido la rendici\u00f3n de cuentas del Departamento Ejecutivo, varios pedidos del Presidente de la UCR, Oscar Albini y\u2026","rel":"","context":"En \u00abPol\u00edtica\u00bb","block_context":{"text":"Pol\u00edtica","link":"https:\/\/www.hoymercedes.com.ar\/principal\/category\/politica\/"},"img":{"alt_text":"","src":"https:\/\/i0.wp.com\/www.hoymercedes.com.ar\/principal\/wp-content\/uploads\/2015\/05\/h.c.d26.05.2015.png?resize=350%2C200&ssl=1","width":350,"height":200,"srcset":"https:\/\/i0.wp.com\/www.hoymercedes.com.ar\/principal\/wp-content\/uploads\/2015\/05\/h.c.d26.05.2015.png?resize=350%2C200&ssl=1 1x, https:\/\/i0.wp.com\/www.hoymercedes.com.ar\/principal\/wp-content\/uploads\/2015\/05\/h.c.d26.05.2015.png?resize=525%2C300&ssl=1 1.5x"},"classes":[]},{"id":42280,"url":"https:\/\/www.hoymercedes.com.ar\/principal\/2015\/06\/07\/orden-completo-del-concejo-deliberante-entre-libro-de-quejas-ramas-y-luminarias\/","url_meta":{"origin":37604,"position":1},"title":"Orden completo del Concejo Deliberante: entre libro de quejas, ramas y luminarias","author":"hoymercedes","date":"7 junio, 2015","format":false,"excerpt":"Este lunes se vuelve a reunir el Concejo Deliberante de Mercedes donde tratar\u00e1n diversos temas de la realidad local. El orden del d\u00eda incluye pedidos diversos, desde los propios ediles a particulares y hombres integrantes de diversas fuerzas. Desde una solicitud de \"S\u00edndico municipal\" a que se habilite un \"libro\u2026","rel":"","context":"En \u00abCiudad\u00bb","block_context":{"text":"Ciudad","link":"https:\/\/www.hoymercedes.com.ar\/principal\/category\/ciudad\/"},"img":{"alt_text":"","src":"https:\/\/i0.wp.com\/www.hoymercedes.com.ar\/principal\/wp-content\/uploads\/2015\/06\/ConcejoDeliberante.-08.06.2015.png?resize=350%2C200&ssl=1","width":350,"height":200,"srcset":"https:\/\/i0.wp.com\/www.hoymercedes.com.ar\/principal\/wp-content\/uploads\/2015\/06\/ConcejoDeliberante.-08.06.2015.png?resize=350%2C200&ssl=1 1x, https:\/\/i0.wp.com\/www.hoymercedes.com.ar\/principal\/wp-content\/uploads\/2015\/06\/ConcejoDeliberante.-08.06.2015.png?resize=525%2C300&ssl=1 1.5x"},"classes":[]},{"id":35789,"url":"https:\/\/www.hoymercedes.com.ar\/principal\/2014\/09\/07\/que-tratara-el-concejo-lee-el-orden-del-dia-completo\/","url_meta":{"origin":37604,"position":2},"title":"\u00bfQu\u00e9 tratar\u00e1 el Concejo? Lee el orden del d\u00eda completo","author":"hoymercedes","date":"7 septiembre, 2014","format":false,"excerpt":"Conoc\u00e9 el orden del d\u00eda del Concejo Deliberante de Mercedes de \u00e9ste lunes. Se llevar\u00e1 una nueva sesi\u00f3n del Concejo Deliberante de nuestra ciudad. Como siempre desde las 19.00hs en el recinto de avenida 29 entre 24 y 26. Un amplio temario que incluye variadas tem\u00e1ticas, como ser algunas solicitudes\u2026","rel":"","context":"En \u00abPol\u00edtica\u00bb","block_context":{"text":"Pol\u00edtica","link":"https:\/\/www.hoymercedes.com.ar\/principal\/category\/politica\/"},"img":{"alt_text":"ConcejoDeliberanteMercedes","src":"https:\/\/i0.wp.com\/www.hoymercedes.com.ar\/principal\/wp-content\/uploads\/2014\/09\/ConcejoDeliberanteMercedes.jpg?resize=350%2C200","width":350,"height":200,"srcset":"https:\/\/i0.wp.com\/www.hoymercedes.com.ar\/principal\/wp-content\/uploads\/2014\/09\/ConcejoDeliberanteMercedes.jpg?resize=350%2C200 1x, https:\/\/i0.wp.com\/www.hoymercedes.com.ar\/principal\/wp-content\/uploads\/2014\/09\/ConcejoDeliberanteMercedes.jpg?resize=525%2C300 1.5x"},"classes":[]},{"id":178674,"url":"https:\/\/www.hoymercedes.com.ar\/principal\/2024\/09\/10\/jubilados-se-movilizaron-a-la-plaza-y-al-concejo-deliberante\/","url_meta":{"origin":37604,"position":3},"title":"Jubilados se movilizaron a la Plaza y al Concejo Deliberante","author":"hoymercedes","date":"10 septiembre, 2024","format":false,"excerpt":"Distintos Centros y Agrupaciones de Jubilados y Pensionados en Mercedes se reunieron en plaza San Mart\u00edn para recolectar firmas contra el veto del presidente Milei al peque\u00f1o aumento que recibir\u00edan este mes y que sali\u00f3 por ley. Desde la ma\u00f1ana y durante casi todo el d\u00eda los mercedinos pod\u00edan dar\u2026","rel":"","context":"En \u00abNaci\u00f3n\u00bb","block_context":{"text":"Naci\u00f3n","link":"https:\/\/www.hoymercedes.com.ar\/principal\/category\/nacion\/"},"img":{"alt_text":"Jubilados se movilizaron a la Plaza y al Concejo Deliberante","src":"https:\/\/i0.wp.com\/www.hoymercedes.com.ar\/principal\/wp-content\/uploads\/2024\/09\/Jubilados-Reclamo.jpg?resize=350%2C200&ssl=1","width":350,"height":200,"srcset":"https:\/\/i0.wp.com\/www.hoymercedes.com.ar\/principal\/wp-content\/uploads\/2024\/09\/Jubilados-Reclamo.jpg?resize=350%2C200&ssl=1 1x, https:\/\/i0.wp.com\/www.hoymercedes.com.ar\/principal\/wp-content\/uploads\/2024\/09\/Jubilados-Reclamo.jpg?resize=525%2C300&ssl=1 1.5x, https:\/\/i0.wp.com\/www.hoymercedes.com.ar\/principal\/wp-content\/uploads\/2024\/09\/Jubilados-Reclamo.jpg?resize=700%2C400&ssl=1 2x, https:\/\/i0.wp.com\/www.hoymercedes.com.ar\/principal\/wp-content\/uploads\/2024\/09\/Jubilados-Reclamo.jpg?resize=1050%2C600&ssl=1 3x"},"classes":[]},{"id":179865,"url":"https:\/\/www.hoymercedes.com.ar\/principal\/2024\/10\/21\/el-pro-se-separo-de-juntos-en-el-concejo-deliberante\/","url_meta":{"origin":37604,"position":4},"title":"El PRO se separ\u00f3 de Juntos en el Concejo Deliberante","author":"hoymercedes","date":"21 octubre, 2024","format":false,"excerpt":"https:\/\/youtu.be\/urWnhaDTPxA Seg\u00fan se supo tras emitir una nota as\u00ed solicit\u00e1ndolo el bloque del PRO se convierte en un bloque separado de Juntos. Por el otro lado quedan la Uni\u00f3n C\u00edvica Radical y la Coalici\u00f3n C\u00edvica. Evangelina Cabral ser\u00e1 su presidenta. El espacio qued\u00f3 conformado por los ediles Mangoni, Munarriz y\u2026","rel":"","context":"En \u00abPol\u00edtica\u00bb","block_context":{"text":"Pol\u00edtica","link":"https:\/\/www.hoymercedes.com.ar\/principal\/category\/politica\/"},"img":{"alt_text":"Se quebr\u00f3 el PRO","src":"https:\/\/i0.wp.com\/www.hoymercedes.com.ar\/principal\/wp-content\/uploads\/2024\/10\/Captura-de-pantalla-2024-10-21-003137.png?resize=350%2C200&ssl=1","width":350,"height":200,"srcset":"https:\/\/i0.wp.com\/www.hoymercedes.com.ar\/principal\/wp-content\/uploads\/2024\/10\/Captura-de-pantalla-2024-10-21-003137.png?resize=350%2C200&ssl=1 1x, https:\/\/i0.wp.com\/www.hoymercedes.com.ar\/principal\/wp-content\/uploads\/2024\/10\/Captura-de-pantalla-2024-10-21-003137.png?resize=525%2C300&ssl=1 1.5x, https:\/\/i0.wp.com\/www.hoymercedes.com.ar\/principal\/wp-content\/uploads\/2024\/10\/Captura-de-pantalla-2024-10-21-003137.png?resize=700%2C400&ssl=1 2x, https:\/\/i0.wp.com\/www.hoymercedes.com.ar\/principal\/wp-content\/uploads\/2024\/10\/Captura-de-pantalla-2024-10-21-003137.png?resize=1050%2C600&ssl=1 3x"},"classes":[]},{"id":104097,"url":"https:\/\/www.hoymercedes.com.ar\/principal\/2019\/12\/16\/estaria-todo-listo-para-que-sesione-el-concejo-deliberante\/","url_meta":{"origin":37604,"position":5},"title":"Estar\u00eda todo listo para que sesione el Concejo Deliberante","author":"hoymercedes","date":"16 diciembre, 2019","format":false,"excerpt":"Concejo Deliberante Mercedes Este lunes podr\u00eda darse una nueva sesi\u00f3n del Concejo Deliberante. Seg\u00fan se supo hubo una buena reuni\u00f3n durante la semana, con di\u00e1logo y consensos para conseguir el tan anhelado qu\u00f3rum. Se supo existi\u00f3 una reuni\u00f3n entre el presidente del cuerpo, Mat\u00edas Dematei, y los ediles de Cambiemos\u2026","rel":"","context":"En \u00abPol\u00edtica\u00bb","block_context":{"text":"Pol\u00edtica","link":"https:\/\/www.hoymercedes.com.ar\/principal\/category\/politica\/"},"img":{"alt_text":"","src":"https:\/\/i0.wp.com\/www.hoymercedes.com.ar\/principal\/wp-content\/uploads\/2013\/03\/ConcejoDeliberante.jpg?resize=350%2C200&ssl=1","width":350,"height":200,"srcset":"https:\/\/i0.wp.com\/www.hoymercedes.com.ar\/principal\/wp-content\/uploads\/2013\/03\/ConcejoDeliberante.jpg?resize=350%2C200&ssl=1 1x, https:\/\/i0.wp.com\/www.hoymercedes.com.ar\/principal\/wp-content\/uploads\/2013\/03\/ConcejoDeliberante.jpg?resize=525%2C300&ssl=1 1.5x"},"classes":[]}],"_links":{"self":[{"href":"https:\/\/www.hoymercedes.com.ar\/principal\/wp-json\/wp\/v2\/posts\/37604","targetHints":{"allow":["GET"]}}],"collection":[{"href":"https:\/\/www.hoymercedes.com.ar\/principal\/wp-json\/wp\/v2\/posts"}],"about":[{"href":"https:\/\/www.hoymercedes.com.ar\/principal\/wp-json\/wp\/v2\/types\/post"}],"author":[{"embeddable":true,"href":"https:\/\/www.hoymercedes.com.ar\/principal\/wp-json\/wp\/v2\/users\/1"}],"replies":[{"embeddable":true,"href":"https:\/\/www.hoymercedes.com.ar\/principal\/wp-json\/wp\/v2\/comments?post=37604"}],"version-history":[{"count":0,"href":"https:\/\/www.hoymercedes.com.ar\/principal\/wp-json\/wp\/v2\/posts\/37604\/revisions"}],"wp:attachment":[{"href":"https:\/\/www.hoymercedes.com.ar\/principal\/wp-json\/wp\/v2\/media?parent=37604"}],"wp:term":[{"taxonomy":"category","embeddable":true,"href":"https:\/\/www.hoymercedes.com.ar\/principal\/wp-json\/wp\/v2\/categories?post=37604"},{"taxonomy":"post_tag","embeddable":true,"href":"https:\/\/www.hoymercedes.com.ar\/principal\/wp-json\/wp\/v2\/tags?post=37604"}],"curies":[{"name":"wp","href":"https:\/\/api.w.org\/{rel}","templated":true}]}}