{"id":37606,"date":"2014-11-09T12:31:43","date_gmt":"2014-11-09T15:31:43","guid":{"rendered":"http:\/\/www.hoymercedes.com.ar\/principal\/?p=37606"},"modified":"2014-11-18T22:37:56","modified_gmt":"2014-11-19T01:37:56","slug":"casa-joven-sigue-programando-actividades-solidarias-con-la-baja-del-agua","status":"publish","type":"post","link":"https:\/\/www.hoymercedes.com.ar\/principal\/2014\/11\/09\/casa-joven-sigue-programando-actividades-solidarias-con-la-baja-del-agua\/","title":{"rendered":"Casa Joven sigue programando actividades solidarias con la baja del agua"},"content":{"rendered":"<p><a href=\"https:\/\/www.hoymercedes.com.ar\/principal\/wp-content\/uploads\/2014\/11\/cj.mercedes.postluvia.jpg\"><img loading=\"lazy\" decoding=\"async\" data-attachment-id=\"37607\" data-permalink=\"https:\/\/www.hoymercedes.com.ar\/principal\/2014\/11\/09\/casa-joven-sigue-programando-actividades-solidarias-con-la-baja-del-agua\/cj-mercedes-postluvia\/#main\" data-orig-file=\"https:\/\/www.hoymercedes.com.ar\/principal\/wp-content\/uploads\/2014\/11\/cj.mercedes.postluvia.jpg\" data-orig-size=\"620,349\" data-comments-opened=\"1\" data-image-meta=\"{&quot;aperture&quot;:&quot;0&quot;,&quot;credit&quot;:&quot;&quot;,&quot;camera&quot;:&quot;&quot;,&quot;caption&quot;:&quot;&quot;,&quot;created_timestamp&quot;:&quot;0&quot;,&quot;copyright&quot;:&quot;&quot;,&quot;focal_length&quot;:&quot;0&quot;,&quot;iso&quot;:&quot;0&quot;,&quot;shutter_speed&quot;:&quot;0&quot;,&quot;title&quot;:&quot;&quot;,&quot;orientation&quot;:&quot;0&quot;}\" data-image-title=\"cj.mercedes.postluvia\" data-image-description=\"\" data-image-caption=\"\" data-large-file=\"https:\/\/www.hoymercedes.com.ar\/principal\/wp-content\/uploads\/2014\/11\/cj.mercedes.postluvia.jpg\" class=\"Img2014 aligncenter wp-image-37607 size-full\" src=\"https:\/\/www.hoymercedes.com.ar\/principal\/wp-content\/uploads\/2014\/11\/cj.mercedes.postluvia.jpg\" alt=\"cj.mercedes.postluvia\" width=\"620\" height=\"349\" \/><\/a><\/p>\n<p><em><strong>Si bien el agua desciende las necesidades persisten. Es una verdad que reconocemos todos en la arena local y algunos espacios pol\u00edticos trabajan en ello. Desde el primer momento hemos visto a la Agrupaci\u00f3n Casa Joven, conducida por Juan Pablo L\u00f3pez, estando cerca de los afectados por medio de la tarea solidaria de las voluntades pol\u00edticas.<\/strong><\/em><\/p>\n<p>En \u201cEl tri\u00e1ngulo\u201d, por ejemplo, donde el agua empieza a permitir registrar la baja, pero, con la clara exposici\u00f3n de las necesidades.<\/p>\n<p>Desde el espacio de Casa Joven sigue preparando viandas, bolsas con asistencia, ayudas solidarias a los afectados.<\/p>\n<p>Como se hizo hasta ahora, se recuerda desde el espacio de calle 14 y 33 que pueden los mercedinos que lo deseen acercarse y dejar su donaci\u00f3n. Velas, pa\u00f1ales, alimentos no perecederos, desinfectantes, lavandina, todo es necesario.<\/p>\n<p>&nbsp;<\/p>\n","protected":false},"excerpt":{"rendered":"<p>Si bien el agua desciende las necesidades persisten. Es una verdad que reconocemos todos en la arena local y algunos &#8230; <a title=\"Casa Joven sigue programando actividades solidarias con la baja del agua\" class=\"read-more\" href=\"https:\/\/www.hoymercedes.com.ar\/principal\/2014\/11\/09\/casa-joven-sigue-programando-actividades-solidarias-con-la-baja-del-agua\/\" aria-label=\"Leer m\u00e1s sobre Casa Joven sigue programando actividades solidarias con la baja del agua\">Leer m\u00e1s<\/a><\/p>\n","protected":false},"author":1,"featured_media":0,"comment_status":"open","ping_status":"open","sticky":false,"template":"","format":"standard","meta":{"_monsterinsights_skip_tracking":false,"_monsterinsights_sitenote_active":false,"_monsterinsights_sitenote_note":"","_monsterinsights_sitenote_category":0,"jetpack_post_was_ever_published":false,"_jetpack_newsletter_access":"","_jetpack_dont_email_post_to_subs":false,"_jetpack_newsletter_tier_id":0,"_jetpack_memberships_contains_paywalled_content":false,"_jetpack_memberships_contains_paid_content":false,"footnotes":"","jetpack_publicize_message":"","jetpack_publicize_feature_enabled":true,"jetpack_social_post_already_shared":false,"jetpack_social_options":{"image_generator_settings":{"template":"highway","default_image_id":0,"font":"","enabled":false},"version":2},"_wpas_customize_per_network":false},"categories":[5],"tags":[3,273],"class_list":["post-37606","post","type-post","status-publish","format-standard","hentry","category-politica","tag-casa-joven","tag-juan-pablo-lopez","generate-columns","tablet-grid-50","mobile-grid-100","grid-parent","grid-50"],"jetpack_publicize_connections":[],"jetpack_featured_media_url":"","wps_subtitle":"Inundaci\u00f3n 2014","jetpack_sharing_enabled":true,"jetpack-related-posts":[{"id":15414,"url":"https:\/\/www.hoymercedes.com.ar\/principal\/2012\/08\/19\/casa-joven-recolecta-donaciones-para-afectados\/","url_meta":{"origin":37606,"position":0},"title":"Casa Joven recolecta donaciones para afectados","author":"hoymercedes","date":"19 agosto, 2012","format":false,"excerpt":"Desde el espacio pol\u00edtico conducido por Juan Pablo L\u00f3pez que integra el Frente Mercedino para la Victoria anuncian la recolecci\u00f3n de donaciones para asistir a los afectados en nuestra ciudad por el grave temporal vivido. Nuestra ciudad ha sido una de las afectadas por el crecimiento del r\u00edo Luj\u00e1n y\u2026","rel":"","context":"En \u00abSociedad\u00bb","block_context":{"text":"Sociedad","link":"https:\/\/www.hoymercedes.com.ar\/principal\/category\/sociedad\/"},"img":{"alt_text":"","src":"","width":0,"height":0},"classes":[]},{"id":21203,"url":"https:\/\/www.hoymercedes.com.ar\/principal\/2013\/04\/04\/casa-joven-participa-de-actividades-solidarias-en-la-plata\/","url_meta":{"origin":37606,"position":1},"title":"Casa Joven participa de actividades solidarias en La Plata","author":"hoymercedes","date":"4 abril, 2013","format":false,"excerpt":"Dentro de la gran crisis que se gener\u00f3 durante los \u00faltimos d\u00edas en la provincia de Buenos Aires y la Capital Federal con un grave epicentro en la capital provincial un grupo de mercedinos se acerc\u00f3 a los lugares a dar una mano en las diversas tareas solidarias que se\u2026","rel":"","context":"En \u00abPol\u00edtica\u00bb","block_context":{"text":"Pol\u00edtica","link":"https:\/\/www.hoymercedes.com.ar\/principal\/category\/politica\/"},"img":{"alt_text":"Juan Pablo L\u00f3pez. Foto: JPL Facebook","src":"https:\/\/i0.wp.com\/www.hoymercedes.com.ar\/principal\/wp-content\/uploads\/2013\/04\/JuanPabloLopez.jpg?resize=350%2C200","width":350,"height":200,"srcset":"https:\/\/i0.wp.com\/www.hoymercedes.com.ar\/principal\/wp-content\/uploads\/2013\/04\/JuanPabloLopez.jpg?resize=350%2C200 1x, https:\/\/i0.wp.com\/www.hoymercedes.com.ar\/principal\/wp-content\/uploads\/2013\/04\/JuanPabloLopez.jpg?resize=525%2C300 1.5x"},"classes":[]},{"id":19856,"url":"https:\/\/www.hoymercedes.com.ar\/principal\/2013\/02\/10\/casa-joven-organiza-actividades-solidarias-y-recuerda-a-gonzalo-segovia\/","url_meta":{"origin":37606,"position":2},"title":"Casa Joven organiza actividades solidarias y recuerda a Gonzalo Segovia","author":"hoymercedes","date":"10 febrero, 2013","format":false,"excerpt":"Desde Casa Joven empezaron el a\u00f1o con fuerza preparando una serie de tareas en pos de beneficiar a diversas comunidades barriales. La Agrupaci\u00f3n conducida por el concejal Juan Pablo L\u00f3pez integra el Frente Mercedino para la Victoria. En esta ocasi\u00f3n se trata de un encuentro de militantes y vecinos en\u2026","rel":"","context":"En \u00abSociedad\u00bb","block_context":{"text":"Sociedad","link":"https:\/\/www.hoymercedes.com.ar\/principal\/category\/sociedad\/"},"img":{"alt_text":"Casa joven","src":"https:\/\/i0.wp.com\/www.hoymercedes.com.ar\/principal\/wp-content\/uploads\/2013\/02\/CasaJoven-FacundoQuiroga-I.jpg?resize=350%2C200","width":350,"height":200,"srcset":"https:\/\/i0.wp.com\/www.hoymercedes.com.ar\/principal\/wp-content\/uploads\/2013\/02\/CasaJoven-FacundoQuiroga-I.jpg?resize=350%2C200 1x, https:\/\/i0.wp.com\/www.hoymercedes.com.ar\/principal\/wp-content\/uploads\/2013\/02\/CasaJoven-FacundoQuiroga-I.jpg?resize=525%2C300 1.5x"},"classes":[]},{"id":12880,"url":"https:\/\/www.hoymercedes.com.ar\/principal\/2012\/05\/14\/casa-joven-cumple-dos-anos-de-vida-poliitca\/","url_meta":{"origin":37606,"position":3},"title":"Casa Joven cumple dos a\u00f1os de vida pol\u00edtica","author":"hoymercedes","date":"14 mayo, 2012","format":false,"excerpt":"El espacio pol\u00edtico de Casa Joven cumple dos a\u00f1os de vida y de propuestas a la comunidad. Con sede propia en calles 14 y 35. El 14 de mayo de hace dos a\u00f1os se presentaba p\u00fablicamente este espacios que naci\u00f3 como propuesta pol\u00edtica propia del grupo de trabajo referenciado en\u2026","rel":"","context":"En \u00abOpini\u00f3n\u00bb","block_context":{"text":"Opini\u00f3n","link":"https:\/\/www.hoymercedes.com.ar\/principal\/category\/opinion\/"},"img":{"alt_text":"","src":"https:\/\/i0.wp.com\/www.hoymercedes.com.ar\/principal\/wp-content\/uploads\/2012\/05\/CasaJoven-Presentaci%C3%B3n.jpg?resize=350%2C200","width":350,"height":200,"srcset":"https:\/\/i0.wp.com\/www.hoymercedes.com.ar\/principal\/wp-content\/uploads\/2012\/05\/CasaJoven-Presentaci%C3%B3n.jpg?resize=350%2C200 1x, https:\/\/i0.wp.com\/www.hoymercedes.com.ar\/principal\/wp-content\/uploads\/2012\/05\/CasaJoven-Presentaci%C3%B3n.jpg?resize=525%2C300 1.5x"},"classes":[]},{"id":37343,"url":"https:\/\/www.hoymercedes.com.ar\/principal\/2014\/10\/29\/casa-joven-estara-recibiendo-donaciones-para-inundados\/","url_meta":{"origin":37606,"position":4},"title":"Casa Joven estar\u00e1 recibiendo donaciones para inundados","author":"hoymercedes","date":"29 octubre, 2014","format":false,"excerpt":"La Agrupaci\u00f3n pol\u00edtica de calle 14 y 33 estar\u00e1 recibiendo y recolectado donativos de la solidaridad de los mercedinos para hacer entrega a los m\u00e1s necesitados. Como en ocasiones anteriores abre sus puestas para dar apoyo a la ciudadan\u00eda. La agrupaci\u00f3n que conduce Juan Pablo L\u00f3pez nuevamente y desde primera\u2026","rel":"","context":"En \u00abSociedad\u00bb","block_context":{"text":"Sociedad","link":"https:\/\/www.hoymercedes.com.ar\/principal\/category\/sociedad\/"},"img":{"alt_text":"casajoven-viendasinundados","src":"https:\/\/i0.wp.com\/www.hoymercedes.com.ar\/principal\/wp-content\/uploads\/2014\/10\/casajoven-viendasinundados.jpg?resize=350%2C200","width":350,"height":200,"srcset":"https:\/\/i0.wp.com\/www.hoymercedes.com.ar\/principal\/wp-content\/uploads\/2014\/10\/casajoven-viendasinundados.jpg?resize=350%2C200 1x, https:\/\/i0.wp.com\/www.hoymercedes.com.ar\/principal\/wp-content\/uploads\/2014\/10\/casajoven-viendasinundados.jpg?resize=525%2C300 1.5x"},"classes":[]},{"id":41700,"url":"https:\/\/www.hoymercedes.com.ar\/principal\/2015\/05\/16\/casa-joven-celebro-sus-primeros-5-anos-de-vida-institucional-con-gran-asistencia-de-publico\/","url_meta":{"origin":37606,"position":5},"title":"Casa Joven celebr\u00f3 sus primeros 5 a\u00f1os de vida institucional con gran asistencia de p\u00fablico","author":"hoymercedes","date":"16 mayo, 2015","format":false,"excerpt":"Casa Joven celebr\u00f3 sus primeros cinco a\u00f1os de vida este viernes por la noche con un centenar de personas que pasaron, entre militantes, invitados y amigos, por su local, a brindar y compartir un momento. En el espacio de calle 33 y 14 encabezados por Juan Pablo L\u00f3pez una importante\u2026","rel":"","context":"En \u00abPol\u00edtica\u00bb","block_context":{"text":"Pol\u00edtica","link":"https:\/\/www.hoymercedes.com.ar\/principal\/category\/politica\/"},"img":{"alt_text":"","src":"https:\/\/i0.wp.com\/www.hoymercedes.com.ar\/principal\/wp-content\/uploads\/2015\/05\/casajoven-mercedes-5a%C3%B1os.jpg?resize=350%2C200&ssl=1","width":350,"height":200,"srcset":"https:\/\/i0.wp.com\/www.hoymercedes.com.ar\/principal\/wp-content\/uploads\/2015\/05\/casajoven-mercedes-5a%C3%B1os.jpg?resize=350%2C200&ssl=1 1x, https:\/\/i0.wp.com\/www.hoymercedes.com.ar\/principal\/wp-content\/uploads\/2015\/05\/casajoven-mercedes-5a%C3%B1os.jpg?resize=525%2C300&ssl=1 1.5x"},"classes":[]}],"_links":{"self":[{"href":"https:\/\/www.hoymercedes.com.ar\/principal\/wp-json\/wp\/v2\/posts\/37606","targetHints":{"allow":["GET"]}}],"collection":[{"href":"https:\/\/www.hoymercedes.com.ar\/principal\/wp-json\/wp\/v2\/posts"}],"about":[{"href":"https:\/\/www.hoymercedes.com.ar\/principal\/wp-json\/wp\/v2\/types\/post"}],"author":[{"embeddable":true,"href":"https:\/\/www.hoymercedes.com.ar\/principal\/wp-json\/wp\/v2\/users\/1"}],"replies":[{"embeddable":true,"href":"https:\/\/www.hoymercedes.com.ar\/principal\/wp-json\/wp\/v2\/comments?post=37606"}],"version-history":[{"count":0,"href":"https:\/\/www.hoymercedes.com.ar\/principal\/wp-json\/wp\/v2\/posts\/37606\/revisions"}],"wp:attachment":[{"href":"https:\/\/www.hoymercedes.com.ar\/principal\/wp-json\/wp\/v2\/media?parent=37606"}],"wp:term":[{"taxonomy":"category","embeddable":true,"href":"https:\/\/www.hoymercedes.com.ar\/principal\/wp-json\/wp\/v2\/categories?post=37606"},{"taxonomy":"post_tag","embeddable":true,"href":"https:\/\/www.hoymercedes.com.ar\/principal\/wp-json\/wp\/v2\/tags?post=37606"}],"curies":[{"name":"wp","href":"https:\/\/api.w.org\/{rel}","templated":true}]}}