{"id":37613,"date":"2014-11-09T21:45:13","date_gmt":"2014-11-10T00:45:13","guid":{"rendered":"http:\/\/www.hoymercedes.com.ar\/principal\/?p=37613"},"modified":"2014-11-09T22:03:41","modified_gmt":"2014-11-10T01:03:41","slug":"selva-muy-critico-lamentablemente-entremos-en-la-especulacion-politica-sobre-inundacion","status":"publish","type":"post","link":"https:\/\/www.hoymercedes.com.ar\/principal\/2014\/11\/09\/selva-muy-critico-lamentablemente-entremos-en-la-especulacion-politica-sobre-inundacion\/","title":{"rendered":"Selva, muy cr\u00edtico: \u201cLamentablemente entramos en la especulaci\u00f3n pol\u00edtica\u201d refiri\u00e9ndonse a la inundaci\u00f3n"},"content":{"rendered":"<p><a href=\"https:\/\/www.hoymercedes.com.ar\/principal\/wp-content\/uploads\/2014\/11\/selva-inundados-07.11.2014.jpg\"><img loading=\"lazy\" decoding=\"async\" data-attachment-id=\"37614\" data-permalink=\"https:\/\/www.hoymercedes.com.ar\/principal\/2014\/11\/09\/selva-muy-critico-lamentablemente-entremos-en-la-especulacion-politica-sobre-inundacion\/selva-inundados-07-11-2014\/#main\" data-orig-file=\"https:\/\/www.hoymercedes.com.ar\/principal\/wp-content\/uploads\/2014\/11\/selva-inundados-07.11.2014.jpg\" data-orig-size=\"620,415\" data-comments-opened=\"1\" data-image-meta=\"{&quot;aperture&quot;:&quot;0&quot;,&quot;credit&quot;:&quot;&quot;,&quot;camera&quot;:&quot;&quot;,&quot;caption&quot;:&quot;&quot;,&quot;created_timestamp&quot;:&quot;0&quot;,&quot;copyright&quot;:&quot;&quot;,&quot;focal_length&quot;:&quot;0&quot;,&quot;iso&quot;:&quot;0&quot;,&quot;shutter_speed&quot;:&quot;0&quot;,&quot;title&quot;:&quot;&quot;,&quot;orientation&quot;:&quot;0&quot;}\" data-image-title=\"selva-inundados-07.11.2014\" data-image-description=\"\" data-image-caption=\"\" data-large-file=\"https:\/\/www.hoymercedes.com.ar\/principal\/wp-content\/uploads\/2014\/11\/selva-inundados-07.11.2014.jpg\" class=\"Img2014 aligncenter wp-image-37614 size-full\" src=\"https:\/\/www.hoymercedes.com.ar\/principal\/wp-content\/uploads\/2014\/11\/selva-inundados-07.11.2014.jpg\" alt=\"selva-inundados-07.11.2014\" width=\"620\" height=\"415\" \/><\/a><\/p>\n<p><em><strong>El intendente Carlos Selva brind\u00f3 una conferencia de prensa en la cual trat\u00f3 el tema de las inundaciones en Mercedes. Lo hizo en clave de cr\u00edtica al gobierno provincial y nacional, como cuando critic\u00f3 a La C\u00e1mpora, que \u201cgracias a que concejales repart\u00edan cosas la gente se empez\u00f3 a ir, regres\u00f3 a sus casas, a ver si les tocaba algo\u201d, sostuvo fuertemente el primer mandatario local. Tambi\u00e9n agradeci\u00f3 a todos los que trabajaron en el Centro de Operaciones.\u00a0<\/strong><\/em><\/p>\n<p>Entre otros conceptos manifest\u00f3 que: <em>\u201ctengo que felicitar a todo el personal que trabaj\u00f3 en el Centro de Evacuados. Personal municipal, bomberos, gendarmer\u00eda, hubiera sido imposible llevar adelante esto sino estaba concentrado como estuvo. Un esfuerzo enorme donde incluso hubo gente durmiendo, empleados municipales, no evacuados, sino que estuvieron las 24hs\u201d<\/em><\/p>\n<p>Respecto a la acci\u00f3n de \u201cconcejales de La C\u00e1mpora\u201d Selva sostuvo. <em>\u201cesas miserias son las que repudiamos en la plenitud de la palabra porque ahora viene el trabajo m\u00e1s dif\u00edcil, que es ver c\u00f3mo se asiste y con qu\u00e9 herramientas se puede asistir\u201d a la vez coment\u00f3 que: \u201cahora est\u00e1n haciendo un relevamiento de la zona, puntual, de cada necesidad. En el medio est\u00e1 la especulaci\u00f3n de un concejal de La C\u00e1mpora que pide un detalle de lo que gastamos con los inundados (\u2026) pidi\u00e9ndonos nombre, direcci\u00f3n y detalle de las personas que asistimos\u201d<img loading=\"lazy\" decoding=\"async\" data-attachment-id=\"37615\" data-permalink=\"https:\/\/www.hoymercedes.com.ar\/principal\/2014\/11\/09\/selva-muy-critico-lamentablemente-entremos-en-la-especulacion-politica-sobre-inundacion\/selva-inundados-09-11-2014\/#main\" data-orig-file=\"https:\/\/www.hoymercedes.com.ar\/principal\/wp-content\/uploads\/2014\/11\/selva-inundados-09.11.2014.jpg\" data-orig-size=\"620,465\" data-comments-opened=\"1\" data-image-meta=\"{&quot;aperture&quot;:&quot;0&quot;,&quot;credit&quot;:&quot;&quot;,&quot;camera&quot;:&quot;&quot;,&quot;caption&quot;:&quot;&quot;,&quot;created_timestamp&quot;:&quot;0&quot;,&quot;copyright&quot;:&quot;&quot;,&quot;focal_length&quot;:&quot;0&quot;,&quot;iso&quot;:&quot;0&quot;,&quot;shutter_speed&quot;:&quot;0&quot;,&quot;title&quot;:&quot;&quot;,&quot;orientation&quot;:&quot;0&quot;}\" data-image-title=\"selva-inundados-09.11.2014\" data-image-description=\"\" data-image-caption=\"\" data-large-file=\"https:\/\/www.hoymercedes.com.ar\/principal\/wp-content\/uploads\/2014\/11\/selva-inundados-09.11.2014.jpg\" class=\"Img2014 aligncenter wp-image-37615 size-full\" src=\"https:\/\/www.hoymercedes.com.ar\/principal\/wp-content\/uploads\/2014\/11\/selva-inundados-09.11.2014.jpg\" alt=\"selva-inundados-09.11.2014\" width=\"620\" height=\"465\" \/><\/em><\/p>\n<p>Selva tambi\u00e9n coment\u00f3: <em>\u201chemos demostrado un equipo que funciona, con mucho compromiso, con mucha convicci\u00f3n, en salud, en alimentaci\u00f3n, en higiene, con todo lo que ten\u00edan que poner, nos falta la etapa m\u00e1s dif\u00edcil y queremos agradecer a la gente que apoy\u00f3\u201d<\/em><\/p>\n<p>Nuevamente en clave de cr\u00edtica, afirm\u00f3: <em>\u201cNo fue grato ver ayer (pro el vienes pasado) como dec\u00edan que repart\u00edan cosas y la gente se empezaba a ir (del Centro de Evacuados) para ver si recib\u00edan algo. Esto es lo m\u00e1s bajo que puede llegar a pasarnos (\u2026) hab\u00eda gente que se iba y hasta preguntaba si luego pod\u00eda volver\u201d<\/em><\/p>\n<p>Respecto a las obras: \u201c<em>hay cosas que deben ser inmediatas. Se los he pedido a los Diputados Provinciales (\u2026) y se los dir\u00e9 tambi\u00e9n a Diputados Nacionales, es necesario pongan el tema en la agenda nacional\u201d<\/em>, sostuvo, a la vez que mostraba una importante cantidad de im\u00e1genes a\u00e9reas de la ribera del R\u00edo Luj\u00e1n, las aguas fuera de su lugar y las obras necesarias, remarcando que no es algo demasiado caro e imposible de concretar.<\/p>\n<p>Selva fue durante su alocuci\u00f3n muy cr\u00edtico respecto a la falta de obras, de acci\u00f3n provincial y a los m\u00faltiples pedidos realizados desde hace tiempo y que est\u00e1n a disposici\u00f3n, sobre la mesa, para ver c\u00f3mo no han o\u00eddo las solicitudes de obras que permitir\u00edan evitar \u00e9sta situaci\u00f3n.<\/p>\n<p>Selva, entre los datos que dio, coment\u00f3 que: <em>\u201c412 personas llegamos a tener evacuadas en nuestro Centro de Operaciones\u201d<\/em><\/p>\n<p>&nbsp;<\/p>\n<p>&nbsp;<\/p>\n<p>&nbsp;<\/p>\n","protected":false},"excerpt":{"rendered":"<p>El intendente Carlos Selva brind\u00f3 una conferencia de prensa en la cual trat\u00f3 el tema de las inundaciones en Mercedes. &#8230; <a title=\"Selva, muy cr\u00edtico: \u201cLamentablemente entramos en la especulaci\u00f3n pol\u00edtica\u201d refiri\u00e9ndonse a la inundaci\u00f3n\" class=\"read-more\" href=\"https:\/\/www.hoymercedes.com.ar\/principal\/2014\/11\/09\/selva-muy-critico-lamentablemente-entremos-en-la-especulacion-politica-sobre-inundacion\/\" aria-label=\"Leer m\u00e1s sobre Selva, muy cr\u00edtico: \u201cLamentablemente entramos en la especulaci\u00f3n pol\u00edtica\u201d refiri\u00e9ndonse a la inundaci\u00f3n\">Leer m\u00e1s<\/a><\/p>\n","protected":false},"author":1,"featured_media":0,"comment_status":"open","ping_status":"open","sticky":false,"template":"","format":"standard","meta":{"_monsterinsights_skip_tracking":false,"_monsterinsights_sitenote_active":false,"_monsterinsights_sitenote_note":"","_monsterinsights_sitenote_category":0,"jetpack_post_was_ever_published":false,"_jetpack_newsletter_access":"","_jetpack_dont_email_post_to_subs":false,"_jetpack_newsletter_tier_id":0,"_jetpack_memberships_contains_paywalled_content":false,"_jetpack_memberships_contains_paid_content":false,"footnotes":"","jetpack_publicize_message":"","jetpack_publicize_feature_enabled":true,"jetpack_social_post_already_shared":false,"jetpack_social_options":{"image_generator_settings":{"template":"highway","default_image_id":0,"font":"","enabled":false},"version":2},"_wpas_customize_per_network":false},"categories":[5],"tags":[4998,542,6397,6398],"class_list":["post-37613","post","type-post","status-publish","format-standard","hentry","category-politica","tag-inundacion-2014","tag-la-campora-mercedes","tag-selva-critico-a-la-campora","tag-selva-inundados","generate-columns","tablet-grid-50","mobile-grid-100","grid-parent","grid-50"],"jetpack_publicize_connections":[],"jetpack_featured_media_url":"","wps_subtitle":"Inundaci\u00f3n 2014","jetpack_sharing_enabled":true,"jetpack-related-posts":[{"id":12720,"url":"https:\/\/www.hoymercedes.com.ar\/principal\/2012\/05\/07\/selva-critico-a-la-campora-y-hablo-de-su-relacion-con-el-gobierno-nacional\/","url_meta":{"origin":37613,"position":0},"title":"Selva critic\u00f3 a La C\u00e1mpora y habl\u00f3 de su relaci\u00f3n con el Gobierno Nacional","author":"hoymercedes","date":"7 mayo, 2012","format":false,"excerpt":"La cuesti\u00f3n de la construcci\u00f3n de las viviendas del barrio Favaloro est\u00e1 dando mucho que hablar en la ciudad, pero, tambi\u00e9n a diversos niveles nacionales y provinciales. En el medio gr\u00e1fico y digital dedicado a la pol\u00edtica provincial \"La Tecla\" toman declaraciones de Selva para armar un art\u00edculo en el\u2026","rel":"","context":"En \u00abOpini\u00f3n\u00bb","block_context":{"text":"Opini\u00f3n","link":"https:\/\/www.hoymercedes.com.ar\/principal\/category\/opinion\/"},"img":{"alt_text":"","src":"https:\/\/i0.wp.com\/www.hoymercedes.com.ar\/principal\/wp-content\/uploads\/2012\/05\/Selva-LaTecla.jpg?resize=350%2C200","width":350,"height":200,"srcset":"https:\/\/i0.wp.com\/www.hoymercedes.com.ar\/principal\/wp-content\/uploads\/2012\/05\/Selva-LaTecla.jpg?resize=350%2C200 1x, https:\/\/i0.wp.com\/www.hoymercedes.com.ar\/principal\/wp-content\/uploads\/2012\/05\/Selva-LaTecla.jpg?resize=525%2C300 1.5x"},"classes":[]},{"id":125719,"url":"https:\/\/www.hoymercedes.com.ar\/principal\/2021\/03\/04\/la-reforma-judicial-es-urgente-afirma-el-frente-de-mujeres-de-la-campora\/","url_meta":{"origin":37613,"position":1},"title":"\u00abLa reforma judicial es urgente\u00bb afirma el Frente de Mujeres de La C\u00e1mpora","author":"hoymercedes","date":"4 marzo, 2021","format":false,"excerpt":"Desde el Frente de Mujeres de La Campora Mercedes manifestamos nuestro completo apoyo al compa\u00f1ero Wado de Pedro, en relaci\u00f3n a sus recientes declaraciones sobre la justicia patriarcal argentina. Hoy m\u00e1s que nunca el reclamo de una reforma judicial en clave feminista tiene un apoyo un\u00e1nime en las calles, en\u2026","rel":"","context":"En \u00abPol\u00edtica\u00bb","block_context":{"text":"Pol\u00edtica","link":"https:\/\/www.hoymercedes.com.ar\/principal\/category\/politica\/"},"img":{"alt_text":"","src":"https:\/\/i0.wp.com\/www.hoymercedes.com.ar\/principal\/wp-content\/uploads\/2021\/03\/reforma-lacampora-mercedes.jpeg?resize=350%2C200&ssl=1","width":350,"height":200,"srcset":"https:\/\/i0.wp.com\/www.hoymercedes.com.ar\/principal\/wp-content\/uploads\/2021\/03\/reforma-lacampora-mercedes.jpeg?resize=350%2C200&ssl=1 1x, https:\/\/i0.wp.com\/www.hoymercedes.com.ar\/principal\/wp-content\/uploads\/2021\/03\/reforma-lacampora-mercedes.jpeg?resize=525%2C300&ssl=1 1.5x, https:\/\/i0.wp.com\/www.hoymercedes.com.ar\/principal\/wp-content\/uploads\/2021\/03\/reforma-lacampora-mercedes.jpeg?resize=700%2C400&ssl=1 2x"},"classes":[]},{"id":19431,"url":"https:\/\/www.hoymercedes.com.ar\/principal\/2013\/01\/15\/la-campora-de-mercedes-no-es-la-campora-en-general\/","url_meta":{"origin":37613,"position":2},"title":"La \u00abC\u00e1mpora de Mercedes\u00bb no es \u00abLa C\u00e1mpora en general\u00bb","author":"hoymercedes","date":"15 enero, 2013","format":false,"excerpt":"Carlos Selva tuvo palabras que implican definiciones importantes. Afirm\u00f3 que \"La C\u00e1mpora\" no es\u00a0sin\u00f3nimo\u00a0de \"La C\u00e1mpora Mercedes\" Las declaraciones las realiz\u00f3 en \"Perdidas en la Tribuna\". El intendente Carlos Selva diferenci\u00f3 las aguas. Afirm\u00f3 que \"La C\u00e1mpora\" como organizaci\u00f3n pol\u00edtica no es algo que conozca con tal magnitud como para\u2026","rel":"","context":"En \u00abPol\u00edtica\u00bb","block_context":{"text":"Pol\u00edtica","link":"https:\/\/www.hoymercedes.com.ar\/principal\/category\/politica\/"},"img":{"alt_text":"La C\u00e1mpora","src":"https:\/\/i0.wp.com\/www.hoymercedes.com.ar\/principal\/wp-content\/uploads\/2013\/01\/LaCampora.jpg?resize=350%2C200","width":350,"height":200,"srcset":"https:\/\/i0.wp.com\/www.hoymercedes.com.ar\/principal\/wp-content\/uploads\/2013\/01\/LaCampora.jpg?resize=350%2C200 1x, https:\/\/i0.wp.com\/www.hoymercedes.com.ar\/principal\/wp-content\/uploads\/2013\/01\/LaCampora.jpg?resize=525%2C300 1.5x"},"classes":[]},{"id":34634,"url":"https:\/\/www.hoymercedes.com.ar\/principal\/2014\/07\/20\/nestor-palacios-la-campora-suena-con-conurbanizar-mercedes-desde-2011\/","url_meta":{"origin":37613,"position":3},"title":"N\u00e9stor Palacios: \u201cLa C\u00e1mpora sue\u00f1a con conurbanizar Mercedes desde 2011\u201d","author":"hoymercedes","date":"20 julio, 2014","format":false,"excerpt":"El director de Ejecuci\u00f3n Presupuestaria N\u00e9stor Palacios sali\u00f3 a responderle duramente al concejal Camporista Juan Ustarroz, quien critic\u00f3 al intendente Selva por sus acciones de gobierno. Ustarroz, l\u00edder de La C\u00e1mpora en la ciudad y que ya perdi\u00f3 en reiteradas ocasiones ante Selva, cuestion\u00f3 la colocaci\u00f3n de pantallas led en\u2026","rel":"","context":"En \u00abPol\u00edtica\u00bb","block_context":{"text":"Pol\u00edtica","link":"https:\/\/www.hoymercedes.com.ar\/principal\/category\/politica\/"},"img":{"alt_text":"","src":"","width":0,"height":0},"classes":[]},{"id":26868,"url":"https:\/\/www.hoymercedes.com.ar\/principal\/2013\/10\/25\/selva-lo-del-cuadro-de-nestor-es-una-opereta-mediatica-berreta-de-la-campora-en-mercedes\/","url_meta":{"origin":37613,"position":4},"title":"Selva: \u201cLo del cuadro de N\u00e9stor es una opereta medi\u00e1tica berreta de La C\u00e1mpora en Mercedes\u201d","author":"hoymercedes","date":"25 octubre, 2013","format":false,"excerpt":"El intendente de Mercedes se manifest\u00f3 tras los cuestionamientos por un cuadro del ex presidente N\u00e9stor Kirchner que desapareci\u00f3 de una conferencia de prensa en el centro de esa ciudad. \u201cAlguien se llev\u00f3 el cuadro. Es una operaci\u00f3n como otras que se dieron en los \u00faltimos tiempos\u201d, agreg\u00f3 Selva. En\u00a0declaraciones\u2026","rel":"","context":"En \u00abPol\u00edtica\u00bb","block_context":{"text":"Pol\u00edtica","link":"https:\/\/www.hoymercedes.com.ar\/principal\/category\/politica\/"},"img":{"alt_text":"cuadro1","src":"https:\/\/i0.wp.com\/www.hoymercedes.com.ar\/principal\/wp-content\/uploads\/2013\/10\/cuadro1.jpg?resize=350%2C200","width":350,"height":200,"srcset":"https:\/\/i0.wp.com\/www.hoymercedes.com.ar\/principal\/wp-content\/uploads\/2013\/10\/cuadro1.jpg?resize=350%2C200 1x, https:\/\/i0.wp.com\/www.hoymercedes.com.ar\/principal\/wp-content\/uploads\/2013\/10\/cuadro1.jpg?resize=525%2C300 1.5x"},"classes":[]},{"id":42744,"url":"https:\/\/www.hoymercedes.com.ar\/principal\/2015\/06\/29\/selva-no-puede-ser-que-tengamos-que-vivir-dando-explicaciones-nosotros-sobre-un-estado-ausente-como-es-la-provincia-de-buenos-aires\/","url_meta":{"origin":37613,"position":5},"title":"Selva critic\u00f3 con dureza al gobierno provincial por \u00abEstar ausente\u00bb y \u00abno resolver nada\u00bb","author":"hoymercedes","date":"29 junio, 2015","format":false,"excerpt":"El intendente Selva coment\u00f3 que el R\u00edo creci\u00f3 gracias a la falta de obras y taponamiento que tiene. \u201cM\u00e1s de tres metros y no por un chaparr\u00f3n, sino en casi 24hs, m\u00e1s en realidad, es una verg\u00fcenza y es una responsabilidad directa del Gobernador Daniel Scioli y de Hidr\u00e1ulica de\u2026","rel":"","context":"En \u00abPol\u00edtica\u00bb","block_context":{"text":"Pol\u00edtica","link":"https:\/\/www.hoymercedes.com.ar\/principal\/category\/politica\/"},"img":{"alt_text":"","src":"https:\/\/i0.wp.com\/www.hoymercedes.com.ar\/principal\/wp-content\/uploads\/2015\/06\/Selva-Salomone-Rossi-Chisnerman-Milhomme.jpg?resize=350%2C200&ssl=1","width":350,"height":200,"srcset":"https:\/\/i0.wp.com\/www.hoymercedes.com.ar\/principal\/wp-content\/uploads\/2015\/06\/Selva-Salomone-Rossi-Chisnerman-Milhomme.jpg?resize=350%2C200&ssl=1 1x, https:\/\/i0.wp.com\/www.hoymercedes.com.ar\/principal\/wp-content\/uploads\/2015\/06\/Selva-Salomone-Rossi-Chisnerman-Milhomme.jpg?resize=525%2C300&ssl=1 1.5x"},"classes":[]}],"_links":{"self":[{"href":"https:\/\/www.hoymercedes.com.ar\/principal\/wp-json\/wp\/v2\/posts\/37613","targetHints":{"allow":["GET"]}}],"collection":[{"href":"https:\/\/www.hoymercedes.com.ar\/principal\/wp-json\/wp\/v2\/posts"}],"about":[{"href":"https:\/\/www.hoymercedes.com.ar\/principal\/wp-json\/wp\/v2\/types\/post"}],"author":[{"embeddable":true,"href":"https:\/\/www.hoymercedes.com.ar\/principal\/wp-json\/wp\/v2\/users\/1"}],"replies":[{"embeddable":true,"href":"https:\/\/www.hoymercedes.com.ar\/principal\/wp-json\/wp\/v2\/comments?post=37613"}],"version-history":[{"count":0,"href":"https:\/\/www.hoymercedes.com.ar\/principal\/wp-json\/wp\/v2\/posts\/37613\/revisions"}],"wp:attachment":[{"href":"https:\/\/www.hoymercedes.com.ar\/principal\/wp-json\/wp\/v2\/media?parent=37613"}],"wp:term":[{"taxonomy":"category","embeddable":true,"href":"https:\/\/www.hoymercedes.com.ar\/principal\/wp-json\/wp\/v2\/categories?post=37613"},{"taxonomy":"post_tag","embeddable":true,"href":"https:\/\/www.hoymercedes.com.ar\/principal\/wp-json\/wp\/v2\/tags?post=37613"}],"curies":[{"name":"wp","href":"https:\/\/api.w.org\/{rel}","templated":true}]}}