{"id":37708,"date":"2014-11-12T22:41:51","date_gmt":"2014-11-13T01:41:51","guid":{"rendered":"http:\/\/www.hoymercedes.com.ar\/principal\/?p=37708"},"modified":"2014-11-30T19:05:55","modified_gmt":"2014-11-30T22:05:55","slug":"desde-el-mic-continuan-sus-recorridas-barriales","status":"publish","type":"post","link":"https:\/\/www.hoymercedes.com.ar\/principal\/2014\/11\/12\/desde-el-mic-continuan-sus-recorridas-barriales\/","title":{"rendered":"Desde el MIC contin\u00faan sus recorridas barriales"},"content":{"rendered":"<div><em><strong>Los concejales del MIC, Jos\u00e9 Cestari y Juan Carlos Badano, siguen trabajando\u00a0a trav\u00e9s de la metodolog\u00eda que les permite conocer la realidad y las problem\u00e1ticas de los mercedinos, esto es visitar a familias de diferentes barrios, escuchar a la gente, recorrer el territorio, presentar proyectos en el HCD y no hacer promesas que luego no se pueden cumplir, en definitiva no mentirle a la gente. <\/strong><\/em><\/div>\n<div><\/div>\n<div>Antes de las inundaciones se visitaron los barrios Seminario y San Francisco, se presentaron proyectos relacionados\u00a0con limpieza y acondicionamiento de zanjeos, nivelaci\u00f3n de calles, erradicaci\u00f3n de basurales no autorizados, colocaci\u00f3n de luminarias; el Barrio Ravello por las picadas de\u00a0motos que\u00a0ponen en riesgo la integridad\u00a0f\u00edsica de los vecinos. No se pudieron tratar en la Sesi\u00f3n\u00a0Ordinaria del d\u00eda lunes 10 de noviembre por los motivos conocidos.<\/div>\n<div><\/div>\n<div>Esta semana se visitaron los Barrios:<\/div>\n<div>Marchetti, San Justo, Pe\u00f1aloza, ribere\u00f1os o cercanos al r\u00edo Luj\u00e1n que padecieron m\u00e1s de 5 inundaciones en el a\u00f1o, problem\u00e1tica que viene denunciando el MIC y proponiendo una gran cantidad de proyectos que no fueron ejecutados o no se recibi\u00f3 contestaci\u00f3n a la fecha.<\/div>\n<div>Villa Industrial Este, San Antonio, del Molino, Altamira, Gowland y Agote que est\u00e1n alejados de recursos h\u00eddricos importantes, pero padecieron inundaciones in\u00e9ditas que generaron p\u00e9rdidas econ\u00f3micas, da\u00f1os ps\u00edquicos, etc en la poblaci\u00f3n, por falta de un planeamiento que implique\u00a0 adecuaci\u00f3n de los desag\u00fces pluviales y control de obras o acciones\u00a0que ocasionan da\u00f1o a atros vecionos, terraplenes, canales,\u00a0colocaci\u00f3n de obst\u00e1culos, etc.<\/div>\n<div><\/div>\n<div>Esto generar\u00e1 una gran cantidad de proyectos para seguir trbajando para mejorar la calidad de vida de los mercedinos.<\/div>\n<div><\/div>\n<div><\/div>\n","protected":false},"excerpt":{"rendered":"<p>Los concejales del MIC, Jos\u00e9 Cestari y Juan Carlos Badano, siguen trabajando\u00a0a trav\u00e9s de la metodolog\u00eda que les permite conocer &#8230; <a title=\"Desde el MIC contin\u00faan sus recorridas barriales\" class=\"read-more\" href=\"https:\/\/www.hoymercedes.com.ar\/principal\/2014\/11\/12\/desde-el-mic-continuan-sus-recorridas-barriales\/\" aria-label=\"Leer m\u00e1s sobre Desde el MIC contin\u00faan sus recorridas barriales\">Leer m\u00e1s<\/a><\/p>\n","protected":false},"author":1,"featured_media":0,"comment_status":"open","ping_status":"open","sticky":false,"template":"","format":"standard","meta":{"_monsterinsights_skip_tracking":false,"_monsterinsights_sitenote_active":false,"_monsterinsights_sitenote_note":"","_monsterinsights_sitenote_category":0,"jetpack_post_was_ever_published":false,"_jetpack_newsletter_access":"","_jetpack_dont_email_post_to_subs":false,"_jetpack_newsletter_tier_id":0,"_jetpack_memberships_contains_paywalled_content":false,"_jetpack_memberships_contains_paid_content":false,"footnotes":"","jetpack_publicize_message":"","jetpack_publicize_feature_enabled":true,"jetpack_social_post_already_shared":false,"jetpack_social_options":{"image_generator_settings":{"template":"highway","default_image_id":0,"font":"","enabled":false},"version":2},"_wpas_customize_per_network":false},"categories":[5],"tags":[321,4098,3908,1972],"class_list":["post-37708","post","type-post","status-publish","format-standard","hentry","category-politica","tag-jose-cestari","tag-juan-carlos-badano","tag-mercedes-independiente-comunal","tag-mic","generate-columns","tablet-grid-50","mobile-grid-100","grid-parent","grid-50"],"jetpack_publicize_connections":[],"jetpack_featured_media_url":"","wps_subtitle":"Pol\u00edtica y di\u00e1logo con vecinos ","jetpack_sharing_enabled":true,"_links":{"self":[{"href":"https:\/\/www.hoymercedes.com.ar\/principal\/wp-json\/wp\/v2\/posts\/37708","targetHints":{"allow":["GET"]}}],"collection":[{"href":"https:\/\/www.hoymercedes.com.ar\/principal\/wp-json\/wp\/v2\/posts"}],"about":[{"href":"https:\/\/www.hoymercedes.com.ar\/principal\/wp-json\/wp\/v2\/types\/post"}],"author":[{"embeddable":true,"href":"https:\/\/www.hoymercedes.com.ar\/principal\/wp-json\/wp\/v2\/users\/1"}],"replies":[{"embeddable":true,"href":"https:\/\/www.hoymercedes.com.ar\/principal\/wp-json\/wp\/v2\/comments?post=37708"}],"version-history":[{"count":0,"href":"https:\/\/www.hoymercedes.com.ar\/principal\/wp-json\/wp\/v2\/posts\/37708\/revisions"}],"wp:attachment":[{"href":"https:\/\/www.hoymercedes.com.ar\/principal\/wp-json\/wp\/v2\/media?parent=37708"}],"wp:term":[{"taxonomy":"category","embeddable":true,"href":"https:\/\/www.hoymercedes.com.ar\/principal\/wp-json\/wp\/v2\/categories?post=37708"},{"taxonomy":"post_tag","embeddable":true,"href":"https:\/\/www.hoymercedes.com.ar\/principal\/wp-json\/wp\/v2\/tags?post=37708"}],"curies":[{"name":"wp","href":"https:\/\/api.w.org\/{rel}","templated":true}]}}