{"id":3771,"date":"2011-04-27T01:19:56","date_gmt":"2011-04-27T01:19:56","guid":{"rendered":"http:\/\/www.hoymercedes.com.ar\/principal\/?p=3771"},"modified":"2011-04-27T01:40:37","modified_gmt":"2011-04-27T01:40:37","slug":"selva-y-los-ministros-alvarez-y-oporto-inauguraron-el-jardin-maternal-de-calle-9","status":"publish","type":"post","link":"https:\/\/www.hoymercedes.com.ar\/principal\/2011\/04\/27\/selva-y-los-ministros-alvarez-y-oporto-inauguraron-el-jardin-maternal-de-calle-9\/","title":{"rendered":"Selva y los Ministros \u00c1lvarez y Oporto inauguraron el Jard\u00edn Maternal de calle 9"},"content":{"rendered":"<p>En horas de la ma\u00f1ana de este martes 26 qued\u00f3 oficialmente inaugurado el Jard\u00edn Maternal Municipal ubicado en calle 9 entre 52 y 54.<\/p>\n<p>El acto fue presidido por el jefe comunal de la ciudad, Carlos Selva con la participaci\u00f3n del Ministro de Desarrollo Social bonaerense Baldomero   \u00c1lvarez y el titular de la Direcci\u00f3n General de Cultura y Educaci\u00f3n de la provincia profesor Mario Oporto.<\/p>\n<p><a href=\"https:\/\/www.hoymercedes.com.ar\/principal\/wp-content\/uploads\/2011\/04\/Jard\u00ednLosRobles018.jpg\"><img loading=\"lazy\" decoding=\"async\" data-attachment-id=\"3781\" data-permalink=\"https:\/\/www.hoymercedes.com.ar\/principal\/2011\/04\/27\/selva-y-los-ministros-alvarez-y-oporto-inauguraron-el-jardin-maternal-de-calle-9\/jardinlosrobles018\/#main\" data-orig-file=\"https:\/\/www.hoymercedes.com.ar\/principal\/wp-content\/uploads\/2011\/04\/Jard\u00ednLosRobles018.jpg\" data-orig-size=\"650,488\" data-comments-opened=\"1\" data-image-meta=\"{&quot;aperture&quot;:&quot;2.8&quot;,&quot;credit&quot;:&quot;&quot;,&quot;camera&quot;:&quot;COOLPIX L10&quot;,&quot;caption&quot;:&quot;&quot;,&quot;created_timestamp&quot;:&quot;1303628910&quot;,&quot;copyright&quot;:&quot;Copyright 2006&quot;,&quot;focal_length&quot;:&quot;6.2&quot;,&quot;iso&quot;:&quot;64&quot;,&quot;shutter_speed&quot;:&quot;0.0023781212841855&quot;,&quot;title&quot;:&quot;&quot;}\" data-image-title=\"Jard\u00ednLosRobles018\" data-image-description=\"\" data-image-caption=\"\" data-large-file=\"https:\/\/www.hoymercedes.com.ar\/principal\/wp-content\/uploads\/2011\/04\/Jard\u00ednLosRobles018.jpg\" class=\"aligncenter size-full wp-image-3781\" title=\"Jard\u00ednLosRobles018\" src=\"https:\/\/www.hoymercedes.com.ar\/principal\/wp-content\/uploads\/2011\/04\/Jard\u00ednLosRobles018.jpg\" alt=\"\" width=\"650\" height=\"488\" srcset=\"https:\/\/www.hoymercedes.com.ar\/principal\/wp-content\/uploads\/2011\/04\/Jard\u00ednLosRobles018.jpg 650w, https:\/\/www.hoymercedes.com.ar\/principal\/wp-content\/uploads\/2011\/04\/Jard\u00ednLosRobles018-620x465.jpg 620w\" sizes=\"auto, (max-width: 650px) 100vw, 650px\" \/><\/a><\/p>\n<p>Sabido es por haber sido ya comentado, que el gobernador Daniel Scioli, qui\u00e9n hab\u00eda anunciado su presencia, no lo hizo en virtud del conflicto que aun persiste entre el Ministerio de Justicia y el gremio que agrupa a los trabajadores judiciales.<\/p>\n<p><a href=\"https:\/\/www.hoymercedes.com.ar\/principal\/wp-content\/uploads\/2011\/04\/Jard\u00ednLosRobles019.jpg\"><img loading=\"lazy\" decoding=\"async\" data-attachment-id=\"3781\" data-permalink=\"https:\/\/www.hoymercedes.com.ar\/principal\/2011\/04\/27\/selva-y-los-ministros-alvarez-y-oporto-inauguraron-el-jardin-maternal-de-calle-9\/jardinlosrobles018\/#main\" data-orig-file=\"https:\/\/www.hoymercedes.com.ar\/principal\/wp-content\/uploads\/2011\/04\/Jard\u00ednLosRobles018.jpg\" data-orig-size=\"650,488\" data-comments-opened=\"1\" data-image-meta=\"{&quot;aperture&quot;:&quot;2.8&quot;,&quot;credit&quot;:&quot;&quot;,&quot;camera&quot;:&quot;COOLPIX L10&quot;,&quot;caption&quot;:&quot;&quot;,&quot;created_timestamp&quot;:&quot;1303628910&quot;,&quot;copyright&quot;:&quot;Copyright 2006&quot;,&quot;focal_length&quot;:&quot;6.2&quot;,&quot;iso&quot;:&quot;64&quot;,&quot;shutter_speed&quot;:&quot;0.0023781212841855&quot;,&quot;title&quot;:&quot;&quot;}\" data-image-title=\"Jard\u00ednLosRobles018\" data-image-description=\"\" data-image-caption=\"\" data-large-file=\"https:\/\/www.hoymercedes.com.ar\/principal\/wp-content\/uploads\/2011\/04\/Jard\u00ednLosRobles018.jpg\" class=\"aligncenter size-full wp-image-3781\" title=\"Jard\u00ednLosRobles018\" src=\"https:\/\/www.hoymercedes.com.ar\/principal\/wp-content\/uploads\/2011\/04\/Jard\u00ednLosRobles019.jpg\" alt=\"\" width=\"650\" height=\"488\" \/><\/a><\/p>\n<p>El acto se desarroll\u00f3 con la presencia de funcionarios municipales, concejales, consejeros escolares, autoridades de Inspecci\u00f3n, tanto oficial como privada, vecinos del lugar, invitados especiales y padres de los ni\u00f1os que han sido aceptados formando la matr\u00edcula de este a\u00f1o.<\/p>\n<p><a href=\"https:\/\/www.hoymercedes.com.ar\/principal\/wp-content\/uploads\/2011\/04\/Jard\u00ednLosRobles021.jpg\"><img loading=\"lazy\" decoding=\"async\" data-attachment-id=\"3781\" data-permalink=\"https:\/\/www.hoymercedes.com.ar\/principal\/2011\/04\/27\/selva-y-los-ministros-alvarez-y-oporto-inauguraron-el-jardin-maternal-de-calle-9\/jardinlosrobles018\/#main\" data-orig-file=\"https:\/\/www.hoymercedes.com.ar\/principal\/wp-content\/uploads\/2011\/04\/Jard\u00ednLosRobles018.jpg\" data-orig-size=\"650,488\" data-comments-opened=\"1\" data-image-meta=\"{&quot;aperture&quot;:&quot;2.8&quot;,&quot;credit&quot;:&quot;&quot;,&quot;camera&quot;:&quot;COOLPIX L10&quot;,&quot;caption&quot;:&quot;&quot;,&quot;created_timestamp&quot;:&quot;1303628910&quot;,&quot;copyright&quot;:&quot;Copyright 2006&quot;,&quot;focal_length&quot;:&quot;6.2&quot;,&quot;iso&quot;:&quot;64&quot;,&quot;shutter_speed&quot;:&quot;0.0023781212841855&quot;,&quot;title&quot;:&quot;&quot;}\" data-image-title=\"Jard\u00ednLosRobles018\" data-image-description=\"\" data-image-caption=\"\" data-large-file=\"https:\/\/www.hoymercedes.com.ar\/principal\/wp-content\/uploads\/2011\/04\/Jard\u00ednLosRobles018.jpg\" class=\"aligncenter size-full wp-image-3781\" title=\"Jard\u00ednLosRobles018\" src=\"https:\/\/www.hoymercedes.com.ar\/principal\/wp-content\/uploads\/2011\/04\/Jard\u00ednLosRobles021.jpg\" alt=\"\" width=\"650\" height=\"488\" \/><\/a><\/p>\n<p>Carlos Selva dio la bienvenida a los presentes luego que el Vicario General del Arzobispado Mercedes-Lujan Monse\u00f1or Jorge Bruno procediera a bendecir las nuevas instalaciones.<\/p>\n<p>Entre otros conceptos el jefe comunal precis\u00f3 \u201cesto que estamos compartiendo  es porque cuando una gesti\u00f3n se planifica y orienta asumiendo una responsabilidad que el pueblo delega, por supuesto que los objetivos tienen que ser altos y debe ser el desaf\u00edo de todos los d\u00edas.<\/p>\n<p><a href=\"https:\/\/www.hoymercedes.com.ar\/principal\/wp-content\/uploads\/2011\/04\/Jard\u00ednLosRobles001.jpg\"><img loading=\"lazy\" decoding=\"async\" data-attachment-id=\"3781\" data-permalink=\"https:\/\/www.hoymercedes.com.ar\/principal\/2011\/04\/27\/selva-y-los-ministros-alvarez-y-oporto-inauguraron-el-jardin-maternal-de-calle-9\/jardinlosrobles018\/#main\" data-orig-file=\"https:\/\/www.hoymercedes.com.ar\/principal\/wp-content\/uploads\/2011\/04\/Jard\u00ednLosRobles018.jpg\" data-orig-size=\"650,488\" data-comments-opened=\"1\" data-image-meta=\"{&quot;aperture&quot;:&quot;2.8&quot;,&quot;credit&quot;:&quot;&quot;,&quot;camera&quot;:&quot;COOLPIX L10&quot;,&quot;caption&quot;:&quot;&quot;,&quot;created_timestamp&quot;:&quot;1303628910&quot;,&quot;copyright&quot;:&quot;Copyright 2006&quot;,&quot;focal_length&quot;:&quot;6.2&quot;,&quot;iso&quot;:&quot;64&quot;,&quot;shutter_speed&quot;:&quot;0.0023781212841855&quot;,&quot;title&quot;:&quot;&quot;}\" data-image-title=\"Jard\u00ednLosRobles018\" data-image-description=\"\" data-image-caption=\"\" data-large-file=\"https:\/\/www.hoymercedes.com.ar\/principal\/wp-content\/uploads\/2011\/04\/Jard\u00ednLosRobles018.jpg\" class=\"aligncenter size-full wp-image-3781\" title=\"Jard\u00ednLosRobles018\" src=\"https:\/\/www.hoymercedes.com.ar\/principal\/wp-content\/uploads\/2011\/04\/Jard\u00ednLosRobles001.jpg\" alt=\"\" width=\"650\" height=\"488\" \/><\/a><\/p>\n<p>&nbsp;<\/p>\n<p>Cuando planific\u00e1bamos de que manera est\u00e1bamos a la altura de la justa y l\u00f3gica demanda de la sociedad uno lo hace primero que nada por el acompa\u00f1amiento de todos ustedes que es con lo cual la gesti\u00f3n de un intendente se fortalece\u201d.<\/p>\n<p><a href=\"https:\/\/www.hoymercedes.com.ar\/principal\/wp-content\/uploads\/2011\/04\/Jard\u00ednLosRobles005.jpg\"><img loading=\"lazy\" decoding=\"async\" data-attachment-id=\"3781\" data-permalink=\"https:\/\/www.hoymercedes.com.ar\/principal\/2011\/04\/27\/selva-y-los-ministros-alvarez-y-oporto-inauguraron-el-jardin-maternal-de-calle-9\/jardinlosrobles018\/#main\" data-orig-file=\"https:\/\/www.hoymercedes.com.ar\/principal\/wp-content\/uploads\/2011\/04\/Jard\u00ednLosRobles018.jpg\" data-orig-size=\"650,488\" data-comments-opened=\"1\" data-image-meta=\"{&quot;aperture&quot;:&quot;2.8&quot;,&quot;credit&quot;:&quot;&quot;,&quot;camera&quot;:&quot;COOLPIX L10&quot;,&quot;caption&quot;:&quot;&quot;,&quot;created_timestamp&quot;:&quot;1303628910&quot;,&quot;copyright&quot;:&quot;Copyright 2006&quot;,&quot;focal_length&quot;:&quot;6.2&quot;,&quot;iso&quot;:&quot;64&quot;,&quot;shutter_speed&quot;:&quot;0.0023781212841855&quot;,&quot;title&quot;:&quot;&quot;}\" data-image-title=\"Jard\u00ednLosRobles018\" data-image-description=\"\" data-image-caption=\"\" data-large-file=\"https:\/\/www.hoymercedes.com.ar\/principal\/wp-content\/uploads\/2011\/04\/Jard\u00ednLosRobles018.jpg\" class=\"aligncenter size-full wp-image-3781\" title=\"Jard\u00ednLosRobles018\" src=\"https:\/\/www.hoymercedes.com.ar\/principal\/wp-content\/uploads\/2011\/04\/Jard\u00ednLosRobles005.jpg\" alt=\"\" width=\"650\" height=\"488\" \/><\/a><\/p>\n<p>M\u00e1s adelante se refiri\u00f3 concretamente  al segundo Jard\u00edn Maternal sosteniendo que hab\u00eda ninguna duda que el desaf\u00edo de encarar el proyecto tuvo que ver con el gran resultado que hab\u00eda dado la puesta en marcha del primer jard\u00edn maternal municipal \u201cun orgullo para la administraci\u00f3n municipal y para la ciudad por lo cual dejo mi agradecimiento a todo el equipo de docentes, directivos y padres que confiaron en esa primera experiencia\u201d.<\/p>\n<p>Luego se refiri\u00f3 al estudio que se realiza para ubicar algo que beneficie a una sector de la ciudad pensando no solo en el barrio donde se hace sino en todos los que circundan al mismo \u201cy en este caso el Jard\u00edn Maternal n\u00famero 1,  como decimos nosotros,  se encuentra ubicado al sur-oeste de la ciudad y no es casualidad que hoy estemos en el noreste de la ciudad inaugurando el n\u00famero 2 y ello tiene que ver con la visi\u00f3n de nuestro gobierno de acompa\u00f1ar el desarrollo y la organizaci\u00f3n de sectores\u201d para luego agregar que la posici\u00f3n es estrat\u00e9gica ya que el jard\u00edn se encuentra en una calle que es el Barrio Calvillo y en otra que es el barrio Los Robles y nadie podr\u00e1 discutir que esta visi\u00f3n tiene que ver con los barrios y la regi\u00f3n.<\/p>\n<p><a href=\"https:\/\/www.hoymercedes.com.ar\/principal\/wp-content\/uploads\/2011\/04\/Jard\u00ednLosRobles008.jpg\"><img loading=\"lazy\" decoding=\"async\" data-attachment-id=\"3781\" data-permalink=\"https:\/\/www.hoymercedes.com.ar\/principal\/2011\/04\/27\/selva-y-los-ministros-alvarez-y-oporto-inauguraron-el-jardin-maternal-de-calle-9\/jardinlosrobles018\/#main\" data-orig-file=\"https:\/\/www.hoymercedes.com.ar\/principal\/wp-content\/uploads\/2011\/04\/Jard\u00ednLosRobles018.jpg\" data-orig-size=\"650,488\" data-comments-opened=\"1\" data-image-meta=\"{&quot;aperture&quot;:&quot;2.8&quot;,&quot;credit&quot;:&quot;&quot;,&quot;camera&quot;:&quot;COOLPIX L10&quot;,&quot;caption&quot;:&quot;&quot;,&quot;created_timestamp&quot;:&quot;1303628910&quot;,&quot;copyright&quot;:&quot;Copyright 2006&quot;,&quot;focal_length&quot;:&quot;6.2&quot;,&quot;iso&quot;:&quot;64&quot;,&quot;shutter_speed&quot;:&quot;0.0023781212841855&quot;,&quot;title&quot;:&quot;&quot;}\" data-image-title=\"Jard\u00ednLosRobles018\" data-image-description=\"\" data-image-caption=\"\" data-large-file=\"https:\/\/www.hoymercedes.com.ar\/principal\/wp-content\/uploads\/2011\/04\/Jard\u00ednLosRobles018.jpg\" class=\"aligncenter size-full wp-image-3781\" title=\"Jard\u00ednLosRobles018\" src=\"https:\/\/www.hoymercedes.com.ar\/principal\/wp-content\/uploads\/2011\/04\/Jard\u00ednLosRobles008.jpg\" alt=\"\" width=\"650\" height=\"488\" \/><\/a><\/p>\n<p>Luego Mario Oporto hizo referencia a la importancia del aprendizaje que van adquiriendo los ni\u00f1os desde los cuatro a\u00f1os en lo legal dentro de los jardines de Infantes, que se pasa a comenzar a los tres dadas las necesidades existente pero que de ninguna manera se deja de lado todo lo que es la atenci\u00f3n de aquellos bebes desde los cuarenta y cinco d\u00edas de haber nacido hasta el momento en que comienza con su educaci\u00f3n inicial.<\/p>\n<p><a href=\"https:\/\/www.hoymercedes.com.ar\/principal\/wp-content\/uploads\/2011\/04\/Jard\u00ednLosRobles012.jpg\"><img loading=\"lazy\" decoding=\"async\" data-attachment-id=\"3781\" data-permalink=\"https:\/\/www.hoymercedes.com.ar\/principal\/2011\/04\/27\/selva-y-los-ministros-alvarez-y-oporto-inauguraron-el-jardin-maternal-de-calle-9\/jardinlosrobles018\/#main\" data-orig-file=\"https:\/\/www.hoymercedes.com.ar\/principal\/wp-content\/uploads\/2011\/04\/Jard\u00ednLosRobles018.jpg\" data-orig-size=\"650,488\" data-comments-opened=\"1\" data-image-meta=\"{&quot;aperture&quot;:&quot;2.8&quot;,&quot;credit&quot;:&quot;&quot;,&quot;camera&quot;:&quot;COOLPIX L10&quot;,&quot;caption&quot;:&quot;&quot;,&quot;created_timestamp&quot;:&quot;1303628910&quot;,&quot;copyright&quot;:&quot;Copyright 2006&quot;,&quot;focal_length&quot;:&quot;6.2&quot;,&quot;iso&quot;:&quot;64&quot;,&quot;shutter_speed&quot;:&quot;0.0023781212841855&quot;,&quot;title&quot;:&quot;&quot;}\" data-image-title=\"Jard\u00ednLosRobles018\" data-image-description=\"\" data-image-caption=\"\" data-large-file=\"https:\/\/www.hoymercedes.com.ar\/principal\/wp-content\/uploads\/2011\/04\/Jard\u00ednLosRobles018.jpg\" class=\"aligncenter size-full wp-image-3781\" title=\"Jard\u00ednLosRobles018\" src=\"https:\/\/www.hoymercedes.com.ar\/principal\/wp-content\/uploads\/2011\/04\/Jard\u00ednLosRobles012.jpg\" alt=\"\" width=\"650\" height=\"488\" \/><\/a><\/p>\n<p>\u201cEstoy muy contento de estar en Mercedes acompa\u00f1ando a Carlos (Selva) junto a Cacho \u00c1lvarez para inaugurar esta obra que para nosotros es muy importante como  decisi\u00f3n pol\u00edtica el hecho de generar un buen programa de gobierno que tambi\u00e9n se ocupa de la Ni\u00f1ez porque ello implica una articulaci\u00f3n entre las pol\u00edticas nacionales, provinciales y municipales y en el caso del gobierno provincial hacerlo desde distintas \u00e1reas como se Salud, Desarrollo Social y desde la Educaci\u00f3n como las principales\u201d sostuvo Oporto-<\/p>\n<p><a href=\"https:\/\/www.hoymercedes.com.ar\/principal\/wp-content\/uploads\/2011\/04\/Jard\u00ednLosRobles016.jpg\"><img loading=\"lazy\" decoding=\"async\" data-attachment-id=\"3781\" data-permalink=\"https:\/\/www.hoymercedes.com.ar\/principal\/2011\/04\/27\/selva-y-los-ministros-alvarez-y-oporto-inauguraron-el-jardin-maternal-de-calle-9\/jardinlosrobles018\/#main\" data-orig-file=\"https:\/\/www.hoymercedes.com.ar\/principal\/wp-content\/uploads\/2011\/04\/Jard\u00ednLosRobles018.jpg\" data-orig-size=\"650,488\" data-comments-opened=\"1\" data-image-meta=\"{&quot;aperture&quot;:&quot;2.8&quot;,&quot;credit&quot;:&quot;&quot;,&quot;camera&quot;:&quot;COOLPIX L10&quot;,&quot;caption&quot;:&quot;&quot;,&quot;created_timestamp&quot;:&quot;1303628910&quot;,&quot;copyright&quot;:&quot;Copyright 2006&quot;,&quot;focal_length&quot;:&quot;6.2&quot;,&quot;iso&quot;:&quot;64&quot;,&quot;shutter_speed&quot;:&quot;0.0023781212841855&quot;,&quot;title&quot;:&quot;&quot;}\" data-image-title=\"Jard\u00ednLosRobles018\" data-image-description=\"\" data-image-caption=\"\" data-large-file=\"https:\/\/www.hoymercedes.com.ar\/principal\/wp-content\/uploads\/2011\/04\/Jard\u00ednLosRobles018.jpg\" class=\"aligncenter size-full wp-image-3781\" title=\"Jard\u00ednLosRobles018\" src=\"https:\/\/www.hoymercedes.com.ar\/principal\/wp-content\/uploads\/2011\/04\/Jard\u00ednLosRobles016.jpg\" alt=\"\" width=\"650\" height=\"488\" \/><\/a><\/p>\n<p>M\u00e1s adelante el  funcionario de educaci\u00f3n manifest\u00f3 \u201choy tenemos como objetivo y la responsabilidad ineludible de la educaci\u00f3n obligatoria seg\u00fan la ley desde los cuatro a\u00f1os pero que es como responsabilidad social desde los tres y ya hemos comenzado con salas de dos a\u00f1os en algunos Municipios\u201d.<\/p>\n<p>En otro segmento de sus palabras, Oporto dijo \u201ces muy  interesante que sea desde el municipio quienes comiencen a pensar en las necesidades sociales que tiene una familia con un ni\u00f1o a partir de los 45 d\u00edas de su nacimiento y nosotros como provincia tenemos que salir a fortalecerlos porque si desde la provincia afianzamos la atenci\u00f3n desde los tres a\u00f1os los municipios que puedan contar con recursos ir\u00e1n avanzando en la atenci\u00f3n hasta los dos a\u00f1os\u201d.<\/p>\n<p><a href=\"https:\/\/www.hoymercedes.com.ar\/principal\/wp-content\/uploads\/2011\/04\/Jard\u00ednLosRobles023.jpg\"><img loading=\"lazy\" decoding=\"async\" data-attachment-id=\"3781\" data-permalink=\"https:\/\/www.hoymercedes.com.ar\/principal\/2011\/04\/27\/selva-y-los-ministros-alvarez-y-oporto-inauguraron-el-jardin-maternal-de-calle-9\/jardinlosrobles018\/#main\" data-orig-file=\"https:\/\/www.hoymercedes.com.ar\/principal\/wp-content\/uploads\/2011\/04\/Jard\u00ednLosRobles018.jpg\" data-orig-size=\"650,488\" data-comments-opened=\"1\" data-image-meta=\"{&quot;aperture&quot;:&quot;2.8&quot;,&quot;credit&quot;:&quot;&quot;,&quot;camera&quot;:&quot;COOLPIX L10&quot;,&quot;caption&quot;:&quot;&quot;,&quot;created_timestamp&quot;:&quot;1303628910&quot;,&quot;copyright&quot;:&quot;Copyright 2006&quot;,&quot;focal_length&quot;:&quot;6.2&quot;,&quot;iso&quot;:&quot;64&quot;,&quot;shutter_speed&quot;:&quot;0.0023781212841855&quot;,&quot;title&quot;:&quot;&quot;}\" data-image-title=\"Jard\u00ednLosRobles018\" data-image-description=\"\" data-image-caption=\"\" data-large-file=\"https:\/\/www.hoymercedes.com.ar\/principal\/wp-content\/uploads\/2011\/04\/Jard\u00ednLosRobles018.jpg\" class=\"aligncenter size-full wp-image-3781\" title=\"Jard\u00ednLosRobles018\" src=\"https:\/\/www.hoymercedes.com.ar\/principal\/wp-content\/uploads\/2011\/04\/Jard\u00ednLosRobles023.jpg\" alt=\"\" width=\"650\" height=\"488\" \/><\/a><\/p>\n<p>Por \u00faltimo el ex Intendente de Avellaneda durante 4 per\u00edodos, hoy Ministro de Desarrollo Social Baldomero \u00c1lvarez de Olivera precis\u00f3 \u201cla planificaci\u00f3n en los municipios en la base esencial del trabajo que deben realizar, en mi caso durante cuatro mandatos en Avellaneda tuvimos eso muy encuentra,  y hoy luego de quinde a\u00f1os vemos los frutos porque se dio una continuidad en el signo de gobierno con una fuerte decisi\u00f3n pol\u00edtica de avanzar y ejecutar esos planes que nosotros hab\u00edamos planificado, por eso le deseo a Carlos (Selva) que siga trabajando de esta manera ya que es el mejor camino al menos desde mi punto de vista.<\/p>\n<p><a href=\"https:\/\/www.hoymercedes.com.ar\/principal\/wp-content\/uploads\/2011\/04\/Jard\u00ednLosRobles025.jpg\"><img loading=\"lazy\" decoding=\"async\" data-attachment-id=\"3781\" data-permalink=\"https:\/\/www.hoymercedes.com.ar\/principal\/2011\/04\/27\/selva-y-los-ministros-alvarez-y-oporto-inauguraron-el-jardin-maternal-de-calle-9\/jardinlosrobles018\/#main\" data-orig-file=\"https:\/\/www.hoymercedes.com.ar\/principal\/wp-content\/uploads\/2011\/04\/Jard\u00ednLosRobles018.jpg\" data-orig-size=\"650,488\" data-comments-opened=\"1\" data-image-meta=\"{&quot;aperture&quot;:&quot;2.8&quot;,&quot;credit&quot;:&quot;&quot;,&quot;camera&quot;:&quot;COOLPIX L10&quot;,&quot;caption&quot;:&quot;&quot;,&quot;created_timestamp&quot;:&quot;1303628910&quot;,&quot;copyright&quot;:&quot;Copyright 2006&quot;,&quot;focal_length&quot;:&quot;6.2&quot;,&quot;iso&quot;:&quot;64&quot;,&quot;shutter_speed&quot;:&quot;0.0023781212841855&quot;,&quot;title&quot;:&quot;&quot;}\" data-image-title=\"Jard\u00ednLosRobles018\" data-image-description=\"\" data-image-caption=\"\" data-large-file=\"https:\/\/www.hoymercedes.com.ar\/principal\/wp-content\/uploads\/2011\/04\/Jard\u00ednLosRobles018.jpg\" class=\"aligncenter size-full wp-image-3781\" title=\"Jard\u00ednLosRobles018\" src=\"https:\/\/www.hoymercedes.com.ar\/principal\/wp-content\/uploads\/2011\/04\/Jard\u00ednLosRobles025.jpg\" alt=\"\" width=\"650\" height=\"488\" \/><\/a><\/p>\n<p>Hoy nosotros le estamos haciendo entrega de este edificio del cual nosotros solo fuimos intermediarios ya que son recursos que seguramente la naci\u00f3n va a pagar porque se trata de un cr\u00e9dito del BID.<\/p>\n<p>Todo esto desde ya que se encuentra dirigida a la pol\u00edtica central que tiene el Gobernador Scioli de apuntar a las diferentes ONG que tiene la provincia, hay mil cuatrocientos instituciones que reciben su becas mensuales, sus subsidios, para que puedan acompa\u00f1ar a los chicos en los distintos momentos de su crecimiento\u201d.<\/p>\n<p><a href=\"https:\/\/www.hoymercedes.com.ar\/principal\/wp-content\/uploads\/2011\/04\/Jard\u00ednLosRobles028.jpg\"><img loading=\"lazy\" decoding=\"async\" data-attachment-id=\"3781\" data-permalink=\"https:\/\/www.hoymercedes.com.ar\/principal\/2011\/04\/27\/selva-y-los-ministros-alvarez-y-oporto-inauguraron-el-jardin-maternal-de-calle-9\/jardinlosrobles018\/#main\" data-orig-file=\"https:\/\/www.hoymercedes.com.ar\/principal\/wp-content\/uploads\/2011\/04\/Jard\u00ednLosRobles018.jpg\" data-orig-size=\"650,488\" data-comments-opened=\"1\" data-image-meta=\"{&quot;aperture&quot;:&quot;2.8&quot;,&quot;credit&quot;:&quot;&quot;,&quot;camera&quot;:&quot;COOLPIX L10&quot;,&quot;caption&quot;:&quot;&quot;,&quot;created_timestamp&quot;:&quot;1303628910&quot;,&quot;copyright&quot;:&quot;Copyright 2006&quot;,&quot;focal_length&quot;:&quot;6.2&quot;,&quot;iso&quot;:&quot;64&quot;,&quot;shutter_speed&quot;:&quot;0.0023781212841855&quot;,&quot;title&quot;:&quot;&quot;}\" data-image-title=\"Jard\u00ednLosRobles018\" data-image-description=\"\" data-image-caption=\"\" data-large-file=\"https:\/\/www.hoymercedes.com.ar\/principal\/wp-content\/uploads\/2011\/04\/Jard\u00ednLosRobles018.jpg\" class=\"aligncenter size-full wp-image-3781\" title=\"Jard\u00ednLosRobles018\" src=\"https:\/\/www.hoymercedes.com.ar\/principal\/wp-content\/uploads\/2011\/04\/Jard\u00ednLosRobles028.jpg\" alt=\"\" width=\"650\" height=\"488\" \/><\/a><\/p>\n<p>Durante el acto se firm\u00f3 el convenio entre la Municipalidad de Mercedes y el Ministerio de Desarrollo Social Bonaerense por el cual este aportar\u00e1 cincuenta becas mensuales de  $ 350 cada una, para cubrir parte de los gastos que origina en las cincuentas plazas que tendr\u00e1 el jard\u00edn Maternal al menos en el comienzo de la gesti\u00f3n.<\/p>\n","protected":false},"excerpt":{"rendered":"<p>En horas de la ma\u00f1ana de este martes 26 qued\u00f3 oficialmente inaugurado el Jard\u00edn Maternal Municipal ubicado en calle 9 &#8230; <a title=\"Selva y los Ministros \u00c1lvarez y Oporto inauguraron el Jard\u00edn Maternal de calle 9\" class=\"read-more\" href=\"https:\/\/www.hoymercedes.com.ar\/principal\/2011\/04\/27\/selva-y-los-ministros-alvarez-y-oporto-inauguraron-el-jardin-maternal-de-calle-9\/\" aria-label=\"Leer m\u00e1s sobre Selva y los Ministros \u00c1lvarez y Oporto inauguraron el Jard\u00edn Maternal de calle 9\">Leer m\u00e1s<\/a><\/p>\n","protected":false},"author":1,"featured_media":0,"comment_status":"open","ping_status":"open","sticky":false,"template":"","format":"standard","meta":{"_monsterinsights_skip_tracking":false,"_monsterinsights_sitenote_active":false,"_monsterinsights_sitenote_note":"","_monsterinsights_sitenote_category":0,"jetpack_post_was_ever_published":false,"_jetpack_newsletter_access":"","_jetpack_dont_email_post_to_subs":false,"_jetpack_newsletter_tier_id":0,"_jetpack_memberships_contains_paywalled_content":false,"_jetpack_memberships_contains_paid_content":false,"footnotes":"","jetpack_publicize_message":"","jetpack_publicize_feature_enabled":true,"jetpack_social_post_already_shared":false,"jetpack_social_options":{"image_generator_settings":{"template":"highway","default_image_id":0,"font":"","enabled":false},"version":2},"_wpas_customize_per_network":false},"categories":[30],"tags":[734,735,18],"class_list":["post-3771","post","type-post","status-publish","format-standard","hentry","category-municipio","tag-jardin-los-robles","tag-oporto","tag-selva","generate-columns","tablet-grid-50","mobile-grid-100","grid-parent","grid-50"],"jetpack_publicize_connections":[],"jetpack_featured_media_url":"","wps_subtitle":"","jetpack_sharing_enabled":true,"_links":{"self":[{"href":"https:\/\/www.hoymercedes.com.ar\/principal\/wp-json\/wp\/v2\/posts\/3771","targetHints":{"allow":["GET"]}}],"collection":[{"href":"https:\/\/www.hoymercedes.com.ar\/principal\/wp-json\/wp\/v2\/posts"}],"about":[{"href":"https:\/\/www.hoymercedes.com.ar\/principal\/wp-json\/wp\/v2\/types\/post"}],"author":[{"embeddable":true,"href":"https:\/\/www.hoymercedes.com.ar\/principal\/wp-json\/wp\/v2\/users\/1"}],"replies":[{"embeddable":true,"href":"https:\/\/www.hoymercedes.com.ar\/principal\/wp-json\/wp\/v2\/comments?post=3771"}],"version-history":[{"count":0,"href":"https:\/\/www.hoymercedes.com.ar\/principal\/wp-json\/wp\/v2\/posts\/3771\/revisions"}],"wp:attachment":[{"href":"https:\/\/www.hoymercedes.com.ar\/principal\/wp-json\/wp\/v2\/media?parent=3771"}],"wp:term":[{"taxonomy":"category","embeddable":true,"href":"https:\/\/www.hoymercedes.com.ar\/principal\/wp-json\/wp\/v2\/categories?post=3771"},{"taxonomy":"post_tag","embeddable":true,"href":"https:\/\/www.hoymercedes.com.ar\/principal\/wp-json\/wp\/v2\/tags?post=3771"}],"curies":[{"name":"wp","href":"https:\/\/api.w.org\/{rel}","templated":true}]}}