{"id":37717,"date":"2014-11-13T22:24:50","date_gmt":"2014-11-14T01:24:50","guid":{"rendered":"http:\/\/www.hoymercedes.com.ar\/principal\/?p=37717"},"modified":"2014-11-13T22:25:17","modified_gmt":"2014-11-14T01:25:17","slug":"tras-pesaje-oficial-todo-listo-para-combate-entre-yacare-sequeira-y-torito-garcia","status":"publish","type":"post","link":"https:\/\/www.hoymercedes.com.ar\/principal\/2014\/11\/13\/tras-pesaje-oficial-todo-listo-para-combate-entre-yacare-sequeira-y-torito-garcia\/","title":{"rendered":"Tras pesaje oficial todo listo para combate entre Yacar\u00e9 Sequeira y Torito Garc\u00eda"},"content":{"rendered":"<p><a href=\"https:\/\/www.hoymercedes.com.ar\/principal\/wp-content\/uploads\/2014\/11\/Yacar\u00e1Sequeira-ToritoGarc\u00eda-13.11.2014.jpg\"><img loading=\"lazy\" decoding=\"async\" data-attachment-id=\"37718\" data-permalink=\"https:\/\/www.hoymercedes.com.ar\/principal\/2014\/11\/13\/tras-pesaje-oficial-todo-listo-para-combate-entre-yacare-sequeira-y-torito-garcia\/yacarasequeira-toritogarcia-13-11-2014\/#main\" data-orig-file=\"https:\/\/www.hoymercedes.com.ar\/principal\/wp-content\/uploads\/2014\/11\/Yacar\u00e1Sequeira-ToritoGarc\u00eda-13.11.2014.jpg\" data-orig-size=\"620,359\" data-comments-opened=\"1\" data-image-meta=\"{&quot;aperture&quot;:&quot;0&quot;,&quot;credit&quot;:&quot;&quot;,&quot;camera&quot;:&quot;&quot;,&quot;caption&quot;:&quot;&quot;,&quot;created_timestamp&quot;:&quot;0&quot;,&quot;copyright&quot;:&quot;&quot;,&quot;focal_length&quot;:&quot;0&quot;,&quot;iso&quot;:&quot;0&quot;,&quot;shutter_speed&quot;:&quot;0&quot;,&quot;title&quot;:&quot;&quot;,&quot;orientation&quot;:&quot;0&quot;}\" data-image-title=\"Yacar\u00e1Sequeira-ToritoGarc\u00eda-13.11.2014\" data-image-description=\"\" data-image-caption=\"\" data-large-file=\"https:\/\/www.hoymercedes.com.ar\/principal\/wp-content\/uploads\/2014\/11\/Yacar\u00e1Sequeira-ToritoGarc\u00eda-13.11.2014.jpg\" class=\"Img2014 aligncenter wp-image-37718 size-full\" src=\"https:\/\/www.hoymercedes.com.ar\/principal\/wp-content\/uploads\/2014\/11\/Yacar\u00e1Sequeira-ToritoGarc\u00eda-13.11.2014.jpg\" alt=\"Yacar\u00e1Sequeira-ToritoGarc\u00eda-13.11.2014\" width=\"620\" height=\"359\" \/><\/a><\/p>\n<p><em><strong>Este viernes \u00abYacar\u00e9\u00bb Sequeira disputar\u00e1 un nuevo encuentro y lo har\u00e1 frente al \u00abTorito\u00bb Garc\u00eda y \u00a0para ello se concret\u00f3 en la ma\u00f1ana del jueves el tradicional pesaje entre los competidores. Se efectu\u00f3 en el espacio de la Secretar\u00eda de Gobierno de la Municipalidad de Mercedes.<\/strong><\/em><\/p>\n<p>El pesaje fue con las metodolog\u00edas habituales, adem\u00e1s de contar con personal m\u00e9dico, autoridades deportivas, autoridades pol\u00edticas, p\u00fablico y medios de comunicaci\u00f3n. Fue all\u00ed donde Walter \u00abYacar\u00e9\u00bb Sequeira y Ram\u00f3n \u00abTorito\u00bb Garc\u00eda realizaron el pesaje obligatorio.<\/p>\n<p>El resultado arrojado fue:<\/p>\n<p>Yacar\u00e9 Sequeira: 79.200kgs<\/p>\n<p>Torito Garc\u00eda: 75.900kgs<\/p>\n<p>Con una previa de boxeo amateur se realizar\u00e1 en el Club Uni\u00f3n la gran velada boxistica que pondr\u00e1 nuevamente a Sequeira y Garc\u00eda frente a frente desde las 21.00hs<\/p>\n<p>&nbsp;<\/p>\n<p>&nbsp;<\/p>\n<p>&nbsp;<\/p>\n","protected":false},"excerpt":{"rendered":"<p>Este viernes \u00abYacar\u00e9\u00bb Sequeira disputar\u00e1 un nuevo encuentro y lo har\u00e1 frente al \u00abTorito\u00bb Garc\u00eda y \u00a0para ello se concret\u00f3 &#8230; <a title=\"Tras pesaje oficial todo listo para combate entre Yacar\u00e9 Sequeira y Torito Garc\u00eda\" class=\"read-more\" href=\"https:\/\/www.hoymercedes.com.ar\/principal\/2014\/11\/13\/tras-pesaje-oficial-todo-listo-para-combate-entre-yacare-sequeira-y-torito-garcia\/\" aria-label=\"Leer m\u00e1s sobre Tras pesaje oficial todo listo para combate entre Yacar\u00e9 Sequeira y Torito Garc\u00eda\">Leer m\u00e1s<\/a><\/p>\n","protected":false},"author":1,"featured_media":0,"comment_status":"open","ping_status":"open","sticky":false,"template":"","format":"standard","meta":{"_monsterinsights_skip_tracking":false,"_monsterinsights_sitenote_active":false,"_monsterinsights_sitenote_note":"","_monsterinsights_sitenote_category":0,"jetpack_post_was_ever_published":false,"_jetpack_newsletter_access":"","_jetpack_dont_email_post_to_subs":false,"_jetpack_newsletter_tier_id":0,"_jetpack_memberships_contains_paywalled_content":false,"_jetpack_memberships_contains_paid_content":false,"footnotes":"","jetpack_publicize_message":"","jetpack_publicize_feature_enabled":true,"jetpack_social_post_already_shared":false,"jetpack_social_options":{"image_generator_settings":{"template":"highway","default_image_id":0,"font":"","enabled":false},"version":2},"_wpas_customize_per_network":false},"categories":[21],"tags":[6417,6416,3806,4048],"class_list":["post-37717","post","type-post","status-publish","format-standard","hentry","category-deportes","tag-ramon-torito-garcia","tag-torito-garcia","tag-walter-yacare-sequeira","tag-yacare-sequeira","generate-columns","tablet-grid-50","mobile-grid-100","grid-parent","grid-50"],"jetpack_publicize_connections":[],"jetpack_featured_media_url":"","wps_subtitle":"El gran boxeador mercedino","jetpack_sharing_enabled":true,"_links":{"self":[{"href":"https:\/\/www.hoymercedes.com.ar\/principal\/wp-json\/wp\/v2\/posts\/37717","targetHints":{"allow":["GET"]}}],"collection":[{"href":"https:\/\/www.hoymercedes.com.ar\/principal\/wp-json\/wp\/v2\/posts"}],"about":[{"href":"https:\/\/www.hoymercedes.com.ar\/principal\/wp-json\/wp\/v2\/types\/post"}],"author":[{"embeddable":true,"href":"https:\/\/www.hoymercedes.com.ar\/principal\/wp-json\/wp\/v2\/users\/1"}],"replies":[{"embeddable":true,"href":"https:\/\/www.hoymercedes.com.ar\/principal\/wp-json\/wp\/v2\/comments?post=37717"}],"version-history":[{"count":0,"href":"https:\/\/www.hoymercedes.com.ar\/principal\/wp-json\/wp\/v2\/posts\/37717\/revisions"}],"wp:attachment":[{"href":"https:\/\/www.hoymercedes.com.ar\/principal\/wp-json\/wp\/v2\/media?parent=37717"}],"wp:term":[{"taxonomy":"category","embeddable":true,"href":"https:\/\/www.hoymercedes.com.ar\/principal\/wp-json\/wp\/v2\/categories?post=37717"},{"taxonomy":"post_tag","embeddable":true,"href":"https:\/\/www.hoymercedes.com.ar\/principal\/wp-json\/wp\/v2\/tags?post=37717"}],"curies":[{"name":"wp","href":"https:\/\/api.w.org\/{rel}","templated":true}]}}