{"id":37721,"date":"2014-11-14T00:08:30","date_gmt":"2014-11-14T03:08:30","guid":{"rendered":"http:\/\/www.hoymercedes.com.ar\/principal\/?p=37721"},"modified":"2014-11-14T00:09:52","modified_gmt":"2014-11-14T03:09:52","slug":"tras-alerta-del-mic-clausuran-construccion-de-antenas-de-telefonia","status":"publish","type":"post","link":"https:\/\/www.hoymercedes.com.ar\/principal\/2014\/11\/14\/tras-alerta-del-mic-clausuran-construccion-de-antenas-de-telefonia\/","title":{"rendered":"Tras alerta del MIC clausuran construcci\u00f3n de antenas de telefon\u00eda"},"content":{"rendered":"<p><a href=\"https:\/\/www.hoymercedes.com.ar\/principal\/wp-content\/uploads\/2014\/11\/antenas-mercedes.jpg\"><img loading=\"lazy\" decoding=\"async\" data-attachment-id=\"37722\" data-permalink=\"https:\/\/www.hoymercedes.com.ar\/principal\/2014\/11\/14\/tras-alerta-del-mic-clausuran-construccion-de-antenas-de-telefonia\/antenas-mercedes\/#main\" data-orig-file=\"https:\/\/www.hoymercedes.com.ar\/principal\/wp-content\/uploads\/2014\/11\/antenas-mercedes.jpg\" data-orig-size=\"620,465\" data-comments-opened=\"1\" data-image-meta=\"{&quot;aperture&quot;:&quot;0&quot;,&quot;credit&quot;:&quot;&quot;,&quot;camera&quot;:&quot;&quot;,&quot;caption&quot;:&quot;&quot;,&quot;created_timestamp&quot;:&quot;0&quot;,&quot;copyright&quot;:&quot;&quot;,&quot;focal_length&quot;:&quot;0&quot;,&quot;iso&quot;:&quot;0&quot;,&quot;shutter_speed&quot;:&quot;0&quot;,&quot;title&quot;:&quot;&quot;,&quot;orientation&quot;:&quot;0&quot;}\" data-image-title=\"antenas-mercedes\" data-image-description=\"\" data-image-caption=\"\" data-large-file=\"https:\/\/www.hoymercedes.com.ar\/principal\/wp-content\/uploads\/2014\/11\/antenas-mercedes.jpg\" class=\"Img2014 aligncenter wp-image-37722 size-full\" src=\"https:\/\/www.hoymercedes.com.ar\/principal\/wp-content\/uploads\/2014\/11\/antenas-mercedes.jpg\" alt=\"antenas-mercedes\" width=\"620\" height=\"465\" \/><\/a><\/p>\n<p>&nbsp;<\/p>\n<p><em><strong>El espacio del MIC (Mercedes Independiente Comunal) elabor\u00f3 un proyecto y alert\u00f3 sobre la construcci\u00f3n de antenas, posiblemente para telefon\u00eda m\u00f3vil. Luego, tras la presentaci\u00f3n y aviso de los vecinos, se suspendi\u00f3 la obra.<\/strong><\/em><\/p>\n<p>Desde el MIC comentaron que:<em> \u00abEl lunes 10 de noviembre, vecinos del Barrio Tres Avenidas, llamaron a los concejales del MIC porque comenzaban a construirse dos bases para probables estructuras de antenas de comunicaci\u00f3n inal\u00e1mbrica. Ante esto los ediles presentaron el Expediente 744\/14 en la Sesi\u00f3n Ordinaria que debi\u00f3 suspenderse por los motivos conocidos.\u00bb<\/em><\/p>\n<p>El expediente eleborado y presentado por el MIC es el siguiente:<\/p>\n<p>&nbsp;<\/p>\n<p>VISTO<\/p>\n<p>La construcci\u00f3n del cimiento y el comienzo de la instalaci\u00f3n de dos posibles torres para antenas de telefon\u00eda celular y\/o similar en parcela del FF CC Sarmiento cercana a la esquina de calles 6 y 21.<\/p>\n<p>CONSIDERANDO<\/p>\n<p>Que existen las Ordenanzas 7163\/12 y la 7154\/12 que regulan el emplazamiento de todo tipo de torres, monopostes y\/o m\u00e1stiles para antenas de telefon\u00eda celular y\/o similar en el Partido de Mercedes<\/p>\n<p>Ante lo expuesto el Bloque MIC promueve el siguiente Proyecto de:<\/p>\n<p>RESOLUCI\u00d3N<\/p>\n<p>Art 1\u00b0. El HCD, se dirige al DE, para que a trav\u00e9s del \u00e1rea correspondiente, informe si la construcci\u00f3n del cimiento y el comienzo de la instalaci\u00f3n de dos posibles torres para antenas de telefon\u00eda celular y\/o similar en parcela del FF CC Sarmiento cercana a la esquina de calles 6 y 21.<\/p>\n<ol>\n<li>a) Acredita seg\u00fan el art\u00edculo 4\u00b0 de la Ordenanza 7163\/12:<\/li>\n<\/ol>\n<p>&#8211;\u00a0\u00a0\u00a0\u00a0\u00a0\u00a0\u00a0\u00a0\u00a0\u00a0 Respeto del inmueble donde se pretende emplazar la instalaci\u00f3n, titularidad dominial o contrato de locaci\u00f3n, comodato o permiso de uso, en que conste la expresa conformidad con el destino, mediante firma certificada.<\/p>\n<p>&#8211;\u00a0\u00a0\u00a0\u00a0\u00a0\u00a0\u00a0\u00a0\u00a0\u00a0 Prefactibilidad de localizaci\u00f3n, otorgada por el Municipio conforme a la Ordenanza de Zonificaci\u00f3n vigente.<\/p>\n<p>&#8211;\u00a0\u00a0\u00a0\u00a0\u00a0\u00a0\u00a0\u00a0\u00a0\u00a0 Permiso de emplazamiento y funcionamiento de la instalaci\u00f3n generadora de Radiaci\u00f3n Electromagn\u00e9tica No Ionizante (RNI) otorgado por el OPDS, seg\u00fan Resoluci\u00f3n de dicho Organismo N\u00b0 144\/07.<\/p>\n<p>&#8211;\u00a0\u00a0\u00a0\u00a0\u00a0\u00a0\u00a0\u00a0\u00a0\u00a0 Certificado de conformidad expedido por la Comisi\u00f3n Nacional de Comunicaciones.<\/p>\n<p>&#8211;\u00a0\u00a0\u00a0\u00a0\u00a0\u00a0\u00a0\u00a0\u00a0\u00a0 Plano de obra aprobado por el \u00e1rea municipal correspondiente.<\/p>\n<p>&#8211;\u00a0\u00a0\u00a0\u00a0\u00a0\u00a0\u00a0\u00a0\u00a0\u00a0 Balizamiento de la antena (otorgada por el ANAC).<\/p>\n<p>&#8211;\u00a0\u00a0\u00a0\u00a0\u00a0\u00a0\u00a0\u00a0\u00a0\u00a0 Factibilidad de la Instalaci\u00f3n.<\/p>\n<p>&#8211;\u00a0\u00a0\u00a0\u00a0\u00a0\u00a0\u00a0\u00a0\u00a0\u00a0 Pago de tasa por Instalaci\u00f3n y habilitaci\u00f3n.<\/p>\n<p>&#8211;\u00a0\u00a0\u00a0\u00a0\u00a0\u00a0\u00a0\u00a0\u00a0\u00a0 Adecuar un sistema de monitoreo continuo.<\/p>\n<p>&#8211;\u00a0\u00a0\u00a0\u00a0\u00a0\u00a0\u00a0\u00a0\u00a0\u00a0 Cobertura de responsabilidad civil por da\u00f1os materiales.<\/p>\n<ol>\n<li>a) Se adec\u00faa al art\u00edculo 6\u00b0 de la Ordenanza 7163\/12:<\/li>\n<\/ol>\n<p>&#8211;\u00a0\u00a0\u00a0\u00a0\u00a0\u00a0\u00a0\u00a0\u00a0\u00a0 Aquellas torres, monopostes y\/o m\u00e1stiles, as\u00ed como las obras civiles que sirvieren a su emplazamiento cuya construcci\u00f3n o instalaci\u00f3n nos e adecuase a lo preceptuado en esta Ordenanza podr\u00e1n ser paralizadas por el Departamento Ejecutivo hasta tanto cumplimente la totalidad de los recaudos exigibles.<\/p>\n<p>&#8211;\u00a0\u00a0\u00a0\u00a0\u00a0\u00a0\u00a0\u00a0\u00a0\u00a0 El juzgado de Faltas Municipal podr\u00e1 disponer el desmantelamiento de la misma a cargo de la empresa constructora u operadora de la misma, pudiendo el Municipio, en caso de incumplimiento y previa intimaci\u00f3n fehaciente, realizar la tarea con cargo al titular.<\/p>\n<p>Art. 2\u00b0. Los Visto y Considerando forman parte de la Presente.<\/p>\n<p>Art. 3\u00b0. De forma.<\/p>\n<p>&nbsp;<\/p>\n<p>JUAN CARLOS BADANO\u00a0\u00a0\u00a0\u00a0\u00a0\u00a0\u00a0\u00a0\u00a0\u00a0\u00a0\u00a0\u00a0\u00a0\u00a0\u00a0\u00a0\u00a0\u00a0\u00a0\u00a0\u00a0\u00a0\u00a0\u00a0\u00a0\u00a0\u00a0\u00a0\u00a0\u00a0\u00a0\u00a0\u00a0\u00a0\u00a0\u00a0\u00a0\u00a0\u00a0 JOS\u00c9 MAR\u00cdA CESTARI.<\/p>\n<p>El d\u00eda martes 11, se nos comunica que Inspecci\u00f3n municipal supendi\u00f3 la obra por falta de autorizaci\u00f3n.<\/p>\n","protected":false},"excerpt":{"rendered":"<p>&nbsp; El espacio del MIC (Mercedes Independiente Comunal) elabor\u00f3 un proyecto y alert\u00f3 sobre la construcci\u00f3n de antenas, posiblemente para &#8230; <a title=\"Tras alerta del MIC clausuran construcci\u00f3n de antenas de telefon\u00eda\" class=\"read-more\" href=\"https:\/\/www.hoymercedes.com.ar\/principal\/2014\/11\/14\/tras-alerta-del-mic-clausuran-construccion-de-antenas-de-telefonia\/\" aria-label=\"Leer m\u00e1s sobre Tras alerta del MIC clausuran construcci\u00f3n de antenas de telefon\u00eda\">Leer m\u00e1s<\/a><\/p>\n","protected":false},"author":1,"featured_media":0,"comment_status":"open","ping_status":"open","sticky":false,"template":"","format":"standard","meta":{"_monsterinsights_skip_tracking":false,"_monsterinsights_sitenote_active":false,"_monsterinsights_sitenote_note":"","_monsterinsights_sitenote_category":0,"jetpack_post_was_ever_published":false,"_jetpack_newsletter_access":"","_jetpack_dont_email_post_to_subs":false,"_jetpack_newsletter_tier_id":0,"_jetpack_memberships_contains_paywalled_content":false,"_jetpack_memberships_contains_paid_content":false,"footnotes":"","jetpack_publicize_message":"","jetpack_publicize_feature_enabled":true,"jetpack_social_post_already_shared":false,"jetpack_social_options":{"image_generator_settings":{"template":"highway","default_image_id":0,"font":"","enabled":false},"version":2},"_wpas_customize_per_network":false},"categories":[5],"tags":[1149,321,3908,5233],"class_list":["post-37721","post","type-post","status-publish","format-standard","hentry","category-politica","tag-badano","tag-jose-cestari","tag-mercedes-independiente-comunal","tag-mic-pro","generate-columns","tablet-grid-50","mobile-grid-100","grid-parent","grid-50"],"jetpack_publicize_connections":[],"jetpack_featured_media_url":"","wps_subtitle":"Obras en la ciudad","jetpack_sharing_enabled":true,"jetpack-related-posts":[{"id":36221,"url":"https:\/\/www.hoymercedes.com.ar\/principal\/2014\/09\/21\/concejales-del-mic-recorren-la-ciudad-y-especifican-cuestiones-a-solucionar\/","url_meta":{"origin":37721,"position":0},"title":"Concejales del MIC recorren la ciudad y especifican cuestiones a solucionar","author":"hoymercedes","date":"21 septiembre, 2014","format":false,"excerpt":"El lunes 15 de septiembre los concejales del MIC, Jos\u00e9 Cestari y Juan Carlos Badano, visitaron en primer t\u00e9rmino el Barrio Villa Asunci\u00f3n (Ex Tedo), los vecinos indicaron la presencia de la construcci\u00f3n de un cimiento y el comienzo de la instalaci\u00f3n de una torre para antenas de telefon\u00eda celular\u2026","rel":"","context":"En \u00abPol\u00edtica\u00bb","block_context":{"text":"Pol\u00edtica","link":"https:\/\/www.hoymercedes.com.ar\/principal\/category\/politica\/"},"img":{"alt_text":"basura-mercedes","src":"https:\/\/i0.wp.com\/www.hoymercedes.com.ar\/principal\/wp-content\/uploads\/2014\/09\/basura-mercedes.jpg?resize=350%2C200","width":350,"height":200,"srcset":"https:\/\/i0.wp.com\/www.hoymercedes.com.ar\/principal\/wp-content\/uploads\/2014\/09\/basura-mercedes.jpg?resize=350%2C200 1x, https:\/\/i0.wp.com\/www.hoymercedes.com.ar\/principal\/wp-content\/uploads\/2014\/09\/basura-mercedes.jpg?resize=525%2C300 1.5x"},"classes":[]},{"id":44437,"url":"https:\/\/www.hoymercedes.com.ar\/principal\/2015\/09\/07\/alertan-sobre-construccion-de-antena-para-telefonia-en-campo-deportivo\/","url_meta":{"origin":37721,"position":1},"title":"Alertan sobre construcci\u00f3n de antena para telefon\u00eda en campo deportivo","author":"hoymercedes","date":"7 septiembre, 2015","format":false,"excerpt":"El concejal Jos\u00e9 Cestari emiti\u00f3 un proyecto para que el Departamento Ejecutivo explicite las cuestiones vinculadas a la construcci\u00f3n de una antena para telefon\u00eda en el predio del club Quilmes. Dicho proyecto est\u00e1 vinculado a que son elementos que se vinculan a la salud de la poblaci\u00f3n, poniendo en debate\u2026","rel":"","context":"En \u00abSociedad\u00bb","block_context":{"text":"Sociedad","link":"https:\/\/www.hoymercedes.com.ar\/principal\/category\/sociedad\/"},"img":{"alt_text":"","src":"https:\/\/i0.wp.com\/www.hoymercedes.com.ar\/principal\/wp-content\/uploads\/2015\/09\/antena-telefonia-quilmes.jpg?resize=350%2C200&ssl=1","width":350,"height":200,"srcset":"https:\/\/i0.wp.com\/www.hoymercedes.com.ar\/principal\/wp-content\/uploads\/2015\/09\/antena-telefonia-quilmes.jpg?resize=350%2C200&ssl=1 1x, https:\/\/i0.wp.com\/www.hoymercedes.com.ar\/principal\/wp-content\/uploads\/2015\/09\/antena-telefonia-quilmes.jpg?resize=525%2C300&ssl=1 1.5x"},"classes":[]},{"id":34592,"url":"https:\/\/www.hoymercedes.com.ar\/principal\/2014\/07\/13\/el-mic-solicita-agentes-de-transito-y-construccion-de-lomo-de-burro-frente-al-colegio-santa-maria\/","url_meta":{"origin":37721,"position":2},"title":"El MIC solicita agentes de tr\u00e1nsito y construcci\u00f3n de lomo de burro frente al colegio Santa Mar\u00eda","author":"hoymercedes","date":"13 julio, 2014","format":false,"excerpt":"Por Mic Mercedes - Siguiendo con las recorridas que realiza el Movimiento Independiente Comunal, es que se llegaron hasta las instalaciones del Colegio Santa Mar\u00eda en hora pico y decidieron la pronta realizaci\u00f3n de un expediente solicitando la construcci\u00f3n de un lomo de burro y la presencia de agentes de\u2026","rel":"","context":"En \u00abPol\u00edtica\u00bb","block_context":{"text":"Pol\u00edtica","link":"https:\/\/www.hoymercedes.com.ar\/principal\/category\/politica\/"},"img":{"alt_text":"","src":"","width":0,"height":0},"classes":[]},{"id":25710,"url":"https:\/\/www.hoymercedes.com.ar\/principal\/2013\/09\/12\/mic-inspecciono-jofre-para-ver-si-se-cumplian-ordenanzas\/","url_meta":{"origin":37721,"position":3},"title":"MIC Inspeccion\u00f3 Jofr\u00e9 para ver si se cumpl\u00edan ordenanzas","author":"hoymercedes","date":"12 septiembre, 2013","format":false,"excerpt":"El Mercedes Independiente Comunal llev\u00f3 a cabo una inspecci\u00f3n como fuerza pol\u00edtica de la realidad de Tom\u00e1s Jofr\u00e9 en relaci\u00f3n a propuestas presentadas por dicha fuerza en el cuerpo deliberativo. Tom\u00e1s Jofr\u00e9 es uno de los puntos m\u00e1s destacados en cuanto a visitas y atractivos con los que hoy cuenta\u2026","rel":"","context":"En \u00abSociedad\u00bb","block_context":{"text":"Sociedad","link":"https:\/\/www.hoymercedes.com.ar\/principal\/category\/sociedad\/"},"img":{"alt_text":"Tom\u00e1sJofr\u00e93","src":"https:\/\/i0.wp.com\/www.hoymercedes.com.ar\/principal\/wp-content\/uploads\/2013\/09\/Tom%C3%A1sJofr%C3%A93.jpg?resize=350%2C200","width":350,"height":200,"srcset":"https:\/\/i0.wp.com\/www.hoymercedes.com.ar\/principal\/wp-content\/uploads\/2013\/09\/Tom%C3%A1sJofr%C3%A93.jpg?resize=350%2C200 1x, https:\/\/i0.wp.com\/www.hoymercedes.com.ar\/principal\/wp-content\/uploads\/2013\/09\/Tom%C3%A1sJofr%C3%A93.jpg?resize=525%2C300 1.5x"},"classes":[]},{"id":72296,"url":"https:\/\/www.hoymercedes.com.ar\/principal\/2018\/02\/09\/la-omic-defensor-del-pueblo-y-concejales-se-reunieron-con-representantes-de-enacom\/","url_meta":{"origin":37721,"position":4},"title":"La OMIC, Defensor del Pueblo y Concejales se reunieron con representantes de ENACOM","author":"hoymercedes","date":"9 febrero, 2018","format":false,"excerpt":"La preocupaci\u00f3n por el servicio de telefon\u00eda m\u00f3vil y la instalaci\u00f3n de antenas sigue en la agenda de los Concejales, la OMIC y la Defensor\u00eda del Pueblo. Es as\u00ed que en la ma\u00f1ana de este jueves 8 de febrero, referentes de los tres organismos se reunieron con representantes del Ente\u2026","rel":"","context":"En \u00abSociedad\u00bb","block_context":{"text":"Sociedad","link":"https:\/\/www.hoymercedes.com.ar\/principal\/category\/sociedad\/"},"img":{"alt_text":"","src":"https:\/\/i0.wp.com\/www.hoymercedes.com.ar\/principal\/wp-content\/uploads\/2018\/02\/08-reunion-enacom-1.jpg?resize=350%2C200&ssl=1","width":350,"height":200,"srcset":"https:\/\/i0.wp.com\/www.hoymercedes.com.ar\/principal\/wp-content\/uploads\/2018\/02\/08-reunion-enacom-1.jpg?resize=350%2C200&ssl=1 1x, https:\/\/i0.wp.com\/www.hoymercedes.com.ar\/principal\/wp-content\/uploads\/2018\/02\/08-reunion-enacom-1.jpg?resize=525%2C300&ssl=1 1.5x, https:\/\/i0.wp.com\/www.hoymercedes.com.ar\/principal\/wp-content\/uploads\/2018\/02\/08-reunion-enacom-1.jpg?resize=700%2C400&ssl=1 2x"},"classes":[]},{"id":9602,"url":"https:\/\/www.hoymercedes.com.ar\/principal\/2011\/12\/06\/declaracion-de-mercedinos-por-la-instalacion-de-antenas\/","url_meta":{"origin":37721,"position":5},"title":"Declaraci\u00f3n de mercedinos por la instalaci\u00f3n de antenas","author":"hoymercedes","date":"6 diciembre, 2011","format":false,"excerpt":"Los abajo firmantes, vecinos de la ciudad de Mercedes, reclamamos p\u00fablicamente que las empresas de telefon\u00eda m\u00f3vil cesen en sus intentos clandestinos de instalar m\u00e1stiles en nuestra ciudad, y respeten nuestra legislaci\u00f3n y nuestra voluntad. Reclamamos un compromiso p\u00fablico que termine con esta agresi\u00f3n sistem\u00e1tica a nuestros hogares. La instalaci\u00f3n\u2026","rel":"","context":"En \u00abSociedad\u00bb","block_context":{"text":"Sociedad","link":"https:\/\/www.hoymercedes.com.ar\/principal\/category\/sociedad\/"},"img":{"alt_text":"","src":"","width":0,"height":0},"classes":[]}],"_links":{"self":[{"href":"https:\/\/www.hoymercedes.com.ar\/principal\/wp-json\/wp\/v2\/posts\/37721","targetHints":{"allow":["GET"]}}],"collection":[{"href":"https:\/\/www.hoymercedes.com.ar\/principal\/wp-json\/wp\/v2\/posts"}],"about":[{"href":"https:\/\/www.hoymercedes.com.ar\/principal\/wp-json\/wp\/v2\/types\/post"}],"author":[{"embeddable":true,"href":"https:\/\/www.hoymercedes.com.ar\/principal\/wp-json\/wp\/v2\/users\/1"}],"replies":[{"embeddable":true,"href":"https:\/\/www.hoymercedes.com.ar\/principal\/wp-json\/wp\/v2\/comments?post=37721"}],"version-history":[{"count":0,"href":"https:\/\/www.hoymercedes.com.ar\/principal\/wp-json\/wp\/v2\/posts\/37721\/revisions"}],"wp:attachment":[{"href":"https:\/\/www.hoymercedes.com.ar\/principal\/wp-json\/wp\/v2\/media?parent=37721"}],"wp:term":[{"taxonomy":"category","embeddable":true,"href":"https:\/\/www.hoymercedes.com.ar\/principal\/wp-json\/wp\/v2\/categories?post=37721"},{"taxonomy":"post_tag","embeddable":true,"href":"https:\/\/www.hoymercedes.com.ar\/principal\/wp-json\/wp\/v2\/tags?post=37721"}],"curies":[{"name":"wp","href":"https:\/\/api.w.org\/{rel}","templated":true}]}}