{"id":37724,"date":"2014-11-14T00:14:05","date_gmt":"2014-11-14T03:14:05","guid":{"rendered":"http:\/\/www.hoymercedes.com.ar\/principal\/?p=37724"},"modified":"2014-11-14T00:16:10","modified_gmt":"2014-11-14T03:16:10","slug":"mas-de-70-mercedinos-ya-se-inscribieron-para-las-cirugias-reconstructivas-del-programa-patria-solidaria","status":"publish","type":"post","link":"https:\/\/www.hoymercedes.com.ar\/principal\/2014\/11\/14\/mas-de-70-mercedinos-ya-se-inscribieron-para-las-cirugias-reconstructivas-del-programa-patria-solidaria\/","title":{"rendered":"M\u00e1s de 70 mercedinos ya se inscribieron para las cirug\u00edas reconstructivas del programa \u201cPatria Solidaria\u201d"},"content":{"rendered":"<p><a href=\"https:\/\/www.hoymercedes.com.ar\/principal\/wp-content\/uploads\/2014\/11\/Ustarroz-Fito-Wado.jpg\"><img loading=\"lazy\" decoding=\"async\" data-attachment-id=\"37725\" data-permalink=\"https:\/\/www.hoymercedes.com.ar\/principal\/2014\/11\/14\/mas-de-70-mercedinos-ya-se-inscribieron-para-las-cirugias-reconstructivas-del-programa-patria-solidaria\/ustarroz-fito-wado\/#main\" data-orig-file=\"https:\/\/www.hoymercedes.com.ar\/principal\/wp-content\/uploads\/2014\/11\/Ustarroz-Fito-Wado.jpg\" data-orig-size=\"620,414\" data-comments-opened=\"1\" data-image-meta=\"{&quot;aperture&quot;:&quot;0&quot;,&quot;credit&quot;:&quot;&quot;,&quot;camera&quot;:&quot;&quot;,&quot;caption&quot;:&quot;&quot;,&quot;created_timestamp&quot;:&quot;0&quot;,&quot;copyright&quot;:&quot;&quot;,&quot;focal_length&quot;:&quot;0&quot;,&quot;iso&quot;:&quot;0&quot;,&quot;shutter_speed&quot;:&quot;0&quot;,&quot;title&quot;:&quot;&quot;,&quot;orientation&quot;:&quot;0&quot;}\" data-image-title=\"Ustarroz-Fito-Wado\" data-image-description=\"\" data-image-caption=\"\" data-large-file=\"https:\/\/www.hoymercedes.com.ar\/principal\/wp-content\/uploads\/2014\/11\/Ustarroz-Fito-Wado.jpg\" class=\"Img2014 aligncenter wp-image-37725 size-full\" src=\"https:\/\/www.hoymercedes.com.ar\/principal\/wp-content\/uploads\/2014\/11\/Ustarroz-Fito-Wado.jpg\" alt=\"Ustarroz-Fito-Wado\" width=\"620\" height=\"414\" \/><\/a><\/p>\n<p>M\u00e1s de 70 vecinos de Mercedes se inscribieron para acceder a las cirug\u00edas est\u00e9ticas reconstructivas gratuitas del programa \u201cPatria Solidaria\u201d, llevado adelante por el Ministerio de Desarrollo Social de la Naci\u00f3n de la mano del prestigioso doctor H\u00e9ctor Lanza y que llega a la ciudad tras un pedido del presidente del bloque de concejales del Frente Mercedino para la Victoria, Juan Ignacio Ustarroz.<\/p>\n<p>&nbsp;<\/p>\n<p>Los m\u00e9dicos del programa ya comenzaron a hacer las evaluaciones particulares de cada uno de los vecinos anotados y a finales de este mes, una vez cumplida esta etapa, resolver\u00e1n los 35 nombres que acceder\u00e1n a las cirug\u00edas, que se realizar\u00e1n en diciembre en las instalaciones del hospital Zonal Blas Lorenzo Dubarry.<\/p>\n<p>&nbsp;<\/p>\n<p>\u201cDe todos modos \u2013record\u00f3 Ustarroz-, tal como lo dijimos al momento de presentar esta iniciativa con el doctor Lanza, se repetir\u00e1n los operativos hasta que las cirug\u00edas lleguen a todos los vecinos que las necesitan. Algunos se han anotado en el Centro de Referencia del Ministerio de Desarrollo de la Naci\u00f3n, y en muchos casos nos hemos enterado de vecinos en condiciones de ingresar al programa recorriendo los barrios\u201d.<\/p>\n<p>&nbsp;<\/p>\n<p>La presentaci\u00f3n de \u201cPatria Solidaria\u201d se hizo d\u00edas atr\u00e1s, con la presencia de los propios Lanza y Ustarroz, adem\u00e1s del diputado nacional Eduardo \u2018Wado\u2019 de Pedro (tambi\u00e9n clave en las gestiones) y el director del hospital Blas Dubarry, Rodolfo Pr\u00edncipi.<\/p>\n<p>&nbsp;<\/p>\n<p>\u201cEste es un programa de salud, de calidad de vida, de inclusi\u00f3n, de concreci\u00f3n de derechos; y no solo nos da una alegr\u00eda enorme que este equipo maravilloso pueda venir a Mercedes, sino que el compromiso es que no se quede afuera ning\u00fan vecino al que puede asistir\u201d, dijo en su momento el presidente de los concejales del Frente Mercedino.<\/p>\n<p>&nbsp;<\/p>\n<p>El proyecto \u2018Patria Solidaria\u2019 (articulado tambi\u00e9n con el Ministerio de Salud de la Naci\u00f3n), asiste con cirug\u00edas est\u00e9ticas-reconstructivas gratuitas a pacientes con malformaciones gen\u00e9ticas y patolog\u00edas como el labio leporino o fisuras del paladar, entre otras.<\/p>\n<p>&nbsp;<\/p>\n<p>\u201cEn muchos casos se trata de operaciones muy costosas, de hasta 70 mil pesos, a las que los vecinos no tienen acceso, y que aqu\u00ed les ser\u00e1 totalmente gratis \u2013dijo Juani-. Por eso vamos a redoblar los esfuerzos para difundirlo en las escuelas, en los clubes, en las instituciones; y por eso agradecemos tambi\u00e9n la colaboraci\u00f3n del hospital Blas Dubarry, cuyos equipos colaboran y articulan con el programa\u201d.<\/p>\n<p>&nbsp;<\/p>\n<p>A su turno, Lanza cont\u00f3: \u201cComo lo resumi\u00f3 una vez un periodista, lo que hacemos en este proyecto es \u2018operar para incluir\u2019. Tratar de cambiarle la vida a la gente que no sale de su casa por verg\u00fcenza, o porque logran salir y siente que la miran, o a la que le cuesta tener una vida social o laboral normal. De eso se trata este programa, y yo soy un agradecido a la vida por poder hacerlo. De cada pueblo que voy me queda un recuerdo hermoso\u201d.<\/p>\n<p>&nbsp;<\/p>\n<p>Lanza, quien record\u00f3 \u201cel impulso que le dio a este proyecto\u201d el ex presidente N\u00e9stor Kirchner y el apoyo tanto de la Presidenta Cristina Fern\u00e1ndez de Kirchner como de la ministro de Desarrollo Social, Alicia Kirchner, enumer\u00f3 entre las patolog\u00edas que abarcan las cirug\u00edas \u201cel labio leporino, las fisuras del paladar, las secuelas de quemaduras y accidentes y las secuelas tumorales como puede ser un c\u00e1ncer de mama. El objetivo es tratar casos que suele ocasionar la marginaci\u00f3n social de las personas que las padecen y limitan no solo sus posibilidades laborales, sino tambi\u00e9n su vida cotidiana\u201d.<\/p>\n<p>&nbsp;<\/p>\n<p>El programa es llevado a cabo por un equipo de 40 personas, entre personal de salud y \u00e1rea administrativa. Actualmente\u00a0<strong>se realizan entre 100 y 150 operaciones por mes<\/strong>, y cada operativo de abordaje territorial dura alrededor de cinco d\u00edas. Entre 2004 y 2014 se realizaron m\u00e1s de 250 operativos, donde se operaron alrededor de m\u00e1s de 5.500 pacientes con situaciones de labio leporino y paladar hendido, malformaciones cong\u00e9nitas, secuelas de las quemaduras, mastectom\u00edas y accidentes.<\/p>\n<p>&nbsp;<\/p>\n<p>&nbsp;<\/p>\n","protected":false},"excerpt":{"rendered":"<p>M\u00e1s de 70 vecinos de Mercedes se inscribieron para acceder a las cirug\u00edas est\u00e9ticas reconstructivas gratuitas del programa \u201cPatria Solidaria\u201d, &#8230; <a title=\"M\u00e1s de 70 mercedinos ya se inscribieron para las cirug\u00edas reconstructivas del programa \u201cPatria Solidaria\u201d\" class=\"read-more\" href=\"https:\/\/www.hoymercedes.com.ar\/principal\/2014\/11\/14\/mas-de-70-mercedinos-ya-se-inscribieron-para-las-cirugias-reconstructivas-del-programa-patria-solidaria\/\" aria-label=\"Leer m\u00e1s sobre M\u00e1s de 70 mercedinos ya se inscribieron para las cirug\u00edas reconstructivas del programa \u201cPatria Solidaria\u201d\">Leer m\u00e1s<\/a><\/p>\n","protected":false},"author":1,"featured_media":0,"comment_status":"open","ping_status":"open","sticky":false,"template":"","format":"standard","meta":{"_monsterinsights_skip_tracking":false,"_monsterinsights_sitenote_active":false,"_monsterinsights_sitenote_note":"","_monsterinsights_sitenote_category":0,"jetpack_post_was_ever_published":false,"_jetpack_newsletter_access":"","_jetpack_dont_email_post_to_subs":false,"_jetpack_newsletter_tier_id":0,"_jetpack_memberships_contains_paywalled_content":false,"_jetpack_memberships_contains_paid_content":false,"footnotes":"","jetpack_publicize_message":"","jetpack_publicize_feature_enabled":true,"jetpack_social_post_already_shared":false,"jetpack_social_options":{"image_generator_settings":{"template":"highway","default_image_id":0,"font":"","enabled":false},"version":2},"_wpas_customize_per_network":false},"categories":[8],"tags":[6418,532,140,585,281],"class_list":["post-37724","post","type-post","status-publish","format-standard","hentry","category-sociedad","tag-cirugias-gratis-mercedes","tag-fito-principi","tag-hospital-dubarry","tag-juan-ustarroz","tag-wado-de-pedro","generate-columns","tablet-grid-50","mobile-grid-100","grid-parent","grid-50"],"jetpack_publicize_connections":[],"jetpack_featured_media_url":"","wps_subtitle":"Salud y bienestar social ","jetpack_sharing_enabled":true,"_links":{"self":[{"href":"https:\/\/www.hoymercedes.com.ar\/principal\/wp-json\/wp\/v2\/posts\/37724","targetHints":{"allow":["GET"]}}],"collection":[{"href":"https:\/\/www.hoymercedes.com.ar\/principal\/wp-json\/wp\/v2\/posts"}],"about":[{"href":"https:\/\/www.hoymercedes.com.ar\/principal\/wp-json\/wp\/v2\/types\/post"}],"author":[{"embeddable":true,"href":"https:\/\/www.hoymercedes.com.ar\/principal\/wp-json\/wp\/v2\/users\/1"}],"replies":[{"embeddable":true,"href":"https:\/\/www.hoymercedes.com.ar\/principal\/wp-json\/wp\/v2\/comments?post=37724"}],"version-history":[{"count":0,"href":"https:\/\/www.hoymercedes.com.ar\/principal\/wp-json\/wp\/v2\/posts\/37724\/revisions"}],"wp:attachment":[{"href":"https:\/\/www.hoymercedes.com.ar\/principal\/wp-json\/wp\/v2\/media?parent=37724"}],"wp:term":[{"taxonomy":"category","embeddable":true,"href":"https:\/\/www.hoymercedes.com.ar\/principal\/wp-json\/wp\/v2\/categories?post=37724"},{"taxonomy":"post_tag","embeddable":true,"href":"https:\/\/www.hoymercedes.com.ar\/principal\/wp-json\/wp\/v2\/tags?post=37724"}],"curies":[{"name":"wp","href":"https:\/\/api.w.org\/{rel}","templated":true}]}}