{"id":37727,"date":"2014-11-14T00:21:52","date_gmt":"2014-11-14T03:21:52","guid":{"rendered":"http:\/\/www.hoymercedes.com.ar\/principal\/?p=37727"},"modified":"2014-11-18T22:37:44","modified_gmt":"2014-11-19T01:37:44","slug":"elecciones-en-cta-horarios-y-lugares-de-votacion","status":"publish","type":"post","link":"https:\/\/www.hoymercedes.com.ar\/principal\/2014\/11\/14\/elecciones-en-cta-horarios-y-lugares-de-votacion\/","title":{"rendered":"Elecciones en CTA: horarios y lugares de votaci\u00f3n"},"content":{"rendered":"<p><a href=\"https:\/\/www.hoymercedes.com.ar\/principal\/wp-content\/uploads\/2014\/11\/cta.jpg\"><img loading=\"lazy\" decoding=\"async\" data-attachment-id=\"37635\" data-permalink=\"https:\/\/www.hoymercedes.com.ar\/principal\/2014\/11\/10\/paro-docente-y-movilizacion-a-la-plata\/cta\/#main\" data-orig-file=\"https:\/\/www.hoymercedes.com.ar\/principal\/wp-content\/uploads\/2014\/11\/cta.jpg\" data-orig-size=\"620,218\" data-comments-opened=\"1\" data-image-meta=\"{&quot;aperture&quot;:&quot;0&quot;,&quot;credit&quot;:&quot;&quot;,&quot;camera&quot;:&quot;&quot;,&quot;caption&quot;:&quot;&quot;,&quot;created_timestamp&quot;:&quot;0&quot;,&quot;copyright&quot;:&quot;&quot;,&quot;focal_length&quot;:&quot;0&quot;,&quot;iso&quot;:&quot;0&quot;,&quot;shutter_speed&quot;:&quot;0&quot;,&quot;title&quot;:&quot;&quot;,&quot;orientation&quot;:&quot;0&quot;}\" data-image-title=\"cta\" data-image-description=\"\" data-image-caption=\"\" data-large-file=\"https:\/\/www.hoymercedes.com.ar\/principal\/wp-content\/uploads\/2014\/11\/cta.jpg\" class=\"Img2014 aligncenter wp-image-37635 size-full\" src=\"https:\/\/www.hoymercedes.com.ar\/principal\/wp-content\/uploads\/2014\/11\/cta.jpg\" alt=\"cta\" width=\"620\" height=\"218\" \/><\/a><\/p>\n<p><em><strong>Desde la Central de Trabajadores de la Argentina efectuaron una manifestaci\u00f3n p\u00fablica con el objetivo de recordar y poner en alerta a todos sus afiliados<\/strong><\/em><\/p>\n<p>CTA Expres\u00f3:<\/p>\n<p>Queremos anunciar que el pr\u00f3ximo martes 18\/11\/2014 se llevaran a cabo las elecciones directas de nuestra central.<\/p>\n<p>El horario de apertura de los comicios ser\u00e1 a las 8:00 Hs y los mismos finalizar\u00e1n a las 17 Hs.<\/p>\n<p>Los lugares de votaci\u00f3n son:<\/p>\n<p>&nbsp;<\/p>\n<p>Seccional SUTEBA: 18 N\u00ba 541 (VOTAN DOCENTES Y UNA FRACCION DE AFILIADOS DIRECTOS)<\/p>\n<p>Seccional CTA Mercedes: 14 N\u00ba 755 (VOTAN AFILIADOS DIRECTOS Y FETIA)<\/p>\n<p>Urna volante:\u00a027 y 26 Palacio de Tribunales (de 8 a 14 hs) &#8211; 22 N\u00ba 784 Local de AJB ( 14 a 17 hs)<\/p>\n<p>En esta urna votan los judiciales.<\/p>\n<p>&nbsp;<\/p>\n<p>Delegada Junta Electoral<\/p>\n<p>Daniela I. Turnes<\/p>\n<p>&nbsp;<\/p>\n<p>De esta forma se conocieron lugares y horarios de votaci\u00f3n.<\/p>\n<p>&nbsp;<\/p>\n","protected":false},"excerpt":{"rendered":"<p>Desde la Central de Trabajadores de la Argentina efectuaron una manifestaci\u00f3n p\u00fablica con el objetivo de recordar y poner en &#8230; <a title=\"Elecciones en CTA: horarios y lugares de votaci\u00f3n\" class=\"read-more\" href=\"https:\/\/www.hoymercedes.com.ar\/principal\/2014\/11\/14\/elecciones-en-cta-horarios-y-lugares-de-votacion\/\" aria-label=\"Leer m\u00e1s sobre Elecciones en CTA: horarios y lugares de votaci\u00f3n\">Leer m\u00e1s<\/a><\/p>\n","protected":false},"author":1,"featured_media":0,"comment_status":"open","ping_status":"open","sticky":false,"template":"","format":"standard","meta":{"_monsterinsights_skip_tracking":false,"_monsterinsights_sitenote_active":false,"_monsterinsights_sitenote_note":"","_monsterinsights_sitenote_category":0,"jetpack_post_was_ever_published":false,"_jetpack_newsletter_access":"","_jetpack_dont_email_post_to_subs":false,"_jetpack_newsletter_tier_id":0,"_jetpack_memberships_contains_paywalled_content":false,"_jetpack_memberships_contains_paid_content":false,"footnotes":"","jetpack_publicize_message":"","jetpack_publicize_feature_enabled":true,"jetpack_social_post_already_shared":false,"jetpack_social_options":{"image_generator_settings":{"template":"highway","default_image_id":0,"font":"","enabled":false},"version":2},"_wpas_customize_per_network":false},"categories":[5],"tags":[6419],"class_list":["post-37727","post","type-post","status-publish","format-standard","hentry","category-politica","tag-elecciones-cta","generate-columns","tablet-grid-50","mobile-grid-100","grid-parent","grid-50"],"jetpack_publicize_connections":[],"jetpack_featured_media_url":"","wps_subtitle":"representaci\u00f3n gremial ","jetpack_sharing_enabled":true,"jetpack-related-posts":[{"id":62667,"url":"https:\/\/www.hoymercedes.com.ar\/principal\/2017\/05\/14\/elecciones-en-suteba-datos-de-la-eleccion\/","url_meta":{"origin":37727,"position":0},"title":"Elecciones en SUTEBA: Datos de la Elecci\u00f3n","author":"hoymercedes","date":"14 mayo, 2017","format":false,"excerpt":"En el gremio docente SUTEBA se llevar\u00e1n adelante las elecciones internas. En la ciudad son dos las listas que compiten para dirigir el Sindicato m\u00e1s all\u00e1 de las propuestas en el \u00e1mbito provincial. Algunos datos que los afiliados deber\u00e1n tener en cuenta a la hora de votar: * La votaci\u00f3n\u2026","rel":"","context":"En \u00abCiudad\u00bb","block_context":{"text":"Ciudad","link":"https:\/\/www.hoymercedes.com.ar\/principal\/category\/ciudad\/"},"img":{"alt_text":"","src":"","width":0,"height":0},"classes":[]},{"id":194669,"url":"https:\/\/www.hoymercedes.com.ar\/principal\/2026\/04\/15\/melina-luna-encabeza-la-lista-celeste-de-suteba\/","url_meta":{"origin":37727,"position":1},"title":"Melina Luna encabeza la lista Celeste de SUTEBA","author":"hoymercedes","date":"15 abril, 2026","format":false,"excerpt":"La lista fue presentada durante la tarde de este martes en la seccional de SUTEBA Mercedes. All\u00ed, con presencia de afiliados e invitados. La elecci\u00f3n ser\u00e1 el pr\u00f3ximo 13 de mayo. En esta ocasi\u00f3n la lista est\u00e1 encabezada por Melina Luna, que ir\u00e1 como secretaria general mientras que Fabi\u00e1n D\u00edaz\u2026","rel":"","context":"En \u00abEducaci\u00f3n\u00bb","block_context":{"text":"Educaci\u00f3n","link":"https:\/\/www.hoymercedes.com.ar\/principal\/category\/educacion\/"},"img":{"alt_text":"Melina Luna, Suteba","src":"https:\/\/i0.wp.com\/www.hoymercedes.com.ar\/principal\/wp-content\/uploads\/2026\/04\/DSC09989-scaled.jpg?resize=350%2C200&ssl=1","width":350,"height":200,"srcset":"https:\/\/i0.wp.com\/www.hoymercedes.com.ar\/principal\/wp-content\/uploads\/2026\/04\/DSC09989-scaled.jpg?resize=350%2C200&ssl=1 1x, https:\/\/i0.wp.com\/www.hoymercedes.com.ar\/principal\/wp-content\/uploads\/2026\/04\/DSC09989-scaled.jpg?resize=525%2C300&ssl=1 1.5x, https:\/\/i0.wp.com\/www.hoymercedes.com.ar\/principal\/wp-content\/uploads\/2026\/04\/DSC09989-scaled.jpg?resize=700%2C400&ssl=1 2x, https:\/\/i0.wp.com\/www.hoymercedes.com.ar\/principal\/wp-content\/uploads\/2026\/04\/DSC09989-scaled.jpg?resize=1050%2C600&ssl=1 3x, https:\/\/i0.wp.com\/www.hoymercedes.com.ar\/principal\/wp-content\/uploads\/2026\/04\/DSC09989-scaled.jpg?resize=1400%2C800&ssl=1 4x"},"classes":[]},{"id":79580,"url":"https:\/\/www.hoymercedes.com.ar\/principal\/2018\/08\/07\/este-miercoles-hay-elecciones-en-cta-autonoma\/","url_meta":{"origin":37727,"position":2},"title":"Este mi\u00e9rcoles hay elecciones en CTA Aut\u00f3noma","author":"hoymercedes","date":"7 agosto, 2018","format":false,"excerpt":"Este 8 de agosto se llevar\u00e1n adelante las elecciones de la CTA Aut\u00f3noma. Cuatro mesas habr\u00e1 para votar entre las 8 y las 18 horas. Solo dos listas se presentan en el \u00e1mbito local. La Lista N\u00b0 1 \u201cGerm\u00e1n Abdala\u201d est\u00e1 encabezada por Fernando Bojorge y Liliana Besadas, mientras que\u2026","rel":"","context":"En \u00abGremios - Sindicatos\u00bb","block_context":{"text":"Gremios - Sindicatos","link":"https:\/\/www.hoymercedes.com.ar\/principal\/category\/gremios-sindicatos\/"},"img":{"alt_text":"","src":"https:\/\/i0.wp.com\/www.hoymercedes.com.ar\/principal\/wp-content\/uploads\/2018\/08\/07-CTA-elecciones.jpg?resize=350%2C200&ssl=1","width":350,"height":200,"srcset":"https:\/\/i0.wp.com\/www.hoymercedes.com.ar\/principal\/wp-content\/uploads\/2018\/08\/07-CTA-elecciones.jpg?resize=350%2C200&ssl=1 1x, https:\/\/i0.wp.com\/www.hoymercedes.com.ar\/principal\/wp-content\/uploads\/2018\/08\/07-CTA-elecciones.jpg?resize=525%2C300&ssl=1 1.5x, https:\/\/i0.wp.com\/www.hoymercedes.com.ar\/principal\/wp-content\/uploads\/2018\/08\/07-CTA-elecciones.jpg?resize=700%2C400&ssl=1 2x"},"classes":[]},{"id":9115,"url":"https:\/\/www.hoymercedes.com.ar\/principal\/2011\/11\/15\/ueb-realiza-elecciones-el-proximo-18-de-noviembre\/","url_meta":{"origin":37727,"position":3},"title":"UEB realiza elecciones el pr\u00f3ximo 18 de noviembre","author":"hoymercedes","date":"15 noviembre, 2011","format":false,"excerpt":"La seccional Mercedes de la UEB informa a sus afiliados sobre las pr\u00f3ximas elecciones: La Junta Electoral de UEB Mercedes recuerda a sus afiliados activos y pasivos que el d\u00eda 18 de Noviembre del corriente se realizar\u00e1 la elecci\u00f3n de Comisi\u00f3n Directiva de esta Entidad, de 8 a 20 Hs\u2026","rel":"","context":"En \u00abEducaci\u00f3n\u00bb","block_context":{"text":"Educaci\u00f3n","link":"https:\/\/www.hoymercedes.com.ar\/principal\/category\/educacion\/"},"img":{"alt_text":"","src":"","width":0,"height":0},"classes":[]},{"id":22251,"url":"https:\/\/www.hoymercedes.com.ar\/principal\/2013\/05\/14\/suteba-se-vienen-las-elecciones-gremiales\/","url_meta":{"origin":37727,"position":4},"title":"SUTEBA: se vienen las elecciones gremiales","author":"hoymercedes","date":"14 mayo, 2013","format":false,"excerpt":"Desde el gremio docente informan respecto a las elecciones que se vienen dentro de unos d\u00edas. Diversos puntos de votaci\u00f3n y listas que buscar\u00e1n ser los m\u00e1ximos referentes en el pr\u00f3ximo per\u00edodo de conducci\u00f3n: Suteba informa: \"La Junta Electoral Seccional Mercedes de SUTEBA recuerda a todos los afiliados que el\u2026","rel":"","context":"En \u00abEducaci\u00f3n\u00bb","block_context":{"text":"Educaci\u00f3n","link":"https:\/\/www.hoymercedes.com.ar\/principal\/category\/educacion\/"},"img":{"alt_text":"","src":"","width":0,"height":0},"classes":[]},{"id":126630,"url":"https:\/\/www.hoymercedes.com.ar\/principal\/2021\/03\/21\/hasta-la-hora-18-los-afiliados-radicales-votan-en-las-internas-provinciales\/","url_meta":{"origin":37727,"position":5},"title":"Hasta la hora 18, los afiliados radicales votan en las internas provinciales","author":"hoymercedes","date":"21 marzo, 2021","format":false,"excerpt":"En el Comit\u00e9 de Mercedes de la Uni\u00f3n C\u00edvica Radical se est\u00e1 llevando a cabo desde las 8 de la ma\u00f1ana, las elecciones internas que definir\u00e1 las autoridades provinciale del centenario partido pol\u00edtico. A lo largo fueron varios los dirigentes y afiliados que se acercaron a optar entre las listas\u2026","rel":"","context":"En \u00abPol\u00edtica\u00bb","block_context":{"text":"Pol\u00edtica","link":"https:\/\/www.hoymercedes.com.ar\/principal\/category\/politica\/"},"img":{"alt_text":"","src":"https:\/\/i0.wp.com\/www.hoymercedes.com.ar\/principal\/wp-content\/uploads\/2021\/03\/WhatsApp-Image-2021-03-21-at-14.40.25.jpeg?resize=350%2C200&ssl=1","width":350,"height":200,"srcset":"https:\/\/i0.wp.com\/www.hoymercedes.com.ar\/principal\/wp-content\/uploads\/2021\/03\/WhatsApp-Image-2021-03-21-at-14.40.25.jpeg?resize=350%2C200&ssl=1 1x, https:\/\/i0.wp.com\/www.hoymercedes.com.ar\/principal\/wp-content\/uploads\/2021\/03\/WhatsApp-Image-2021-03-21-at-14.40.25.jpeg?resize=525%2C300&ssl=1 1.5x"},"classes":[]}],"_links":{"self":[{"href":"https:\/\/www.hoymercedes.com.ar\/principal\/wp-json\/wp\/v2\/posts\/37727","targetHints":{"allow":["GET"]}}],"collection":[{"href":"https:\/\/www.hoymercedes.com.ar\/principal\/wp-json\/wp\/v2\/posts"}],"about":[{"href":"https:\/\/www.hoymercedes.com.ar\/principal\/wp-json\/wp\/v2\/types\/post"}],"author":[{"embeddable":true,"href":"https:\/\/www.hoymercedes.com.ar\/principal\/wp-json\/wp\/v2\/users\/1"}],"replies":[{"embeddable":true,"href":"https:\/\/www.hoymercedes.com.ar\/principal\/wp-json\/wp\/v2\/comments?post=37727"}],"version-history":[{"count":0,"href":"https:\/\/www.hoymercedes.com.ar\/principal\/wp-json\/wp\/v2\/posts\/37727\/revisions"}],"wp:attachment":[{"href":"https:\/\/www.hoymercedes.com.ar\/principal\/wp-json\/wp\/v2\/media?parent=37727"}],"wp:term":[{"taxonomy":"category","embeddable":true,"href":"https:\/\/www.hoymercedes.com.ar\/principal\/wp-json\/wp\/v2\/categories?post=37727"},{"taxonomy":"post_tag","embeddable":true,"href":"https:\/\/www.hoymercedes.com.ar\/principal\/wp-json\/wp\/v2\/tags?post=37727"}],"curies":[{"name":"wp","href":"https:\/\/api.w.org\/{rel}","templated":true}]}}