{"id":37736,"date":"2014-11-14T13:27:14","date_gmt":"2014-11-14T16:27:14","guid":{"rendered":"http:\/\/www.hoymercedes.com.ar\/principal\/?p=37736"},"modified":"2014-11-14T13:28:35","modified_gmt":"2014-11-14T16:28:35","slug":"extienden-plazo-para-renovar-el-dni","status":"publish","type":"post","link":"https:\/\/www.hoymercedes.com.ar\/principal\/2014\/11\/14\/extienden-plazo-para-renovar-el-dni\/","title":{"rendered":"Extienden plazo para renovar el DNI"},"content":{"rendered":"<p><a href=\"https:\/\/www.hoymercedes.com.ar\/principal\/wp-content\/uploads\/2012\/08\/randazzo.jpg\"><img loading=\"lazy\" decoding=\"async\" data-attachment-id=\"37731\" data-permalink=\"https:\/\/www.hoymercedes.com.ar\/principal\/randazzo\/\" data-orig-file=\"https:\/\/www.hoymercedes.com.ar\/principal\/wp-content\/uploads\/2012\/08\/randazzo.jpg\" data-orig-size=\"997,665\" data-comments-opened=\"1\" data-image-meta=\"{&quot;aperture&quot;:&quot;0&quot;,&quot;credit&quot;:&quot;&quot;,&quot;camera&quot;:&quot;&quot;,&quot;caption&quot;:&quot;&quot;,&quot;created_timestamp&quot;:&quot;0&quot;,&quot;copyright&quot;:&quot;&quot;,&quot;focal_length&quot;:&quot;0&quot;,&quot;iso&quot;:&quot;0&quot;,&quot;shutter_speed&quot;:&quot;0&quot;,&quot;title&quot;:&quot;&quot;,&quot;orientation&quot;:&quot;0&quot;}\" data-image-title=\"randazzo\" data-image-description=\"\" data-image-caption=\"\" data-large-file=\"https:\/\/www.hoymercedes.com.ar\/principal\/wp-content\/uploads\/2012\/08\/randazzo.jpg\" class=\"aligncenter size-medium wp-image-37731\" src=\"https:\/\/www.hoymercedes.com.ar\/principal\/wp-content\/uploads\/2012\/08\/randazzo-630x420.jpg\" alt=\"randazzo\" width=\"630\" height=\"420\" srcset=\"https:\/\/www.hoymercedes.com.ar\/principal\/wp-content\/uploads\/2012\/08\/randazzo-630x420.jpg 630w, https:\/\/www.hoymercedes.com.ar\/principal\/wp-content\/uploads\/2012\/08\/randazzo.jpg 997w\" sizes=\"auto, (max-width: 630px) 100vw, 630px\" \/><\/a><\/p>\n<p><em><strong>Con casi el 85% de los DNI de los argentinos renovados el Ministerio del Interior y Transporte anunci\u00f3 que se extendi\u00f3 el plazo para el cambio de documento. Originalmente venc\u00eda en diciembre, pero, ahora se supo que se extiende por 6 meses m\u00e1s.<\/strong><\/em><\/p>\n<p>El Ministro del Interior y Transporte, Florencia Randazzo, efectu\u00f3 el anuncio que es un beneficio para los que a\u00fan no realizaron el tr\u00e1mite y ve\u00edan el plazo se les venc\u00eda. El plazo ser\u00e1 ahora hasta 30 de junio de 2015.<\/p>\n<p><em>\u201cCuando quedan poco m\u00e1s de 45 d\u00edas para el fin de a\u00f1o hemos alcanzado el 85% de documentaci\u00f3n, por lo que estamos dando 6 meses m\u00e1s de plazo para que lo realicen\u201d,<\/em> a\u00f1adi\u00f3 el Ministro.<\/p>\n<p>Florencio Randazzo explic\u00f3 que<em> \u201cel 50% de los que todav\u00eda no han realizado el tr\u00e1mite, -unos dos millones de personas- pertenecen a la provincia de Buenos Aires que apenas ha documentado al 75% de la poblaci\u00f3n\u201d.<\/em><\/p>\n<p>Randazzo calific\u00f3 el rendimiento de la Provincia de \u201cinaceptable frente a otras jurisdicciones como Neuqu\u00e9n, Chubut, Tierra del Fuego y Santa Cruz; que est\u00e1n cerca del 100%; y distritos m\u00e1s grandes como C\u00f3rdoba, Misiones, Santa Fe, Mendoza y La Pampa; que est\u00e1n cerca del 90%\u201d.<\/p>\n<p><em>\u201cSobre todo cuando, por decisi\u00f3n de la Presidenta Cristina Fern\u00e1ndez de Kirchner, desde el gobierno Nacional hemos tramitado de manera directa a trav\u00e9s de nuestras oficinas a m\u00e1s del 35% de los bonaerenses, con lo que la provincia apenas realiz\u00f3 el 40% del trabajo que le corresponde\u201d,<\/em> a\u00f1adi\u00f3 el Ministro.<\/p>\n<p>El Ministro Randazzo se\u00f1al\u00f3 adem\u00e1s que \u201cnosotros hemos digitalizado los centros de la provincia de Buenos Aires que tienen una capacidad de realizar 35 mil tr\u00e1mites por d\u00eda y, a la fecha, vienen tomando poco m\u00e1s de 10 mil\u201d.<\/p>\n<p><em>\u201cEl atraso se debe a que la provincia, responsable de la toma del tr\u00e1mite, hace que sus oficinas atiendan s\u00f3lo de 9 a 13, entregando pocos turnos y generando colas a la madrugada y esperas cuando el tr\u00e1mite deber\u00eda ser r\u00e1pido y sencillo como ocurre en otras jurisdicciones\u201d<\/em>, apunt\u00f3 el Ministro.<\/p>\n<p>Finalmente, Randazzo le pidi\u00f3 a la poblaci\u00f3n que <em>\u201cno lo dejen para el \u00faltimo momento y aprovechen las nuevas oficinas que estamos abriendo en todo el pa\u00eds as\u00ed como los operativos de documentaci\u00f3n que desplegaremos este verano, como todos los a\u00f1os en los principales puntos tur\u00edsticos\u201d.<\/em><\/p>\n<p><em>\u201cEs un tr\u00e1mite muy sencillo, que se realiza en 10 minutos y que se recibe en el domicilio por correo en no m\u00e1s de dos semanas\u201d,<\/em> record\u00f3 el Ministro.<\/p>\n<p><span style=\"color: #808080;\">Prensa Ministerio del Interior<\/span><\/p>\n<p>&nbsp;<\/p>\n","protected":false},"excerpt":{"rendered":"<p>Con casi el 85% de los DNI de los argentinos renovados el Ministerio del Interior y Transporte anunci\u00f3 que se &#8230; <a title=\"Extienden plazo para renovar el DNI\" class=\"read-more\" href=\"https:\/\/www.hoymercedes.com.ar\/principal\/2014\/11\/14\/extienden-plazo-para-renovar-el-dni\/\" aria-label=\"Leer m\u00e1s sobre Extienden plazo para renovar el DNI\">Leer m\u00e1s<\/a><\/p>\n","protected":false},"author":1,"featured_media":0,"comment_status":"open","ping_status":"open","sticky":false,"template":"","format":"standard","meta":{"_monsterinsights_skip_tracking":false,"_monsterinsights_sitenote_active":false,"_monsterinsights_sitenote_note":"","_monsterinsights_sitenote_category":0,"jetpack_post_was_ever_published":false,"_jetpack_newsletter_access":"","_jetpack_dont_email_post_to_subs":false,"_jetpack_newsletter_tier_id":0,"_jetpack_memberships_contains_paywalled_content":false,"_jetpack_memberships_contains_paid_content":false,"footnotes":"","jetpack_publicize_message":"","jetpack_publicize_feature_enabled":true,"jetpack_social_post_already_shared":false,"jetpack_social_options":{"image_generator_settings":{"template":"highway","default_image_id":0,"font":"","enabled":false},"version":2},"_wpas_customize_per_network":false},"categories":[8],"tags":[6421,6158,6420],"class_list":["post-37736","post","type-post","status-publish","format-standard","hentry","category-sociedad","tag-plazo-dni-mercedes","tag-randazzo","tag-renovacion-dni","generate-columns","tablet-grid-50","mobile-grid-100","grid-parent","grid-50"],"jetpack_publicize_connections":[],"jetpack_featured_media_url":"","wps_subtitle":"Obligatorio ","jetpack_sharing_enabled":true,"_links":{"self":[{"href":"https:\/\/www.hoymercedes.com.ar\/principal\/wp-json\/wp\/v2\/posts\/37736","targetHints":{"allow":["GET"]}}],"collection":[{"href":"https:\/\/www.hoymercedes.com.ar\/principal\/wp-json\/wp\/v2\/posts"}],"about":[{"href":"https:\/\/www.hoymercedes.com.ar\/principal\/wp-json\/wp\/v2\/types\/post"}],"author":[{"embeddable":true,"href":"https:\/\/www.hoymercedes.com.ar\/principal\/wp-json\/wp\/v2\/users\/1"}],"replies":[{"embeddable":true,"href":"https:\/\/www.hoymercedes.com.ar\/principal\/wp-json\/wp\/v2\/comments?post=37736"}],"version-history":[{"count":0,"href":"https:\/\/www.hoymercedes.com.ar\/principal\/wp-json\/wp\/v2\/posts\/37736\/revisions"}],"wp:attachment":[{"href":"https:\/\/www.hoymercedes.com.ar\/principal\/wp-json\/wp\/v2\/media?parent=37736"}],"wp:term":[{"taxonomy":"category","embeddable":true,"href":"https:\/\/www.hoymercedes.com.ar\/principal\/wp-json\/wp\/v2\/categories?post=37736"},{"taxonomy":"post_tag","embeddable":true,"href":"https:\/\/www.hoymercedes.com.ar\/principal\/wp-json\/wp\/v2\/tags?post=37736"}],"curies":[{"name":"wp","href":"https:\/\/api.w.org\/{rel}","templated":true}]}}