{"id":37799,"date":"2014-11-17T13:37:01","date_gmt":"2014-11-17T16:37:01","guid":{"rendered":"http:\/\/www.hoymercedes.com.ar\/principal\/?p=37799"},"modified":"2014-11-17T13:37:42","modified_gmt":"2014-11-17T16:37:42","slug":"adquiere-la-comuna-vivienda-para-casa-del-estudiante-en-la-plata","status":"publish","type":"post","link":"https:\/\/www.hoymercedes.com.ar\/principal\/2014\/11\/17\/adquiere-la-comuna-vivienda-para-casa-del-estudiante-en-la-plata\/","title":{"rendered":"Adquiere la comuna vivienda para \u00abCasa del estudiante\u00bb en La Plata"},"content":{"rendered":"<p><a href=\"https:\/\/www.hoymercedes.com.ar\/principal\/wp-content\/uploads\/2014\/11\/casaestudiante-mercedes-laplata.jpg\"><img loading=\"lazy\" decoding=\"async\" data-attachment-id=\"37800\" data-permalink=\"https:\/\/www.hoymercedes.com.ar\/principal\/2014\/11\/17\/adquiere-la-comuna-vivienda-para-casa-del-estudiante-en-la-plata\/casaestudiante-mercedes-laplata\/#main\" data-orig-file=\"https:\/\/www.hoymercedes.com.ar\/principal\/wp-content\/uploads\/2014\/11\/casaestudiante-mercedes-laplata.jpg\" data-orig-size=\"620,643\" data-comments-opened=\"1\" data-image-meta=\"{&quot;aperture&quot;:&quot;0&quot;,&quot;credit&quot;:&quot;&quot;,&quot;camera&quot;:&quot;&quot;,&quot;caption&quot;:&quot;&quot;,&quot;created_timestamp&quot;:&quot;0&quot;,&quot;copyright&quot;:&quot;&quot;,&quot;focal_length&quot;:&quot;0&quot;,&quot;iso&quot;:&quot;0&quot;,&quot;shutter_speed&quot;:&quot;0&quot;,&quot;title&quot;:&quot;&quot;,&quot;orientation&quot;:&quot;0&quot;}\" data-image-title=\"casaestudiante-mercedes-laplata\" data-image-description=\"\" data-image-caption=\"\" data-large-file=\"https:\/\/www.hoymercedes.com.ar\/principal\/wp-content\/uploads\/2014\/11\/casaestudiante-mercedes-laplata.jpg\" class=\"Img2014 aligncenter wp-image-37800 size-full\" src=\"https:\/\/www.hoymercedes.com.ar\/principal\/wp-content\/uploads\/2014\/11\/casaestudiante-mercedes-laplata.jpg\" alt=\"casaestudiante-mercedes-laplata\" width=\"620\" height=\"643\" srcset=\"https:\/\/www.hoymercedes.com.ar\/principal\/wp-content\/uploads\/2014\/11\/casaestudiante-mercedes-laplata.jpg 620w, https:\/\/www.hoymercedes.com.ar\/principal\/wp-content\/uploads\/2014\/11\/casaestudiante-mercedes-laplata-597x620.jpg 597w\" sizes=\"auto, (max-width: 620px) 100vw, 620px\" \/><\/a><\/p>\n<p><em><strong>La Municipalidad anunci\u00f3 oficialmente la compra de una nueva vivienda en la capital provincial con el objetivo de que se convierta en una nueva \u00abCasa del Estudiantes\u00bb, para los mercedinos que dec\u00edan buscar su destino educativo en La Plata. \u00ab<\/strong><strong>El gobierno de Carlos Selva sigue invirtiendo en materia educativa: compr\u00f3 una vivienda en la ciudad de\u00a0La Plata\u00a0que funcionar\u00e1 como Casa del Estudiante de la ciudad de Mercedes.\u00bb, comentaron.<\/strong><\/em><\/p>\n<p>La fuerte inversi\u00f3n que realiza el municipio en educaci\u00f3n se vio refrendada una vez m\u00e1s esta semana con la adquisici\u00f3n de una casa para que los estudiantes de la ciudad puedan realizar sus estudios universitarios en la capital bonaerense. <em>\u201cEs un proyecto que ven\u00edamos charlando con el intendente hace rato. Hasta ahora ten\u00edamos dos viviendas alquiladas para los chicos que estudian en\u00a0La Plata, pero esto nos limitaba fuertemente al momento de hacer modificaciones o reparaciones, ya que el inmueble no era nuestro. A partir de eso empezamos a pensar en tener una casa propia\u201d<\/em>, cont\u00f3 el profesor Fernando Pachiani, Coordinador de Educaci\u00f3n del municipio.<\/p>\n<p>El intendente Selva ven\u00eda sosteniendo desde hace tiempo la necesidad de contar con un espacio propio en la capital de la provincia y se dio esta gran oportunidad de comprar una vivienda de dos plantas y ubicada en una zona muy linda de\u00a0La Plata.\u00a0\u201c<em>Hemos hecho una inversi\u00f3n importante, si es que se tiene en cuenta que gast\u00e1bamos alrededor de 250 mil pesos al a\u00f1o en alquileres. A largo plazo va a ser un patrimonio municipal muy importante. La casa est\u00e1 ubicada en calle 35 entre 11 y 12, es un barrio muy pintoresco, seguro y est\u00e1 a solo una cuadra de la 13 que es una avenida por donde circulan todos los colectivos que entran a\u00a0La Plata\u201d<\/em>, dijo Pachiani.<\/p>\n<p>La casa comprada ser\u00e1 habitada en 2015 por los chicos que ya est\u00e1n estudiando en\u00a0La Plata, y no se abrir\u00e1 inscripci\u00f3n para la llegada de nuevos mercedinos. \u201c<em>Es una casa muy c\u00f3moda, para 18 personas. Tiene dos cocinas, dormitorios, espacios amplios como para poder estudiar, ba\u00f1os arriba y abajo y otras dependencias. Nosotros buscamos tambi\u00e9n que los estudiantes con esta nueva casa tengan un profundo sentido de pertenencia y la cuiden de la mejor manera\u201d,<\/em> explic\u00f3 el funcionario municipal.<\/p>\n<p>Seg\u00fan estima Pachiani la mudanza se estar\u00eda concretando a principios de diciembre. Lo complejo de esta operatoria ser\u00e1 que se deben trasladar las cosas desde dos casas (las alquiladas actualmente) hasta la flamante vivienda de calle 35. <em>\u201cHemos hecho un esfuerzo importante desde\u00a0la Municipalidad\u00a0y esperamos que la comunidad entienda realmente lo importante que es este paso\u201d,<\/em> asegur\u00f3 el coordinador de Educaci\u00f3n Fernando Pachiani.<\/p>\n<p>&nbsp;<\/p>\n<p>&nbsp;<\/p>\n<p>&nbsp;<\/p>\n","protected":false},"excerpt":{"rendered":"<p>La Municipalidad anunci\u00f3 oficialmente la compra de una nueva vivienda en la capital provincial con el objetivo de que se &#8230; <a title=\"Adquiere la comuna vivienda para \u00abCasa del estudiante\u00bb en La Plata\" class=\"read-more\" href=\"https:\/\/www.hoymercedes.com.ar\/principal\/2014\/11\/17\/adquiere-la-comuna-vivienda-para-casa-del-estudiante-en-la-plata\/\" aria-label=\"Leer m\u00e1s sobre Adquiere la comuna vivienda para \u00abCasa del estudiante\u00bb en La Plata\">Leer m\u00e1s<\/a><\/p>\n","protected":false},"author":1,"featured_media":0,"comment_status":"open","ping_status":"open","sticky":false,"template":"","format":"standard","meta":{"_monsterinsights_skip_tracking":false,"_monsterinsights_sitenote_active":false,"_monsterinsights_sitenote_note":"","_monsterinsights_sitenote_category":0,"jetpack_post_was_ever_published":false,"_jetpack_newsletter_access":"","_jetpack_dont_email_post_to_subs":false,"_jetpack_newsletter_tier_id":0,"_jetpack_memberships_contains_paywalled_content":false,"_jetpack_memberships_contains_paid_content":false,"footnotes":"","jetpack_publicize_message":"","jetpack_publicize_feature_enabled":true,"jetpack_social_post_already_shared":false,"jetpack_social_options":{"image_generator_settings":{"template":"highway","default_image_id":0,"font":"","enabled":false},"version":2},"_wpas_customize_per_network":false},"categories":[23],"tags":[2914,197,5392],"class_list":["post-37799","post","type-post","status-publish","format-standard","hentry","category-educacion","tag-casa-del-estudiante","tag-municipalidad-de-mercedes","tag-subsidios-municipalidad-de-mercedes","generate-columns","tablet-grid-50","mobile-grid-100","grid-parent","grid-50"],"jetpack_publicize_connections":[],"jetpack_featured_media_url":"","wps_subtitle":"Desde 2015 estar\u00e1 disponible","jetpack_sharing_enabled":true,"_links":{"self":[{"href":"https:\/\/www.hoymercedes.com.ar\/principal\/wp-json\/wp\/v2\/posts\/37799","targetHints":{"allow":["GET"]}}],"collection":[{"href":"https:\/\/www.hoymercedes.com.ar\/principal\/wp-json\/wp\/v2\/posts"}],"about":[{"href":"https:\/\/www.hoymercedes.com.ar\/principal\/wp-json\/wp\/v2\/types\/post"}],"author":[{"embeddable":true,"href":"https:\/\/www.hoymercedes.com.ar\/principal\/wp-json\/wp\/v2\/users\/1"}],"replies":[{"embeddable":true,"href":"https:\/\/www.hoymercedes.com.ar\/principal\/wp-json\/wp\/v2\/comments?post=37799"}],"version-history":[{"count":0,"href":"https:\/\/www.hoymercedes.com.ar\/principal\/wp-json\/wp\/v2\/posts\/37799\/revisions"}],"wp:attachment":[{"href":"https:\/\/www.hoymercedes.com.ar\/principal\/wp-json\/wp\/v2\/media?parent=37799"}],"wp:term":[{"taxonomy":"category","embeddable":true,"href":"https:\/\/www.hoymercedes.com.ar\/principal\/wp-json\/wp\/v2\/categories?post=37799"},{"taxonomy":"post_tag","embeddable":true,"href":"https:\/\/www.hoymercedes.com.ar\/principal\/wp-json\/wp\/v2\/tags?post=37799"}],"curies":[{"name":"wp","href":"https:\/\/api.w.org\/{rel}","templated":true}]}}