{"id":37824,"date":"2014-11-17T22:28:19","date_gmt":"2014-11-18T01:28:19","guid":{"rendered":"http:\/\/www.hoymercedes.com.ar\/principal\/?p=37824"},"modified":"2014-11-30T18:57:51","modified_gmt":"2014-11-30T21:57:51","slug":"tras-entregarse-autor-del-disparo-que-quito-la-vida-a-arias-el-caso-estaria-resulto","status":"publish","type":"post","link":"https:\/\/www.hoymercedes.com.ar\/principal\/2014\/11\/17\/tras-entregarse-autor-del-disparo-que-quito-la-vida-a-arias-el-caso-estaria-resulto\/","title":{"rendered":"Tras entregarse autor del disparo que quit\u00f3 la vida a Arias el caso estar\u00eda resulto"},"content":{"rendered":"<p><em><strong>El asesinato llevado a cabo en la madrugada de \u00e9ste s\u00e1bado en calle 28 entre 31 y 33, frente al Club Comunicaciones se encuentra esclarecido tras entregarse qui\u00e9n efectu\u00f3 el disparo letal que le quit\u00f3 la vida a Jos\u00e9 Arias 39 a\u00f1os de edad. Se tratar\u00eda de Osvaldo Dere de 41 a\u00f1os quien trabaja en la zona rural de Mercedes. \u00a0<\/strong><\/em><\/p>\n<p>Desde las primeras investigaciones la justicia y la polic\u00eda ten\u00edan el tema encaminado, pero, tras entregarse el autor el tema qued\u00f3 cerrado.<\/p>\n<p>Es importante recordar que el arma con la cual se produjo el asesinato se encontr\u00f3 en la zona por medio de los peritajes policiales.<\/p>\n<p>El acontecimiento fue caratulado por la justicia como \u201chomicidio agravado por el uso de arma\u201d con intervenci\u00f3n de la UFI N\u00b03 cuyo responsable es Pedro Illanez.<\/p>\n<p>Se sospecha los problemas entre ellos tendr\u00edan larga data.<\/p>\n<p>El autor se entreg\u00f3 a la polic\u00eda local.<\/p>\n<p>Las actividades judiciales contin\u00faan en todo el armado del entramado que estructurar\u00e1 la causa de ahora en m\u00e1s. Tambi\u00e9n se realiza una pericia a la v\u00edctima.<\/p>\n","protected":false},"excerpt":{"rendered":"<p>El asesinato llevado a cabo en la madrugada de \u00e9ste s\u00e1bado en calle 28 entre 31 y 33, frente al &#8230; <a title=\"Tras entregarse autor del disparo que quit\u00f3 la vida a Arias el caso estar\u00eda resulto\" class=\"read-more\" href=\"https:\/\/www.hoymercedes.com.ar\/principal\/2014\/11\/17\/tras-entregarse-autor-del-disparo-que-quito-la-vida-a-arias-el-caso-estaria-resulto\/\" aria-label=\"Leer m\u00e1s sobre Tras entregarse autor del disparo que quit\u00f3 la vida a Arias el caso estar\u00eda resulto\">Leer m\u00e1s<\/a><\/p>\n","protected":false},"author":1,"featured_media":0,"comment_status":"open","ping_status":"open","sticky":false,"template":"","format":"standard","meta":{"_monsterinsights_skip_tracking":false,"_monsterinsights_sitenote_active":false,"_monsterinsights_sitenote_note":"","_monsterinsights_sitenote_category":0,"jetpack_post_was_ever_published":false,"_jetpack_newsletter_access":"","_jetpack_dont_email_post_to_subs":false,"_jetpack_newsletter_tier_id":0,"_jetpack_memberships_contains_paywalled_content":false,"_jetpack_memberships_contains_paid_content":false,"footnotes":"","jetpack_publicize_message":"","jetpack_publicize_feature_enabled":true,"jetpack_social_post_already_shared":false,"jetpack_social_options":{"image_generator_settings":{"template":"highway","default_image_id":0,"font":"","enabled":false},"version":2},"_wpas_customize_per_network":false},"categories":[85],"tags":[2436],"class_list":["post-37824","post","type-post","status-publish","format-standard","hentry","category-policial","tag-asesinato-mercedes","generate-columns","tablet-grid-50","mobile-grid-100","grid-parent","grid-50"],"jetpack_publicize_connections":[],"jetpack_featured_media_url":"","wps_subtitle":"Sucedi\u00f3 el fin de semana","jetpack_sharing_enabled":true,"_links":{"self":[{"href":"https:\/\/www.hoymercedes.com.ar\/principal\/wp-json\/wp\/v2\/posts\/37824","targetHints":{"allow":["GET"]}}],"collection":[{"href":"https:\/\/www.hoymercedes.com.ar\/principal\/wp-json\/wp\/v2\/posts"}],"about":[{"href":"https:\/\/www.hoymercedes.com.ar\/principal\/wp-json\/wp\/v2\/types\/post"}],"author":[{"embeddable":true,"href":"https:\/\/www.hoymercedes.com.ar\/principal\/wp-json\/wp\/v2\/users\/1"}],"replies":[{"embeddable":true,"href":"https:\/\/www.hoymercedes.com.ar\/principal\/wp-json\/wp\/v2\/comments?post=37824"}],"version-history":[{"count":0,"href":"https:\/\/www.hoymercedes.com.ar\/principal\/wp-json\/wp\/v2\/posts\/37824\/revisions"}],"wp:attachment":[{"href":"https:\/\/www.hoymercedes.com.ar\/principal\/wp-json\/wp\/v2\/media?parent=37824"}],"wp:term":[{"taxonomy":"category","embeddable":true,"href":"https:\/\/www.hoymercedes.com.ar\/principal\/wp-json\/wp\/v2\/categories?post=37824"},{"taxonomy":"post_tag","embeddable":true,"href":"https:\/\/www.hoymercedes.com.ar\/principal\/wp-json\/wp\/v2\/tags?post=37824"}],"curies":[{"name":"wp","href":"https:\/\/api.w.org\/{rel}","templated":true}]}}