{"id":37827,"date":"2014-11-18T12:57:28","date_gmt":"2014-11-18T15:57:28","guid":{"rendered":"http:\/\/www.hoymercedes.com.ar\/principal\/?p=37827"},"modified":"2014-11-18T14:21:53","modified_gmt":"2014-11-18T17:21:53","slug":"selva-confirmo-dara-un-bono-de-fin-de-ano-en-sinfonia-con-massa","status":"publish","type":"post","link":"https:\/\/www.hoymercedes.com.ar\/principal\/2014\/11\/18\/selva-confirmo-dara-un-bono-de-fin-de-ano-en-sinfonia-con-massa\/","title":{"rendered":"Selva confirm\u00f3 dar\u00e1 un bono de fin de a\u00f1o en sinton\u00eda con Massa"},"content":{"rendered":"<p><a href=\"https:\/\/www.hoymercedes.com.ar\/principal\/wp-content\/uploads\/2014\/11\/selva-massa.jpg\"><img loading=\"lazy\" decoding=\"async\" data-attachment-id=\"37828\" data-permalink=\"https:\/\/www.hoymercedes.com.ar\/principal\/2014\/11\/18\/selva-confirmo-dara-un-bono-de-fin-de-ano-en-sinfonia-con-massa\/selva-massa-12\/#main\" data-orig-file=\"https:\/\/www.hoymercedes.com.ar\/principal\/wp-content\/uploads\/2014\/11\/selva-massa.jpg\" data-orig-size=\"620,414\" data-comments-opened=\"1\" data-image-meta=\"{&quot;aperture&quot;:&quot;0&quot;,&quot;credit&quot;:&quot;&quot;,&quot;camera&quot;:&quot;&quot;,&quot;caption&quot;:&quot;&quot;,&quot;created_timestamp&quot;:&quot;0&quot;,&quot;copyright&quot;:&quot;&quot;,&quot;focal_length&quot;:&quot;0&quot;,&quot;iso&quot;:&quot;0&quot;,&quot;shutter_speed&quot;:&quot;0&quot;,&quot;title&quot;:&quot;&quot;,&quot;orientation&quot;:&quot;0&quot;}\" data-image-title=\"selva-massa\" data-image-description=\"\" data-image-caption=\"\" data-large-file=\"https:\/\/www.hoymercedes.com.ar\/principal\/wp-content\/uploads\/2014\/11\/selva-massa.jpg\" class=\"Img2014 aligncenter wp-image-37828 size-full\" src=\"https:\/\/www.hoymercedes.com.ar\/principal\/wp-content\/uploads\/2014\/11\/selva-massa.jpg\" alt=\"selva-massa\" width=\"620\" height=\"414\" \/><\/a><\/p>\n<p><em><strong>El intendente dar\u00e1 un bono de fin de a\u00f1os a empleados municipales. Lo confirm\u00f3 el l\u00edder del Frente Renovador en reuni\u00f3n con intendentes. Selva confirm\u00f3 que en Mercedes se pagar\u00e1 como todos los a\u00f1os. Piden suspender el pago de ganancias en diciembre.\u00a0<\/strong><\/em><\/p>\n<p>El intendente Carlos Selva particip\u00f3 este lunes de una reuni\u00f3n de intendentes y legisladores del Frente Renovador, donde el l\u00edder Sergio Massa confirm\u00f3 que en m\u00e1s de 20 distritos que gobierna esta fuerza pol\u00edtica los trabajadores municipales cobrar\u00e1n un plus salarial.<\/p>\n<p>Hay que destacar que Selva desde hace a\u00f1os lleva adelante bonificaciones de fin de a\u00f1o para sus trabajadores y que esta iniciativa que encara Massa se concretar\u00e1 en otros distritos importantes.<\/p>\n<p>Este anuncio fue realizado en el marco de un encuentro llevado a cabo en la localidad de Hurlingham. El diputado Massa se reuni\u00f3 con intendentes bonaerenses para anunciar la implementaci\u00f3n de un bono de fin de a\u00f1o para empleados municipales. \u201cCuidar el bolsillo de la gente y darles la posibilidad de mantener niveles de consumo es ayudar a que el mercado interno se mantenga virtuoso\u00bb, se\u00f1al\u00f3 el diputado.<\/p>\n<p>Al respecto, Sergio Massa explic\u00f3: \u00abVamos a pagar un bono de fin de a\u00f1o que representa un esfuerzo de casi 100 millones de pesos m\u00e1s en el bolsillo de la gente en nuestros municipios, y 150 millones de pesos si lo miramos incluyendo a quienes en distintos municipios del pa\u00eds desde el Frente Renovador, van a hacer lo mismo. La idea es incorporar m\u00e1s de 200 millones de pesos al consumo de fin de a\u00f1o, y darle la posibilidad a los trabajadores de recuperar parte de lo que perdieron por la inflaci\u00f3n en este a\u00f1o. Es muy importante que esta decisi\u00f3n que predicamos con el ejemplo, la repitan Gobierno Nacional, Provincial y de la Ciudad\u00bb.<\/p>\n<p>Massa adem\u00e1s asegur\u00f3 que ir\u00e1 a la justicia a pedir que se suspenda el cobro de impuesto a las ganancias en diciembre. \u00abCreemos adem\u00e1s, que se debe suspender el cobro del impuesto a las ganancias a fin de a\u00f1o porque el Estado ya recaud\u00f3 lo que estaba previsto en ese concepto. Esto significar\u00eda ponerle plata en el bolsillo a los trabajadores, que vienen perdiendo la batalla contra la inflaci\u00f3n\u00bb, dijo.<\/p>\n","protected":false},"excerpt":{"rendered":"<p>El intendente dar\u00e1 un bono de fin de a\u00f1os a empleados municipales. Lo confirm\u00f3 el l\u00edder del Frente Renovador en &#8230; <a title=\"Selva confirm\u00f3 dar\u00e1 un bono de fin de a\u00f1o en sinton\u00eda con Massa\" class=\"read-more\" href=\"https:\/\/www.hoymercedes.com.ar\/principal\/2014\/11\/18\/selva-confirmo-dara-un-bono-de-fin-de-ano-en-sinfonia-con-massa\/\" aria-label=\"Leer m\u00e1s sobre Selva confirm\u00f3 dar\u00e1 un bono de fin de a\u00f1o en sinton\u00eda con Massa\">Leer m\u00e1s<\/a><\/p>\n","protected":false},"author":1,"featured_media":0,"comment_status":"open","ping_status":"open","sticky":false,"template":"","format":"standard","meta":{"_monsterinsights_skip_tracking":false,"_monsterinsights_sitenote_active":false,"_monsterinsights_sitenote_note":"","_monsterinsights_sitenote_category":0,"jetpack_post_was_ever_published":false,"_jetpack_newsletter_access":"","_jetpack_dont_email_post_to_subs":false,"_jetpack_newsletter_tier_id":0,"_jetpack_memberships_contains_paywalled_content":false,"_jetpack_memberships_contains_paid_content":false,"footnotes":"","jetpack_publicize_message":"","jetpack_publicize_feature_enabled":true,"jetpack_social_post_already_shared":false,"jetpack_social_options":{"image_generator_settings":{"template":"highway","default_image_id":0,"font":"","enabled":false},"version":2},"_wpas_customize_per_network":false},"categories":[5],"tags":[6441,3226,18],"class_list":["post-37827","post","type-post","status-publish","format-standard","hentry","category-politica","tag-bono-de-fin-de-ano","tag-massa","tag-selva","generate-columns","tablet-grid-50","mobile-grid-100","grid-parent","grid-50"],"jetpack_publicize_connections":[],"jetpack_featured_media_url":"","wps_subtitle":"Beneficio a los trabajadores","jetpack_sharing_enabled":true,"jetpack-related-posts":[{"id":38011,"url":"https:\/\/www.hoymercedes.com.ar\/principal\/2014\/11\/26\/selva-en-consonancia-con-determinaciones-del-fr-confirmo-bono-de-fin-de-ano\/","url_meta":{"origin":37827,"position":0},"title":"Selva en consonancia con determinaciones del FR confirm\u00f3 bono de fin de a\u00f1o","author":"hoymercedes","date":"26 noviembre, 2014","format":false,"excerpt":"El intendente Carlos Selva dio precisiones de lo que es su decisi\u00f3n respecto a un beneficio de fin de a\u00f1o para los trabajadores municipales. El hecho es un acto de continuidad de las medidas adoptadas en funci\u00f3n de determinaciones globales del Frente Renovador. Tal como se anunci\u00f3, las localidades con\u2026","rel":"","context":"En \u00abMunicipio\u00bb","block_context":{"text":"Municipio","link":"https:\/\/www.hoymercedes.com.ar\/principal\/category\/municipio\/"},"img":{"alt_text":"Carlos Selva junto a Sergio Massa y Dario Giustozzi","src":"https:\/\/i0.wp.com\/www.hoymercedes.com.ar\/principal\/wp-content\/uploads\/2014\/11\/selva-massa-guistozzi.jpg?resize=350%2C200","width":350,"height":200,"srcset":"https:\/\/i0.wp.com\/www.hoymercedes.com.ar\/principal\/wp-content\/uploads\/2014\/11\/selva-massa-guistozzi.jpg?resize=350%2C200 1x, https:\/\/i0.wp.com\/www.hoymercedes.com.ar\/principal\/wp-content\/uploads\/2014\/11\/selva-massa-guistozzi.jpg?resize=525%2C300 1.5x"},"classes":[]},{"id":37128,"url":"https:\/\/www.hoymercedes.com.ar\/principal\/2014\/10\/24\/selva-somos-los-intendentes-quienes-damos-este-primer-paso-de-otorgar-un-plus-salarial\/","url_meta":{"origin":37827,"position":1},"title":"Selva: Somos los intendentes quienes damos este primer paso de otorgar un plus salarial\u201d","author":"hoymercedes","date":"24 octubre, 2014","format":false,"excerpt":"El intendente de Mercedes Carlos Selva tambi\u00e9n se sum\u00f3 a los jefes comunales que militan en el Frente Renovador y que han decidido otorgar un plus salarial a sus empleados antes de fin de a\u00f1o. Almirante Brown, Tigre y Olavarr\u00eda son algunos de los distritos que han decidido darles a\u2026","rel":"","context":"En \u00abPol\u00edtica\u00bb","block_context":{"text":"Pol\u00edtica","link":"https:\/\/www.hoymercedes.com.ar\/principal\/category\/politica\/"},"img":{"alt_text":"selvainundaciones","src":"https:\/\/i0.wp.com\/www.hoymercedes.com.ar\/principal\/wp-content\/uploads\/2014\/05\/selvainundaciones.jpg?resize=350%2C200","width":350,"height":200,"srcset":"https:\/\/i0.wp.com\/www.hoymercedes.com.ar\/principal\/wp-content\/uploads\/2014\/05\/selvainundaciones.jpg?resize=350%2C200 1x, https:\/\/i0.wp.com\/www.hoymercedes.com.ar\/principal\/wp-content\/uploads\/2014\/05\/selvainundaciones.jpg?resize=525%2C300 1.5x"},"classes":[]},{"id":141081,"url":"https:\/\/www.hoymercedes.com.ar\/principal\/2021\/12\/06\/selva-fue-parte-del-encuentro-del-frente-renovador\/","url_meta":{"origin":37827,"position":2},"title":"Selva fue parte del encuentro del Frente Renovador","author":"hoymercedes","date":"6 diciembre, 2021","format":false,"excerpt":"El Frente Renovador que comanda\u00a0Sergio Massa\u00a0reuni\u00f3 a su mesa provincial de intendentes y diputados, y entre los convocados estuvo el mercedino\u00a0Carlos Selva. El \"c\u00f3nclave\" tuvo lugar este fin de semana. El l\u00edder del espacio, Sergio Massa, convoc\u00f3 a sus referentes bonaerenses con el objetivo de sentar posiciones para los pr\u00f3ximos\u2026","rel":"","context":"En \u00abPol\u00edtica\u00bb","block_context":{"text":"Pol\u00edtica","link":"https:\/\/www.hoymercedes.com.ar\/principal\/category\/politica\/"},"img":{"alt_text":"","src":"https:\/\/i0.wp.com\/www.hoymercedes.com.ar\/principal\/wp-content\/uploads\/2021\/12\/selva-en-FR.jpg?resize=350%2C200&ssl=1","width":350,"height":200,"srcset":"https:\/\/i0.wp.com\/www.hoymercedes.com.ar\/principal\/wp-content\/uploads\/2021\/12\/selva-en-FR.jpg?resize=350%2C200&ssl=1 1x, https:\/\/i0.wp.com\/www.hoymercedes.com.ar\/principal\/wp-content\/uploads\/2021\/12\/selva-en-FR.jpg?resize=525%2C300&ssl=1 1.5x, https:\/\/i0.wp.com\/www.hoymercedes.com.ar\/principal\/wp-content\/uploads\/2021\/12\/selva-en-FR.jpg?resize=700%2C400&ssl=1 2x"},"classes":[]},{"id":30699,"url":"https:\/\/www.hoymercedes.com.ar\/principal\/2014\/03\/13\/selva-junto-a-massa-en-reunion-de-trabajo-por-temas-judiciales\/","url_meta":{"origin":37827,"position":3},"title":"Selva junto a Massa en reuni\u00f3n de trabajo por temas judiciales","author":"hoymercedes","date":"13 marzo, 2014","format":false,"excerpt":"El intendente Carlos Selva particip\u00f3 durante la ma\u00f1ana de \u00e9ste mi\u00e9rcoles de una mesa de trabajo junto a Sergio Massa, en lo que fue la presentaci\u00f3n oficial de la campa\u00f1a de 5 millones de firmas contra la no reforma del c\u00f3digo penal. El intendente mercedino fue parte de este encuentro\u2026","rel":"","context":"En \u00abSociedad\u00bb","block_context":{"text":"Sociedad","link":"https:\/\/www.hoymercedes.com.ar\/principal\/category\/sociedad\/"},"img":{"alt_text":"selva-massa","src":"https:\/\/i0.wp.com\/www.hoymercedes.com.ar\/principal\/wp-content\/uploads\/2014\/03\/selva-massa.jpg?resize=350%2C200","width":350,"height":200,"srcset":"https:\/\/i0.wp.com\/www.hoymercedes.com.ar\/principal\/wp-content\/uploads\/2014\/03\/selva-massa.jpg?resize=350%2C200 1x, https:\/\/i0.wp.com\/www.hoymercedes.com.ar\/principal\/wp-content\/uploads\/2014\/03\/selva-massa.jpg?resize=525%2C300 1.5x"},"classes":[]},{"id":25193,"url":"https:\/\/www.hoymercedes.com.ar\/principal\/2013\/08\/25\/zuccaro-intendente-de-pilar-se-reunio-con-selva-como-mercedes\/","url_meta":{"origin":37827,"position":4},"title":"Zuccaro, intendente de Pilar, se reuni\u00f3 con Selva como Mercedes","author":"hoymercedes","date":"25 agosto, 2013","format":false,"excerpt":"El intendente de Pilar Humberto Z\u00faccaro mantuvo un encuentro en nuestra ciudad con Carlos Selva donde buscaron continuar planificando aspectos de campa\u00f1a con miras a las elecciones generales del pr\u00f3ximo mes de octubre. Desde el Frente Renovador afirmaron que: \"Los dos intendentes tuvieron una ma\u00f1ana de trabajo este s\u00e1bado, do\u2026","rel":"","context":"En \u00abPol\u00edtica\u00bb","block_context":{"text":"Pol\u00edtica","link":"https:\/\/www.hoymercedes.com.ar\/principal\/category\/politica\/"},"img":{"alt_text":"Zuccaro - Selva","src":"https:\/\/i0.wp.com\/www.hoymercedes.com.ar\/principal\/wp-content\/uploads\/2013\/08\/zuccaro-selva.jpg?resize=350%2C200","width":350,"height":200,"srcset":"https:\/\/i0.wp.com\/www.hoymercedes.com.ar\/principal\/wp-content\/uploads\/2013\/08\/zuccaro-selva.jpg?resize=350%2C200 1x, https:\/\/i0.wp.com\/www.hoymercedes.com.ar\/principal\/wp-content\/uploads\/2013\/08\/zuccaro-selva.jpg?resize=525%2C300 1.5x"},"classes":[]},{"id":28944,"url":"https:\/\/www.hoymercedes.com.ar\/principal\/2013\/12\/29\/selva-con-massa-y-facundo-moyano-en-el-brindis-de-sutpa\/","url_meta":{"origin":37827,"position":5},"title":"Selva con Massa y Facundo Moyano en el brindis de SUTPA","author":"hoymercedes","date":"29 diciembre, 2013","format":false,"excerpt":"La cita fue en el Espacio Darwin de San Isidro. All\u00ed, miles de afiliados al Sindicato \u00danico de Trabajadores de los Peajes y Afines (SUTPA), se juntaron para celebrar su fiesta de fin de a\u00f1o organizada por su el titular del gremio, Facundo Moyano. En este contexto, el diputado nacional\u2026","rel":"","context":"En \u00abSociedad\u00bb","block_context":{"text":"Sociedad","link":"https:\/\/www.hoymercedes.com.ar\/principal\/category\/sociedad\/"},"img":{"alt_text":"massa-moyano-sutba","src":"https:\/\/i0.wp.com\/www.hoymercedes.com.ar\/principal\/wp-content\/uploads\/2013\/12\/massa-moyano-sutba.jpg?resize=350%2C200","width":350,"height":200,"srcset":"https:\/\/i0.wp.com\/www.hoymercedes.com.ar\/principal\/wp-content\/uploads\/2013\/12\/massa-moyano-sutba.jpg?resize=350%2C200 1x, https:\/\/i0.wp.com\/www.hoymercedes.com.ar\/principal\/wp-content\/uploads\/2013\/12\/massa-moyano-sutba.jpg?resize=525%2C300 1.5x"},"classes":[]}],"_links":{"self":[{"href":"https:\/\/www.hoymercedes.com.ar\/principal\/wp-json\/wp\/v2\/posts\/37827","targetHints":{"allow":["GET"]}}],"collection":[{"href":"https:\/\/www.hoymercedes.com.ar\/principal\/wp-json\/wp\/v2\/posts"}],"about":[{"href":"https:\/\/www.hoymercedes.com.ar\/principal\/wp-json\/wp\/v2\/types\/post"}],"author":[{"embeddable":true,"href":"https:\/\/www.hoymercedes.com.ar\/principal\/wp-json\/wp\/v2\/users\/1"}],"replies":[{"embeddable":true,"href":"https:\/\/www.hoymercedes.com.ar\/principal\/wp-json\/wp\/v2\/comments?post=37827"}],"version-history":[{"count":0,"href":"https:\/\/www.hoymercedes.com.ar\/principal\/wp-json\/wp\/v2\/posts\/37827\/revisions"}],"wp:attachment":[{"href":"https:\/\/www.hoymercedes.com.ar\/principal\/wp-json\/wp\/v2\/media?parent=37827"}],"wp:term":[{"taxonomy":"category","embeddable":true,"href":"https:\/\/www.hoymercedes.com.ar\/principal\/wp-json\/wp\/v2\/categories?post=37827"},{"taxonomy":"post_tag","embeddable":true,"href":"https:\/\/www.hoymercedes.com.ar\/principal\/wp-json\/wp\/v2\/tags?post=37827"}],"curies":[{"name":"wp","href":"https:\/\/api.w.org\/{rel}","templated":true}]}}