{"id":37835,"date":"2014-11-18T18:03:51","date_gmt":"2014-11-18T21:03:51","guid":{"rendered":"http:\/\/www.hoymercedes.com.ar\/principal\/?p=37835"},"modified":"2014-11-18T18:05:05","modified_gmt":"2014-11-18T21:05:05","slug":"sergio-uribarri-gobernador-de-entre-rios-visitara-mercedes","status":"publish","type":"post","link":"https:\/\/www.hoymercedes.com.ar\/principal\/2014\/11\/18\/sergio-uribarri-gobernador-de-entre-rios-visitara-mercedes\/","title":{"rendered":"Sergio Uribarri, gobernador de Entre R\u00edos, visitar\u00e1 Mercedes"},"content":{"rendered":"<p><a href=\"https:\/\/www.hoymercedes.com.ar\/principal\/wp-content\/uploads\/2014\/11\/uribarri.jpg\"><img loading=\"lazy\" decoding=\"async\" data-attachment-id=\"37836\" data-permalink=\"https:\/\/www.hoymercedes.com.ar\/principal\/2014\/11\/18\/sergio-uribarri-gobernador-de-entre-rios-visitara-mercedes\/uribarri\/#main\" data-orig-file=\"https:\/\/www.hoymercedes.com.ar\/principal\/wp-content\/uploads\/2014\/11\/uribarri.jpg\" data-orig-size=\"620,413\" data-comments-opened=\"1\" data-image-meta=\"{&quot;aperture&quot;:&quot;0&quot;,&quot;credit&quot;:&quot;&quot;,&quot;camera&quot;:&quot;&quot;,&quot;caption&quot;:&quot;&quot;,&quot;created_timestamp&quot;:&quot;0&quot;,&quot;copyright&quot;:&quot;&quot;,&quot;focal_length&quot;:&quot;0&quot;,&quot;iso&quot;:&quot;0&quot;,&quot;shutter_speed&quot;:&quot;0&quot;,&quot;title&quot;:&quot;&quot;,&quot;orientation&quot;:&quot;0&quot;}\" data-image-title=\"uribarri\" data-image-description=\"\" data-image-caption=\"\" data-large-file=\"https:\/\/www.hoymercedes.com.ar\/principal\/wp-content\/uploads\/2014\/11\/uribarri.jpg\" class=\"Img2014 aligncenter wp-image-37836 size-full\" src=\"https:\/\/www.hoymercedes.com.ar\/principal\/wp-content\/uploads\/2014\/11\/uribarri.jpg\" alt=\"uribarri\" width=\"620\" height=\"413\" \/><\/a><\/p>\n<p><em><strong>El gobernador de la provincia de Entre R\u00edos, Sergio Urribarri, estar\u00e1 este viernes 21 de noviembre en nuestra ciudad: se presentar\u00e1 a las 19 en la C\u00e1mara Econ\u00f3mica Mercedina para dar una conferencia sobre \u201cPerspectivas de crecimiento del agro y la industria\u201d, en el marco de su ciclo de charlas \u201cSigamos construyendo la nueva Argentina\u201d.<\/strong><\/em><\/p>\n<p>La invitaci\u00f3n a Urribarri fue hecha por el bloque de concejales del Frente Mercedino para la Victoria, cuyo presidente, Juan Ignacio Ustarroz, se mostr\u00f3 \u201corgulloso por la llegada de un compa\u00f1ero que ha hecho un trabajo extraordinario en su provincia, Entre R\u00edos\u201d.<\/p>\n<p>El \u201cPato\u201d Urribarri es uno de los precandidatos a la presidencia por el Frente para la Victoria, impulsado justamente por su excelente gobierno provincial.<\/p>\n<p>Futbolero (su hijo Bruno es jugador profesional, actualmente en River Plate), nacido el 7 de octubre de 1958 en Arroyo Bar\u00fa, Sergio Daniel Urribarri lleva adelante su segunda gesti\u00f3n como gobernador de Entre R\u00edos, tras ganar las elecciones de 2007, primero, y de 2011 despu\u00e9s, esta \u00faltima con el 55,93% de los votos, r\u00e9cord hist\u00f3rico de la provincia.<\/p>\n<p>&nbsp;<\/p>\n<p>&nbsp;<\/p>\n<p>&nbsp;<\/p>\n","protected":false},"excerpt":{"rendered":"<p>El gobernador de la provincia de Entre R\u00edos, Sergio Urribarri, estar\u00e1 este viernes 21 de noviembre en nuestra ciudad: se &#8230; <a title=\"Sergio Uribarri, gobernador de Entre R\u00edos, visitar\u00e1 Mercedes\" class=\"read-more\" href=\"https:\/\/www.hoymercedes.com.ar\/principal\/2014\/11\/18\/sergio-uribarri-gobernador-de-entre-rios-visitara-mercedes\/\" aria-label=\"Leer m\u00e1s sobre Sergio Uribarri, gobernador de Entre R\u00edos, visitar\u00e1 Mercedes\">Leer m\u00e1s<\/a><\/p>\n","protected":false},"author":1,"featured_media":0,"comment_status":"open","ping_status":"open","sticky":false,"template":"","format":"standard","meta":{"_monsterinsights_skip_tracking":false,"_monsterinsights_sitenote_active":false,"_monsterinsights_sitenote_note":"","_monsterinsights_sitenote_category":0,"jetpack_post_was_ever_published":false,"_jetpack_newsletter_access":"","_jetpack_dont_email_post_to_subs":false,"_jetpack_newsletter_tier_id":0,"_jetpack_memberships_contains_paywalled_content":false,"_jetpack_memberships_contains_paid_content":false,"footnotes":"","jetpack_publicize_message":"","jetpack_publicize_feature_enabled":true,"jetpack_social_post_already_shared":false,"jetpack_social_options":{"image_generator_settings":{"template":"highway","default_image_id":0,"font":"","enabled":false},"version":2},"_wpas_customize_per_network":false},"categories":[5],"tags":[379,6443],"class_list":["post-37835","post","type-post","status-publish","format-standard","hentry","category-politica","tag-frente-mercedino-para-la-victoria","tag-sergio-uribarri","generate-columns","tablet-grid-50","mobile-grid-100","grid-parent","grid-50"],"jetpack_publicize_connections":[],"jetpack_featured_media_url":"","wps_subtitle":"Pol\u00edtica nacional y local ","jetpack_sharing_enabled":true,"jetpack-related-posts":[{"id":37914,"url":"https:\/\/www.hoymercedes.com.ar\/principal\/2014\/11\/22\/uribarri-gobernador-de-entre-rios-en-la-camara-economica-brindo-una-charla\/","url_meta":{"origin":37835,"position":0},"title":"Uribarri, gobernador de Entre R\u00edos, en la C\u00e1mara Econ\u00f3mica brind\u00f3 una charla","author":"hoymercedes","date":"22 noviembre, 2014","format":false,"excerpt":"El gobernador de Entre R\u00edos, Sergio \u201cPato\u201d Urribarri, dio detalles sobre el \u00e9xito del modelo productivo de su provincia en una nutrida conferencia ofrecida el viernes por la noche en la C\u00e1mara Econ\u00f3mica de nuestra ciudad, a la que lleg\u00f3 invitado por el diputado nacional Eduardo de Pedro, el legislador\u2026","rel":"","context":"En \u00abPol\u00edtica\u00bb","block_context":{"text":"Pol\u00edtica","link":"https:\/\/www.hoymercedes.com.ar\/principal\/category\/politica\/"},"img":{"alt_text":"uribarry-mercedes-wado","src":"https:\/\/i0.wp.com\/www.hoymercedes.com.ar\/principal\/wp-content\/uploads\/2014\/11\/uribarry-mercedes-wado.jpg?resize=350%2C200","width":350,"height":200,"srcset":"https:\/\/i0.wp.com\/www.hoymercedes.com.ar\/principal\/wp-content\/uploads\/2014\/11\/uribarry-mercedes-wado.jpg?resize=350%2C200 1x, https:\/\/i0.wp.com\/www.hoymercedes.com.ar\/principal\/wp-content\/uploads\/2014\/11\/uribarry-mercedes-wado.jpg?resize=525%2C300 1.5x"},"classes":[]},{"id":9842,"url":"https:\/\/www.hoymercedes.com.ar\/principal\/2011\/12\/14\/frente-mercedino-anuncia-brindis-de-fin-de-ano-junto-a-mariotto\/","url_meta":{"origin":37835,"position":1},"title":"Frente Mercedino anuncia brindis de fin de a\u00f1o junto a Mariotto","author":"hoymercedes","date":"14 diciembre, 2011","format":false,"excerpt":"Seg\u00fan anuncia el Frente Mercedino para la Victoria este jueves estar\u00e1n realizando un brindis para despedir el a\u00f1o junto al Vice Gobernador de la provincia de Buenos Aires. De esta manera el Frente Mercedino informa: El dia jueves 15 de diciembre el Frente Mercedino para la Victoria despide el a\u00f1o\u2026","rel":"","context":"En \u00abPol\u00edtica\u00bb","block_context":{"text":"Pol\u00edtica","link":"https:\/\/www.hoymercedes.com.ar\/principal\/category\/politica\/"},"img":{"alt_text":"","src":"","width":0,"height":0},"classes":[]},{"id":6229,"url":"https:\/\/www.hoymercedes.com.ar\/principal\/2011\/08\/11\/candidatos-a-consejeros-escolares-del-frente-mercedino-en-la-plata\/","url_meta":{"origin":37835,"position":2},"title":"Candidatos a Consejeros Escolares del Frente Mercedino en La Plata","author":"hoymercedes","date":"11 agosto, 2011","format":false,"excerpt":"El Gobernador Scioli y el Ministro de Educaci\u00f3n de la provincia de Buenos Aires Mario Oporto convocaron a los candidatos a Consejeros Escolares del Frente Para la Victoria a una reuni\u00f3n que se realiz\u00f3 en el SUM de la Gobernaci\u00f3n de la Provincia el pasado lunes 9 de agosto. All\u00ed\u2026","rel":"","context":"En \u00abPol\u00edtica\u00bb","block_context":{"text":"Pol\u00edtica","link":"https:\/\/www.hoymercedes.com.ar\/principal\/category\/politica\/"},"img":{"alt_text":"","src":"https:\/\/i0.wp.com\/www.hoymercedes.com.ar\/principal\/wp-content\/uploads\/2011\/08\/CandidatosFrenteLaPlata1.jpg?resize=350%2C200","width":350,"height":200,"srcset":"https:\/\/i0.wp.com\/www.hoymercedes.com.ar\/principal\/wp-content\/uploads\/2011\/08\/CandidatosFrenteLaPlata1.jpg?resize=350%2C200 1x, https:\/\/i0.wp.com\/www.hoymercedes.com.ar\/principal\/wp-content\/uploads\/2011\/08\/CandidatosFrenteLaPlata1.jpg?resize=525%2C300 1.5x"},"classes":[]},{"id":32714,"url":"https:\/\/www.hoymercedes.com.ar\/principal\/2014\/05\/10\/wado-de-pedro-vice-presidente-del-pj-nacional\/","url_meta":{"origin":37835,"position":3},"title":"Wado De Pedro Vice Presidente del PJ Nacional","author":"hoymercedes","date":"10 mayo, 2014","format":false,"excerpt":"El diputado nacional del Frente para la Victoria Eduardo \"Wado\" de Pedro, quien hace dos d\u00edas \u200b\u200bfue designado como apoderado del peronismo bonaerense, es el nuevo vicepresidente 4\u00b0 del Partido Justicialista Nacional, que eligi\u00f3 en el Congreso de Parque Norte al gobernador de Jujuy, Eduardo Fellner, como presidente y a\u2026","rel":"","context":"En \u00abPol\u00edtica\u00bb","block_context":{"text":"Pol\u00edtica","link":"https:\/\/www.hoymercedes.com.ar\/principal\/category\/politica\/"},"img":{"alt_text":"wadovicedelpj1","src":"https:\/\/i0.wp.com\/www.hoymercedes.com.ar\/principal\/wp-content\/uploads\/2014\/05\/wadovicedelpj1.jpg?resize=350%2C200","width":350,"height":200,"srcset":"https:\/\/i0.wp.com\/www.hoymercedes.com.ar\/principal\/wp-content\/uploads\/2014\/05\/wadovicedelpj1.jpg?resize=350%2C200 1x, https:\/\/i0.wp.com\/www.hoymercedes.com.ar\/principal\/wp-content\/uploads\/2014\/05\/wadovicedelpj1.jpg?resize=525%2C300 1.5x"},"classes":[]},{"id":39831,"url":"https:\/\/www.hoymercedes.com.ar\/principal\/2015\/02\/28\/selva-junto-a-massa-y-pre-candidatos-a-gobernador-del-frente-renovador\/","url_meta":{"origin":37835,"position":4},"title":"Selva junto a Massa  y pre candidatos a gobernador del Frente Renovador","author":"hoymercedes","date":"28 febrero, 2015","format":false,"excerpt":"El intendete Carlos Selva volvi\u00f3 a ser parte de un encuentro de la plana mayor del Frente Renovador. En esta ocasi\u00f3n junto a Massa y los cuatro pre candidatos a gobernador por la Provincia de Buenos Aires en una reuni\u00f3n pol\u00edtica llevada a cabo en la localidad de Junin. All\u00ed\u2026","rel":"","context":"En \u00abPol\u00edtica\u00bb","block_context":{"text":"Pol\u00edtica","link":"https:\/\/www.hoymercedes.com.ar\/principal\/category\/politica\/"},"img":{"alt_text":"Selva-Junin","src":"https:\/\/i0.wp.com\/www.hoymercedes.com.ar\/principal\/wp-content\/uploads\/2015\/02\/Selva-Junin.jpg?resize=350%2C200","width":350,"height":200,"srcset":"https:\/\/i0.wp.com\/www.hoymercedes.com.ar\/principal\/wp-content\/uploads\/2015\/02\/Selva-Junin.jpg?resize=350%2C200 1x, https:\/\/i0.wp.com\/www.hoymercedes.com.ar\/principal\/wp-content\/uploads\/2015\/02\/Selva-Junin.jpg?resize=525%2C300 1.5x"},"classes":[]},{"id":178716,"url":"https:\/\/www.hoymercedes.com.ar\/principal\/2024\/09\/12\/mira-el-gol-de-la-victoria-de-club-mercedes-frente-a-el-porvenir\/","url_meta":{"origin":37835,"position":5},"title":"Mir\u00e1 el gol de la victoria de Club Mercedes frente a El Porvenir","author":"hoymercedes","date":"12 septiembre, 2024","format":false,"excerpt":"https:\/\/youtu.be\/mGgH3B611zA Una victoria que era necesaria obtuvo Club Mercedes este mi\u00e9rcoles en la Liga Mercedina por la 12\u00b0 fecha del torneo de Primera C contra El Porvenir. Ven\u00eda de 4 derrotas y un empate, con lo cual el desahogo es enorme para los de nuestra ciudad. Con gol de penal\u2026","rel":"","context":"En \u00abSociedad\u00bb","block_context":{"text":"Sociedad","link":"https:\/\/www.hoymercedes.com.ar\/principal\/category\/sociedad\/"},"img":{"alt_text":"Mir\u00e1 el gol de la victoria de Club Mercedes frente a El Porvenir","src":"https:\/\/i0.wp.com\/www.hoymercedes.com.ar\/principal\/wp-content\/uploads\/2024\/09\/MercedesvsElPorvenir.png?resize=350%2C200&ssl=1","width":350,"height":200,"srcset":"https:\/\/i0.wp.com\/www.hoymercedes.com.ar\/principal\/wp-content\/uploads\/2024\/09\/MercedesvsElPorvenir.png?resize=350%2C200&ssl=1 1x, https:\/\/i0.wp.com\/www.hoymercedes.com.ar\/principal\/wp-content\/uploads\/2024\/09\/MercedesvsElPorvenir.png?resize=525%2C300&ssl=1 1.5x, https:\/\/i0.wp.com\/www.hoymercedes.com.ar\/principal\/wp-content\/uploads\/2024\/09\/MercedesvsElPorvenir.png?resize=700%2C400&ssl=1 2x, https:\/\/i0.wp.com\/www.hoymercedes.com.ar\/principal\/wp-content\/uploads\/2024\/09\/MercedesvsElPorvenir.png?resize=1050%2C600&ssl=1 3x, https:\/\/i0.wp.com\/www.hoymercedes.com.ar\/principal\/wp-content\/uploads\/2024\/09\/MercedesvsElPorvenir.png?resize=1400%2C800&ssl=1 4x"},"classes":[]}],"_links":{"self":[{"href":"https:\/\/www.hoymercedes.com.ar\/principal\/wp-json\/wp\/v2\/posts\/37835","targetHints":{"allow":["GET"]}}],"collection":[{"href":"https:\/\/www.hoymercedes.com.ar\/principal\/wp-json\/wp\/v2\/posts"}],"about":[{"href":"https:\/\/www.hoymercedes.com.ar\/principal\/wp-json\/wp\/v2\/types\/post"}],"author":[{"embeddable":true,"href":"https:\/\/www.hoymercedes.com.ar\/principal\/wp-json\/wp\/v2\/users\/1"}],"replies":[{"embeddable":true,"href":"https:\/\/www.hoymercedes.com.ar\/principal\/wp-json\/wp\/v2\/comments?post=37835"}],"version-history":[{"count":0,"href":"https:\/\/www.hoymercedes.com.ar\/principal\/wp-json\/wp\/v2\/posts\/37835\/revisions"}],"wp:attachment":[{"href":"https:\/\/www.hoymercedes.com.ar\/principal\/wp-json\/wp\/v2\/media?parent=37835"}],"wp:term":[{"taxonomy":"category","embeddable":true,"href":"https:\/\/www.hoymercedes.com.ar\/principal\/wp-json\/wp\/v2\/categories?post=37835"},{"taxonomy":"post_tag","embeddable":true,"href":"https:\/\/www.hoymercedes.com.ar\/principal\/wp-json\/wp\/v2\/tags?post=37835"}],"curies":[{"name":"wp","href":"https:\/\/api.w.org\/{rel}","templated":true}]}}