{"id":37849,"date":"2014-11-18T22:29:27","date_gmt":"2014-11-19T01:29:27","guid":{"rendered":"http:\/\/www.hoymercedes.com.ar\/principal\/?p=37849"},"modified":"2014-11-18T22:30:25","modified_gmt":"2014-11-19T01:30:25","slug":"mercedes-olvidada-en-distribucion-de-fondos-para-caminos-rurales","status":"publish","type":"post","link":"https:\/\/www.hoymercedes.com.ar\/principal\/2014\/11\/18\/mercedes-olvidada-en-distribucion-de-fondos-para-caminos-rurales\/","title":{"rendered":"Mercedes, \u201colvidada\u00bb en distribuci\u00f3n de fondos para caminos rurales"},"content":{"rendered":"<p><a href=\"https:\/\/www.hoymercedes.com.ar\/principal\/wp-content\/uploads\/2014\/11\/caminosrurales-mercedesbuenosaires.jpg\"><img loading=\"lazy\" decoding=\"async\" data-attachment-id=\"37850\" data-permalink=\"https:\/\/www.hoymercedes.com.ar\/principal\/2014\/11\/18\/mercedes-olvidada-en-distribucion-de-fondos-para-caminos-rurales\/caminosrurales-mercedesbuenosaires\/#main\" data-orig-file=\"https:\/\/www.hoymercedes.com.ar\/principal\/wp-content\/uploads\/2014\/11\/caminosrurales-mercedesbuenosaires.jpg\" data-orig-size=\"620,457\" data-comments-opened=\"1\" data-image-meta=\"{&quot;aperture&quot;:&quot;0&quot;,&quot;credit&quot;:&quot;&quot;,&quot;camera&quot;:&quot;&quot;,&quot;caption&quot;:&quot;&quot;,&quot;created_timestamp&quot;:&quot;0&quot;,&quot;copyright&quot;:&quot;&quot;,&quot;focal_length&quot;:&quot;0&quot;,&quot;iso&quot;:&quot;0&quot;,&quot;shutter_speed&quot;:&quot;0&quot;,&quot;title&quot;:&quot;&quot;,&quot;orientation&quot;:&quot;0&quot;}\" data-image-title=\"caminosrurales-mercedesbuenosaires\" data-image-description=\"\" data-image-caption=\"\" data-large-file=\"https:\/\/www.hoymercedes.com.ar\/principal\/wp-content\/uploads\/2014\/11\/caminosrurales-mercedesbuenosaires.jpg\" class=\"Img2014 aligncenter wp-image-37850 size-full\" src=\"https:\/\/www.hoymercedes.com.ar\/principal\/wp-content\/uploads\/2014\/11\/caminosrurales-mercedesbuenosaires.jpg\" alt=\"caminosrurales-mercedesbuenosaires\" width=\"620\" height=\"457\" \/><\/a><\/p>\n<p><em><strong>La ciudad de Mercedes qued\u00f3 marginada de una partida especial lanzada desde el Ministerio de Agricultura, Ganader\u00eda y Pesca \u00a0de la Naci\u00f3n para ciudades afectadas por el \u00faltimo temporal. Nuestra comunidad fue, sin duda, la segunda o tercera m\u00e1s afectada de toda la provincia, sin embargo, qued\u00f3 afuera del reparto de dinero.<\/strong><\/em><\/p>\n<p>En un correo electr\u00f3nico que lleg\u00f3 a la prensa daban detalles del tema. La Secretaria de Desarrollo Rural, Carla Campos Bilbao, destac\u00f3 que la firma de los convenios <em>\u00abes parte del trabajo de apoyo y respaldo a los productores, que tiene continuidad en los \u00faltimos seis a\u00f1os, buscando paliar la dif\u00edcil situaci\u00f3n que atraviesan los productores\u00bb <\/em>afectados por las contingencias clim\u00e1ticas. <em>\u00abHemos tenido que ajustar y definir nuevas estrategias de acercamiento para resolver estas problem\u00e1ticas\u00bb,<\/em> remarc\u00f3.<\/p>\n<p>Es de p\u00fablico conocimiento las necesidades que tienen nuestros caminos rurales, pero, no lograron ser beneficiados con la medida.<\/p>\n<p>Las obras beneficiar\u00e1n a los municipios de: Presidente Per\u00f3n, Chacabuco, Ca\u00f1uelas, General Belgrano, Suipacha, Ameghino, Leandro Alem, Navarro, San Antonio de Areco, Torquinst, Alberti, Las Flores, Esteban Echeverr\u00eda, Guamin\u00ed, Lobos, Roque P\u00e9rez, General Madariaga, Coronel Brandsen, Marcos Paz, Lober\u00eda, Pila y San Vicente. Luego otras localidades firmaron convenio. Ellas son Balcarce, Tapalqu\u00e9, San Miguel del Monte, Tordillo, General Pueyrred\u00f3n, Lezama, General Paz, Punta Indio, Las Heras, Chivilcoy, General Pinto, Villarino, Bol\u00edvar, Moreno, Cooperativa Tandil, Carlos Tejedor, Adolfo Alsina y Gonz\u00e1lez Chavez.<\/p>\n<p>Son 20 millones de pesos a repartir. Puede ser poco para algunos analistas, pero, cada peso es vital.<\/p>\n<p>Mercedes y San Andr\u00e9s de Giles, de la regi\u00f3n inmediata, quedaron afuera.<\/p>\n<p>&nbsp;<\/p>\n<p>&nbsp;<\/p>\n","protected":false},"excerpt":{"rendered":"<p>La ciudad de Mercedes qued\u00f3 marginada de una partida especial lanzada desde el Ministerio de Agricultura, Ganader\u00eda y Pesca \u00a0de &#8230; <a title=\"Mercedes, \u201colvidada\u00bb en distribuci\u00f3n de fondos para caminos rurales\" class=\"read-more\" href=\"https:\/\/www.hoymercedes.com.ar\/principal\/2014\/11\/18\/mercedes-olvidada-en-distribucion-de-fondos-para-caminos-rurales\/\" aria-label=\"Leer m\u00e1s sobre Mercedes, \u201colvidada\u00bb en distribuci\u00f3n de fondos para caminos rurales\">Leer m\u00e1s<\/a><\/p>\n","protected":false},"author":1,"featured_media":0,"comment_status":"open","ping_status":"open","sticky":false,"template":"","format":"standard","meta":{"_monsterinsights_skip_tracking":false,"_monsterinsights_sitenote_active":false,"_monsterinsights_sitenote_note":"","_monsterinsights_sitenote_category":0,"jetpack_post_was_ever_published":false,"_jetpack_newsletter_access":"","_jetpack_dont_email_post_to_subs":false,"_jetpack_newsletter_tier_id":0,"_jetpack_memberships_contains_paywalled_content":false,"_jetpack_memberships_contains_paid_content":false,"footnotes":"","jetpack_publicize_message":"","jetpack_publicize_feature_enabled":true,"jetpack_social_post_already_shared":false,"jetpack_social_options":{"image_generator_settings":{"template":"highway","default_image_id":0,"font":"","enabled":false},"version":2},"_wpas_customize_per_network":false},"categories":[5],"tags":[5205,6448,6446,6447],"class_list":["post-37849","post","type-post","status-publish","format-standard","hentry","category-politica","tag-caminos-rurales-mercedes","tag-dinero-caminos-rurales","tag-mercedes-rural","tag-ruralidad-mercedes","generate-columns","tablet-grid-50","mobile-grid-100","grid-parent","grid-50"],"jetpack_publicize_connections":[],"jetpack_featured_media_url":"","wps_subtitle":"Tras graves inundaciones ","jetpack_sharing_enabled":true,"jetpack-related-posts":[{"id":132182,"url":"https:\/\/www.hoymercedes.com.ar\/principal\/2021\/06\/21\/anunciaron-la-mejora-de-37-kilometros-de-caminos-rurales\/","url_meta":{"origin":37849,"position":0},"title":"Anunciaron la mejora de 37 kil\u00f3metros de caminos rurales","author":"hoymercedes","date":"21 junio, 2021","format":false,"excerpt":"El Municipio de Mercedes junto a las autoridades de la Sociedad Rural Mercedes anunci\u00f3 que la provincia realizar\u00e1 mejoras en 37 kil\u00f3metro con una inversi\u00f3n de 183 millones de pesos. \u00a0Los caminos que arreglar\u00e1n son uno lindero a la localidad de Luj\u00e1n, otro que recorre hasta la localidad rural JM\u2026","rel":"","context":"En \u00abMunicipio\u00bb","block_context":{"text":"Municipio","link":"https:\/\/www.hoymercedes.com.ar\/principal\/category\/municipio\/"},"img":{"alt_text":"","src":"https:\/\/i0.wp.com\/www.hoymercedes.com.ar\/principal\/wp-content\/uploads\/2021\/06\/21-caminosrurales.jpg?resize=350%2C200&ssl=1","width":350,"height":200,"srcset":"https:\/\/i0.wp.com\/www.hoymercedes.com.ar\/principal\/wp-content\/uploads\/2021\/06\/21-caminosrurales.jpg?resize=350%2C200&ssl=1 1x, https:\/\/i0.wp.com\/www.hoymercedes.com.ar\/principal\/wp-content\/uploads\/2021\/06\/21-caminosrurales.jpg?resize=525%2C300&ssl=1 1.5x, https:\/\/i0.wp.com\/www.hoymercedes.com.ar\/principal\/wp-content\/uploads\/2021\/06\/21-caminosrurales.jpg?resize=700%2C400&ssl=1 2x"},"classes":[]},{"id":146110,"url":"https:\/\/www.hoymercedes.com.ar\/principal\/2022\/04\/01\/encuentro-de-productores-rurales\/","url_meta":{"origin":37849,"position":1},"title":"Encuentro de productores rurales","author":"hoymercedes","date":"1 abril, 2022","format":false,"excerpt":"Se llev\u00f3 adelante en Mercedes un importante encuentro con productores rurales, instituciones, escuelas, sociedades, funcionarios de toda la regi\u00f3n, denominado \"Desaf\u00edos en la construcci\u00f3n de la nueva ruralidad\". Fue en la Estaci\u00f3n Experimental Mercedes. Particip\u00f3 el ministro Rodr\u00edguez, el intendente Ustarroz, funcionarios de toda la regi\u00f3n. \u00a0 El jefe comunal\u2026","rel":"","context":"En \u00abMunicipio\u00bb","block_context":{"text":"Municipio","link":"https:\/\/www.hoymercedes.com.ar\/principal\/category\/municipio\/"},"img":{"alt_text":"","src":"https:\/\/i0.wp.com\/www.hoymercedes.com.ar\/principal\/wp-content\/uploads\/2022\/04\/1.jpeg?resize=350%2C200&ssl=1","width":350,"height":200,"srcset":"https:\/\/i0.wp.com\/www.hoymercedes.com.ar\/principal\/wp-content\/uploads\/2022\/04\/1.jpeg?resize=350%2C200&ssl=1 1x, https:\/\/i0.wp.com\/www.hoymercedes.com.ar\/principal\/wp-content\/uploads\/2022\/04\/1.jpeg?resize=525%2C300&ssl=1 1.5x, https:\/\/i0.wp.com\/www.hoymercedes.com.ar\/principal\/wp-content\/uploads\/2022\/04\/1.jpeg?resize=700%2C400&ssl=1 2x, https:\/\/i0.wp.com\/www.hoymercedes.com.ar\/principal\/wp-content\/uploads\/2022\/04\/1.jpeg?resize=1050%2C600&ssl=1 3x"},"classes":[]},{"id":181804,"url":"https:\/\/www.hoymercedes.com.ar\/principal\/2025\/01\/11\/continuan-siendo-muy-convocantes-las-jornadas-de-bici-turismo-y-salud\/","url_meta":{"origin":37849,"position":2},"title":"Contin\u00faan siendo muy convocantes las jornadas de Bici Turismo y Salud","author":"hoymercedes","date":"11 enero, 2025","format":false,"excerpt":"Cada vez m\u00e1s vecinos y vecinas se suman a las bicicleteadas de turismo rural, promoci\u00f3n de la salud y deporte. Impulsadas desde la Municipalidad son guiadas, libres y gratuitas. Permite conocer la zona rural, espacios culturales, hist\u00f3ricos y el encuentro- \u201cDesde hace un tiempo lanzamos junto a nuestro intendente esta\u2026","rel":"","context":"En \u00abMunicipio\u00bb","block_context":{"text":"Municipio","link":"https:\/\/www.hoymercedes.com.ar\/principal\/category\/municipio\/"},"img":{"alt_text":"Contin\u00faan siendo muy convocantes las jornadas de Bici Turismo y Salud","src":"https:\/\/i0.wp.com\/www.hoymercedes.com.ar\/principal\/wp-content\/uploads\/2025\/01\/Bicis3.jpg?resize=350%2C200&ssl=1","width":350,"height":200,"srcset":"https:\/\/i0.wp.com\/www.hoymercedes.com.ar\/principal\/wp-content\/uploads\/2025\/01\/Bicis3.jpg?resize=350%2C200&ssl=1 1x, https:\/\/i0.wp.com\/www.hoymercedes.com.ar\/principal\/wp-content\/uploads\/2025\/01\/Bicis3.jpg?resize=525%2C300&ssl=1 1.5x, https:\/\/i0.wp.com\/www.hoymercedes.com.ar\/principal\/wp-content\/uploads\/2025\/01\/Bicis3.jpg?resize=700%2C400&ssl=1 2x, https:\/\/i0.wp.com\/www.hoymercedes.com.ar\/principal\/wp-content\/uploads\/2025\/01\/Bicis3.jpg?resize=1050%2C600&ssl=1 3x, https:\/\/i0.wp.com\/www.hoymercedes.com.ar\/principal\/wp-content\/uploads\/2025\/01\/Bicis3.jpg?resize=1400%2C800&ssl=1 4x"},"classes":[]},{"id":135483,"url":"https:\/\/www.hoymercedes.com.ar\/principal\/2021\/08\/17\/mejoras-en-los-accesos-a-las-escuelas-rurales\/","url_meta":{"origin":37849,"position":3},"title":"Mejoras en los accesos a las escuelas rurales","author":"hoymercedes","date":"17 agosto, 2021","format":false,"excerpt":"El Municipio de Mercedes realiz\u00f3 mejoras en caminos rurales, que a su vez facilitan el acceso a los establecimientos educativos de las zonas alejadas. En esta oportunidad, la maquinaria municipal realiz\u00f3 trabajos de zanjeos, desmalezamiento, colocaci\u00f3n de tosca y piedra en el camino que llega a la Escuela Primaria N\u00b014\u2026","rel":"","context":"En \u00abMunicipio\u00bb","block_context":{"text":"Municipio","link":"https:\/\/www.hoymercedes.com.ar\/principal\/category\/municipio\/"},"img":{"alt_text":"","src":"https:\/\/i0.wp.com\/www.hoymercedes.com.ar\/principal\/wp-content\/uploads\/2021\/08\/17-caminos-rurales1-e1629242811823.jpg?resize=350%2C200&ssl=1","width":350,"height":200,"srcset":"https:\/\/i0.wp.com\/www.hoymercedes.com.ar\/principal\/wp-content\/uploads\/2021\/08\/17-caminos-rurales1-e1629242811823.jpg?resize=350%2C200&ssl=1 1x, https:\/\/i0.wp.com\/www.hoymercedes.com.ar\/principal\/wp-content\/uploads\/2021\/08\/17-caminos-rurales1-e1629242811823.jpg?resize=525%2C300&ssl=1 1.5x, https:\/\/i0.wp.com\/www.hoymercedes.com.ar\/principal\/wp-content\/uploads\/2021\/08\/17-caminos-rurales1-e1629242811823.jpg?resize=700%2C400&ssl=1 2x"},"classes":[]},{"id":125819,"url":"https:\/\/www.hoymercedes.com.ar\/principal\/2021\/03\/06\/los-equipos-viales-del-municipio-trabajan-fuertemente-en-la-zona-rural\/","url_meta":{"origin":37849,"position":4},"title":"Los equipos viales del municipio trabajan fuertemente en la zona rural","author":"hoymercedes","date":"6 marzo, 2021","format":false,"excerpt":"Informaci\u00f3n municipal - La Municipalidad de Mercedes estuvo trabajando duramente en la reparaci\u00f3n de los caminos rurales, que son fundamentales para poder sacar las producciones agropecuarias, pero tambi\u00e9n para generar accesos seguros a las escuelas rurales. \u00a0 El gobierno de Juan Ustarroz se ha volcado fuertemente en las \u00faltimas semanas\u2026","rel":"","context":"En \u00abMunicipio\u00bb","block_context":{"text":"Municipio","link":"https:\/\/www.hoymercedes.com.ar\/principal\/category\/municipio\/"},"img":{"alt_text":"","src":"https:\/\/i0.wp.com\/www.hoymercedes.com.ar\/principal\/wp-content\/uploads\/2021\/03\/36.jpeg?resize=350%2C200&ssl=1","width":350,"height":200,"srcset":"https:\/\/i0.wp.com\/www.hoymercedes.com.ar\/principal\/wp-content\/uploads\/2021\/03\/36.jpeg?resize=350%2C200&ssl=1 1x, https:\/\/i0.wp.com\/www.hoymercedes.com.ar\/principal\/wp-content\/uploads\/2021\/03\/36.jpeg?resize=525%2C300&ssl=1 1.5x, https:\/\/i0.wp.com\/www.hoymercedes.com.ar\/principal\/wp-content\/uploads\/2021\/03\/36.jpeg?resize=700%2C400&ssl=1 2x"},"classes":[]},{"id":171662,"url":"https:\/\/www.hoymercedes.com.ar\/principal\/2024\/01\/06\/continuan-realizando-tareas-de-mejora-y-mantenimiento-de-caminos-rurales\/","url_meta":{"origin":37849,"position":5},"title":"Contin\u00faan realizando tareas de mejora y mantenimiento de caminos rurales","author":"hoymercedes","date":"6 enero, 2024","format":false,"excerpt":"Se contin\u00faan realizando intervenciones en los caminos rurales en pos de su mantenimiento y mejoras. Es un gran beneficio para las familias afincadas en la zona rural, como as\u00ed tambi\u00e9n para la producci\u00f3n. Otro aspecto favorable es que suelen ser accesos alternativos a distintos puntos del Partido. \u201cGracias a las\u2026","rel":"","context":"En \u00abMunicipio\u00bb","block_context":{"text":"Municipio","link":"https:\/\/www.hoymercedes.com.ar\/principal\/category\/municipio\/"},"img":{"alt_text":"Servicios p\u00fablicos","src":"https:\/\/i0.wp.com\/www.hoymercedes.com.ar\/principal\/wp-content\/uploads\/2024\/01\/mantenimientodecaminos-mercedes.jpg?resize=350%2C200&ssl=1","width":350,"height":200,"srcset":"https:\/\/i0.wp.com\/www.hoymercedes.com.ar\/principal\/wp-content\/uploads\/2024\/01\/mantenimientodecaminos-mercedes.jpg?resize=350%2C200&ssl=1 1x, https:\/\/i0.wp.com\/www.hoymercedes.com.ar\/principal\/wp-content\/uploads\/2024\/01\/mantenimientodecaminos-mercedes.jpg?resize=525%2C300&ssl=1 1.5x, https:\/\/i0.wp.com\/www.hoymercedes.com.ar\/principal\/wp-content\/uploads\/2024\/01\/mantenimientodecaminos-mercedes.jpg?resize=700%2C400&ssl=1 2x"},"classes":[]}],"_links":{"self":[{"href":"https:\/\/www.hoymercedes.com.ar\/principal\/wp-json\/wp\/v2\/posts\/37849","targetHints":{"allow":["GET"]}}],"collection":[{"href":"https:\/\/www.hoymercedes.com.ar\/principal\/wp-json\/wp\/v2\/posts"}],"about":[{"href":"https:\/\/www.hoymercedes.com.ar\/principal\/wp-json\/wp\/v2\/types\/post"}],"author":[{"embeddable":true,"href":"https:\/\/www.hoymercedes.com.ar\/principal\/wp-json\/wp\/v2\/users\/1"}],"replies":[{"embeddable":true,"href":"https:\/\/www.hoymercedes.com.ar\/principal\/wp-json\/wp\/v2\/comments?post=37849"}],"version-history":[{"count":0,"href":"https:\/\/www.hoymercedes.com.ar\/principal\/wp-json\/wp\/v2\/posts\/37849\/revisions"}],"wp:attachment":[{"href":"https:\/\/www.hoymercedes.com.ar\/principal\/wp-json\/wp\/v2\/media?parent=37849"}],"wp:term":[{"taxonomy":"category","embeddable":true,"href":"https:\/\/www.hoymercedes.com.ar\/principal\/wp-json\/wp\/v2\/categories?post=37849"},{"taxonomy":"post_tag","embeddable":true,"href":"https:\/\/www.hoymercedes.com.ar\/principal\/wp-json\/wp\/v2\/tags?post=37849"}],"curies":[{"name":"wp","href":"https:\/\/api.w.org\/{rel}","templated":true}]}}