{"id":37852,"date":"2014-11-18T23:39:05","date_gmt":"2014-11-19T02:39:05","guid":{"rendered":"http:\/\/www.hoymercedes.com.ar\/principal\/?p=37852"},"modified":"2014-11-30T18:56:48","modified_gmt":"2014-11-30T21:56:48","slug":"de-pedro-destaco-avances-en-el-consejo-de-la-magistratura-gracias-a-los-consensos-entre-todos-los-espacios","status":"publish","type":"post","link":"https:\/\/www.hoymercedes.com.ar\/principal\/2014\/11\/18\/de-pedro-destaco-avances-en-el-consejo-de-la-magistratura-gracias-a-los-consensos-entre-todos-los-espacios\/","title":{"rendered":"De Pedro destac\u00f3 avances en el Consejo de la Magistratura \u00abgracias a los consensos entre todos los espacios\u00bb"},"content":{"rendered":"<p><a href=\"https:\/\/www.hoymercedes.com.ar\/principal\/wp-content\/uploads\/2014\/11\/wadodepedro-lorenzetti.jpg\"><img loading=\"lazy\" decoding=\"async\" data-attachment-id=\"37853\" data-permalink=\"https:\/\/www.hoymercedes.com.ar\/principal\/2014\/11\/18\/de-pedro-destaco-avances-en-el-consejo-de-la-magistratura-gracias-a-los-consensos-entre-todos-los-espacios\/wadodepedro-lorenzetti\/#main\" data-orig-file=\"https:\/\/www.hoymercedes.com.ar\/principal\/wp-content\/uploads\/2014\/11\/wadodepedro-lorenzetti.jpg\" data-orig-size=\"620,414\" data-comments-opened=\"1\" data-image-meta=\"{&quot;aperture&quot;:&quot;0&quot;,&quot;credit&quot;:&quot;&quot;,&quot;camera&quot;:&quot;&quot;,&quot;caption&quot;:&quot;&quot;,&quot;created_timestamp&quot;:&quot;0&quot;,&quot;copyright&quot;:&quot;&quot;,&quot;focal_length&quot;:&quot;0&quot;,&quot;iso&quot;:&quot;0&quot;,&quot;shutter_speed&quot;:&quot;0&quot;,&quot;title&quot;:&quot;&quot;,&quot;orientation&quot;:&quot;0&quot;}\" data-image-title=\"wadodepedro-lorenzetti\" data-image-description=\"\" data-image-caption=\"\" data-large-file=\"https:\/\/www.hoymercedes.com.ar\/principal\/wp-content\/uploads\/2014\/11\/wadodepedro-lorenzetti.jpg\" class=\"Img2014 aligncenter wp-image-37853 size-full\" src=\"https:\/\/www.hoymercedes.com.ar\/principal\/wp-content\/uploads\/2014\/11\/wadodepedro-lorenzetti.jpg\" alt=\"wadodepedro-lorenzetti\" width=\"620\" height=\"414\" \/><\/a><\/p>\n<p><em><strong>El diputado de la Naci\u00f3n por el Frente para la Victoria (FpV) y miembro del Consejo de la Magistratura Eduardo &#8216;Wado&#8217; de Pedro destac\u00f3 hoy \u201cel avance\u201d logrado en este cuerpo del Poder Judicial durante el 2014 en base a los \u201cconsensos\u201d alcanzados \u00abentre todos los espacios pol\u00edticos\u00bb, que tuvo como resultados concretos la realizaci\u00f3n de m\u00e1s de un centenar de concursos para cubrir cargos vacantes, entre los que ya concluyeron y los que est\u00e1n en proceso de realizaci\u00f3n.<\/strong><\/em><br \/>\n\u201cFue un a\u00f1o en el que el Consejo pudo avanzar gracias a los consensos que pudimos alcanzar entre todos los espacios\u201d, dijo De Pedro luego de jurar como uno de los 13 integrantes del Consejo de la Magistratura, en representaci\u00f3n de la primera minor\u00eda en Diputados.<br \/>\nDe Pedro, que es presidente de la Comisi\u00f3n de Selecci\u00f3n en el Consejo de la Magistratura, mostr\u00f3 resultados concretos alcanzados durante este a\u00f1o, entre los que mencion\u00f3 \u201cla aprobaci\u00f3n de ocho concursos que fueron remitidos al Poder Ejecutivo para cubrir 13 vacantes\u201d, \u201cla realizaci\u00f3n de sorteos totalmente transparentes\u201d y \u201clos 13 concursos que hoy est\u00e1n en tr\u00e1mite, en los que ya se tomaron los ex\u00e1menes para cubrir 33 cargos\u201d, adem\u00e1s del \u201cinicio de otros 20 concursos para cubrir otros 29 cargos\u201d.<br \/>\nPara dar dimensi\u00f3n del trabajo realizado, De Pedro precis\u00f3 que \u201cde las 259 vacantes que tiene el Poder Judicial en este momento se est\u00e1n llevando adelante distintas instancias para cubrir 125, es decir el 50 por ciento\u201d.<br \/>\n\u201cFalta, pero hemos mejorado mucho en este a\u00f1o. Tal como nos comprometimos cuando asumimos en el Consejo a principios de a\u00f1o, continuaremos trabajando para agilizar el acceso a la justicia al que todos los ciudadanos tienen derecho\u201d, remarc\u00f3 el diputado y consejero.<br \/>\nSi bien De Pedro jur\u00f3 hoy junto con los nuevos integrantes del Consejo de la Magistratura, ya hab\u00eda comenzado a desempe\u00f1arse en ese cuerpo del Poder Judicial a principios de a\u00f1o, junto con el secretario de Justicia, Juli\u00e1n Alvarez, que representa al Poder Ejecutivo en el Consejo de la Magistratura.<br \/>\nA modo de balance, De Pedro se\u00f1al\u00f3 tambi\u00e9n otros dos hechos importantes en los que el Consejo avanz\u00f3 este a\u00f1o, que fueron \u201cla aprobaci\u00f3n del Reglamento de Concursos de Oposici\u00f3n y Antecedentes para la designaci\u00f3n de magistrados del Poder Judicial de la Naci\u00f3n y del Reglamento de Subrogaciones para los Tribunales Inferiores de la Naci\u00f3n\u201d.<br \/>\nSeg\u00fan dijo, estos dos reglamentos \u201cagilizan mucho el servicio de justicia porque dinamizan la selecci\u00f3n de nuevos jueces y la cobertura provisoria de otras vacantes\u201d.<br \/>\nAdem\u00e1s, el consejero mencion\u00f3 como otro punto saliente de la gesti\u00f3n realizada este a\u00f1o por el Consejo \u201cla elaboraci\u00f3n de un listado con m\u00e1s de 1.500 profesores regulares\u201d, cuando antes eran 300, lo que \u201campl\u00eda la participaci\u00f3n en la realizaci\u00f3n de los concursos, garantizando transparencia y apertura, y su agilizaci\u00f3n\u201d, seg\u00fan consign\u00f3.<\/p>\n","protected":false},"excerpt":{"rendered":"<p>El diputado de la Naci\u00f3n por el Frente para la Victoria (FpV) y miembro del Consejo de la Magistratura Eduardo &#8230; <a title=\"De Pedro destac\u00f3 avances en el Consejo de la Magistratura \u00abgracias a los consensos entre todos los espacios\u00bb\" class=\"read-more\" href=\"https:\/\/www.hoymercedes.com.ar\/principal\/2014\/11\/18\/de-pedro-destaco-avances-en-el-consejo-de-la-magistratura-gracias-a-los-consensos-entre-todos-los-espacios\/\" aria-label=\"Leer m\u00e1s sobre De Pedro destac\u00f3 avances en el Consejo de la Magistratura \u00abgracias a los consensos entre todos los espacios\u00bb\">Leer m\u00e1s<\/a><\/p>\n","protected":false},"author":1,"featured_media":0,"comment_status":"open","ping_status":"open","sticky":false,"template":"","format":"standard","meta":{"_monsterinsights_skip_tracking":false,"_monsterinsights_sitenote_active":false,"_monsterinsights_sitenote_note":"","_monsterinsights_sitenote_category":0,"jetpack_post_was_ever_published":false,"_jetpack_newsletter_access":"","_jetpack_dont_email_post_to_subs":false,"_jetpack_newsletter_tier_id":0,"_jetpack_memberships_contains_paywalled_content":false,"_jetpack_memberships_contains_paid_content":false,"footnotes":"","jetpack_publicize_message":"","jetpack_publicize_feature_enabled":true,"jetpack_social_post_already_shared":false,"jetpack_social_options":{"image_generator_settings":{"template":"highway","default_image_id":0,"font":"","enabled":false},"version":2},"_wpas_customize_per_network":false},"categories":[5],"tags":[5255,2686,6449,281],"class_list":["post-37852","post","type-post","status-publish","format-standard","hentry","category-politica","tag-diputado-de-pedro","tag-eduardo-de-pedro","tag-lorenzetti-y-depedro","tag-wado-de-pedro","generate-columns","tablet-grid-50","mobile-grid-100","grid-parent","grid-50"],"jetpack_publicize_connections":[],"jetpack_featured_media_url":"","wps_subtitle":"Pol\u00edtica y justicia nacional ","jetpack_sharing_enabled":true,"jetpack-related-posts":[{"id":29642,"url":"https:\/\/www.hoymercedes.com.ar\/principal\/2014\/02\/05\/wado-de-pedro-al-colegio-de-la-magistratura\/","url_meta":{"origin":37852,"position":0},"title":"Wado de Pedro al Consejo de la Magistratura","author":"hoymercedes","date":"5 febrero, 2014","format":false,"excerpt":"Tal como inform\u00e1bamos tiempo atr\u00e1s el mercedino Diputado Nacional, Eduardo \"Wado\" De Pedro ser\u00e1 parte de la representaci\u00f3n kirchnerista en el Consejo de la Magistratura que es el organismo que designa y renueva jueces y que est\u00e1 compuesto por participantes diversos, entre ellos, legisladores. La noticia se empez\u00f3 a conocer\u2026","rel":"","context":"En \u00abSociedad\u00bb","block_context":{"text":"Sociedad","link":"https:\/\/www.hoymercedes.com.ar\/principal\/category\/sociedad\/"},"img":{"alt_text":"wadodepedro","src":"https:\/\/i0.wp.com\/www.hoymercedes.com.ar\/principal\/wp-content\/uploads\/2014\/02\/wadodepedro.jpg?resize=350%2C200","width":350,"height":200,"srcset":"https:\/\/i0.wp.com\/www.hoymercedes.com.ar\/principal\/wp-content\/uploads\/2014\/02\/wadodepedro.jpg?resize=350%2C200 1x, https:\/\/i0.wp.com\/www.hoymercedes.com.ar\/principal\/wp-content\/uploads\/2014\/02\/wadodepedro.jpg?resize=525%2C300 1.5x"},"classes":[]},{"id":29911,"url":"https:\/\/www.hoymercedes.com.ar\/principal\/2014\/02\/14\/de-pedro-asumio-en-el-consejo-de-la-magistratura\/","url_meta":{"origin":37852,"position":1},"title":"De Pedro asumi\u00f3 en el Consejo de la Magistratura","author":"hoymercedes","date":"14 febrero, 2014","format":false,"excerpt":"Finalmente se concret\u00f3 la jura de los nuevos integrantes del Consejo de la Magistratura y entre ellos el Diputado Nacional y mercedino Eduardo \u201cWado\u201d De Pedro qui\u00e9n lo hace como integrante del Frente para la Victoria. Junto con \u00e9l jur\u00f3 el vice ministro, y hombre af\u00edn a De Pedro, Juli\u00e1n\u2026","rel":"","context":"En \u00abPol\u00edtica\u00bb","block_context":{"text":"Pol\u00edtica","link":"https:\/\/www.hoymercedes.com.ar\/principal\/category\/politica\/"},"img":{"alt_text":"JuraWadodePedro","src":"https:\/\/i0.wp.com\/www.hoymercedes.com.ar\/principal\/wp-content\/uploads\/2014\/02\/JuraWadodePedro.jpg?resize=350%2C200","width":350,"height":200,"srcset":"https:\/\/i0.wp.com\/www.hoymercedes.com.ar\/principal\/wp-content\/uploads\/2014\/02\/JuraWadodePedro.jpg?resize=350%2C200 1x, https:\/\/i0.wp.com\/www.hoymercedes.com.ar\/principal\/wp-content\/uploads\/2014\/02\/JuraWadodePedro.jpg?resize=525%2C300 1.5x"},"classes":[]},{"id":29048,"url":"https:\/\/www.hoymercedes.com.ar\/principal\/2014\/01\/03\/wado-suena-fuerte-para-el-consejo-de-la-magistratura\/","url_meta":{"origin":37852,"position":2},"title":"Wado suena fuerte para el Consejo de la Magistratura","author":"hoymercedes","date":"3 enero, 2014","format":false,"excerpt":"Tras un 2013 muy movido el Diputado Nacional Eduardo \"Wado\" De Pedro suena para obtener un nuevo rol institucional. En esta ocasi\u00f3n y desde hace al menos un par de semanas suena como nuevo miembro del Consejo de la Magistratura.\u00a0 Diversos sitios de noticias del pa\u00eds han empezado a mencionar\u2026","rel":"","context":"En \u00abPol\u00edtica\u00bb","block_context":{"text":"Pol\u00edtica","link":"https:\/\/www.hoymercedes.com.ar\/principal\/category\/politica\/"},"img":{"alt_text":"Eduardo De Pedro \/ Foto: Facebook","src":"https:\/\/i0.wp.com\/www.hoymercedes.com.ar\/principal\/wp-content\/uploads\/2014\/01\/eduardodepedro.jpg?resize=350%2C200","width":350,"height":200,"srcset":"https:\/\/i0.wp.com\/www.hoymercedes.com.ar\/principal\/wp-content\/uploads\/2014\/01\/eduardodepedro.jpg?resize=350%2C200 1x, https:\/\/i0.wp.com\/www.hoymercedes.com.ar\/principal\/wp-content\/uploads\/2014\/01\/eduardodepedro.jpg?resize=525%2C300 1.5x"},"classes":[]},{"id":84309,"url":"https:\/\/www.hoymercedes.com.ar\/principal\/2018\/11\/20\/de-pedro-juro-y-asumio-como-consejero-de-la-magistratura\/","url_meta":{"origin":37852,"position":3},"title":"De Pedro jur\u00f3 y asumi\u00f3 como consejero de la magistratura","author":"hoymercedes","date":"20 noviembre, 2018","format":false,"excerpt":"\u00a0 \u00a0 El diputado nacional y mercedino Eduardo de Pedro jur\u00f3 y asumi\u00f3 como integrante del Consejo de la Magistratura frente a los miembros de la Corte Suprema de Justicia El mercedino sostuvo que \u201cjur\u00e9 como consejero de la magistratura. Vamos a trabajar para que vuelva a regir plenamente el\u2026","rel":"","context":"En \u00abPol\u00edtica Nacional\u00bb","block_context":{"text":"Pol\u00edtica Nacional","link":"https:\/\/www.hoymercedes.com.ar\/principal\/category\/politica-nacional\/"},"img":{"alt_text":"","src":"https:\/\/i0.wp.com\/www.hoymercedes.com.ar\/principal\/wp-content\/uploads\/2018\/11\/IMG-20181120-WA0297.jpg?resize=350%2C200&ssl=1","width":350,"height":200,"srcset":"https:\/\/i0.wp.com\/www.hoymercedes.com.ar\/principal\/wp-content\/uploads\/2018\/11\/IMG-20181120-WA0297.jpg?resize=350%2C200&ssl=1 1x, https:\/\/i0.wp.com\/www.hoymercedes.com.ar\/principal\/wp-content\/uploads\/2018\/11\/IMG-20181120-WA0297.jpg?resize=525%2C300&ssl=1 1.5x, https:\/\/i0.wp.com\/www.hoymercedes.com.ar\/principal\/wp-content\/uploads\/2018\/11\/IMG-20181120-WA0297.jpg?resize=700%2C400&ssl=1 2x"},"classes":[]},{"id":39328,"url":"https:\/\/www.hoymercedes.com.ar\/principal\/2015\/02\/05\/de-pedro-estamos-comprometidos-en-seguir-trabajando-por-agilizar-el-acceso-a-la-justicia\/","url_meta":{"origin":37852,"position":4},"title":"De Pedro: \u00abestamos comprometidos en seguir trabajando por agilizar el acceso a la justicia\u00bb","author":"hoymercedes","date":"5 febrero, 2015","format":false,"excerpt":"En dialogo con la agencia de noticias Telam el Diputado Nacional Eduardo De Pedro y remarc\u00f3 el compromiso que el Frente para la Victoria tiene para democratizar el Poder Judicial as\u00ed como el hecho de estar comprometidos con agilizar el acceso a la justicia, entre otras cuestiones vinculadas al tema.\u2026","rel":"","context":"En \u00abSociedad\u00bb","block_context":{"text":"Sociedad","link":"https:\/\/www.hoymercedes.com.ar\/principal\/category\/sociedad\/"},"img":{"alt_text":"wadodepedro","src":"https:\/\/i0.wp.com\/www.hoymercedes.com.ar\/principal\/wp-content\/uploads\/2015\/02\/wadodepedro.jpg?resize=350%2C200","width":350,"height":200,"srcset":"https:\/\/i0.wp.com\/www.hoymercedes.com.ar\/principal\/wp-content\/uploads\/2015\/02\/wadodepedro.jpg?resize=350%2C200 1x, https:\/\/i0.wp.com\/www.hoymercedes.com.ar\/principal\/wp-content\/uploads\/2015\/02\/wadodepedro.jpg?resize=525%2C300 1.5x"},"classes":[]},{"id":30083,"url":"https:\/\/www.hoymercedes.com.ar\/principal\/2014\/02\/20\/horacio-vero-con-lorenzetti-y-en-asuncion-del-consejo-de-magistratura\/","url_meta":{"origin":37852,"position":5},"title":"Horacio Vero con Lorenzetti y en asunci\u00f3n del Consejo de Magistratura","author":"hoymercedes","date":"20 febrero, 2014","format":false,"excerpt":"El m\u00e1ximo referente del Colegio de Abogados de nuestra ciudad estuvo presente en diversos actos, entre ellos, uno junto al Presidente de la Suprema Corte de Justicia y el otro fue en la asunci\u00f3n de los nuevos integrantes del Consejo de la Magistratura donde asumi\u00f3 el Diputado mercedino Eduardo De\u2026","rel":"","context":"En \u00abSociedad\u00bb","block_context":{"text":"Sociedad","link":"https:\/\/www.hoymercedes.com.ar\/principal\/category\/sociedad\/"},"img":{"alt_text":"Vero-Lorenzetti","src":"https:\/\/i0.wp.com\/www.hoymercedes.com.ar\/principal\/wp-content\/uploads\/2014\/02\/Vero-Lorenzetti.jpg?resize=350%2C200","width":350,"height":200,"srcset":"https:\/\/i0.wp.com\/www.hoymercedes.com.ar\/principal\/wp-content\/uploads\/2014\/02\/Vero-Lorenzetti.jpg?resize=350%2C200 1x, https:\/\/i0.wp.com\/www.hoymercedes.com.ar\/principal\/wp-content\/uploads\/2014\/02\/Vero-Lorenzetti.jpg?resize=525%2C300 1.5x"},"classes":[]}],"_links":{"self":[{"href":"https:\/\/www.hoymercedes.com.ar\/principal\/wp-json\/wp\/v2\/posts\/37852","targetHints":{"allow":["GET"]}}],"collection":[{"href":"https:\/\/www.hoymercedes.com.ar\/principal\/wp-json\/wp\/v2\/posts"}],"about":[{"href":"https:\/\/www.hoymercedes.com.ar\/principal\/wp-json\/wp\/v2\/types\/post"}],"author":[{"embeddable":true,"href":"https:\/\/www.hoymercedes.com.ar\/principal\/wp-json\/wp\/v2\/users\/1"}],"replies":[{"embeddable":true,"href":"https:\/\/www.hoymercedes.com.ar\/principal\/wp-json\/wp\/v2\/comments?post=37852"}],"version-history":[{"count":0,"href":"https:\/\/www.hoymercedes.com.ar\/principal\/wp-json\/wp\/v2\/posts\/37852\/revisions"}],"wp:attachment":[{"href":"https:\/\/www.hoymercedes.com.ar\/principal\/wp-json\/wp\/v2\/media?parent=37852"}],"wp:term":[{"taxonomy":"category","embeddable":true,"href":"https:\/\/www.hoymercedes.com.ar\/principal\/wp-json\/wp\/v2\/categories?post=37852"},{"taxonomy":"post_tag","embeddable":true,"href":"https:\/\/www.hoymercedes.com.ar\/principal\/wp-json\/wp\/v2\/tags?post=37852"}],"curies":[{"name":"wp","href":"https:\/\/api.w.org\/{rel}","templated":true}]}}