{"id":37889,"date":"2014-11-20T19:39:19","date_gmt":"2014-11-20T22:39:19","guid":{"rendered":"http:\/\/www.hoymercedes.com.ar\/principal\/?p=37889"},"modified":"2014-11-20T19:48:06","modified_gmt":"2014-11-20T22:48:06","slug":"diputados-aprueba-proyecto-de-alberto-espana-para-creacion-del-comite-de-cuenca-del-rio-lujan","status":"publish","type":"post","link":"https:\/\/www.hoymercedes.com.ar\/principal\/2014\/11\/20\/diputados-aprueba-proyecto-de-alberto-espana-para-creacion-del-comite-de-cuenca-del-rio-lujan\/","title":{"rendered":"Diputados aprueba proyecto de Alberto Espa\u00f1a para creaci\u00f3n del comit\u00e9 de cuenca del Rio Lujan"},"content":{"rendered":"<p><a href=\"https:\/\/www.hoymercedes.com.ar\/principal\/wp-content\/uploads\/2014\/11\/alberto-cucho-espa\u00f1a.jpg\"><img loading=\"lazy\" decoding=\"async\" data-attachment-id=\"37890\" data-permalink=\"https:\/\/www.hoymercedes.com.ar\/principal\/2014\/11\/20\/diputados-aprueba-proyecto-de-alberto-espana-para-creacion-del-comite-de-cuenca-del-rio-lujan\/alberto-cucho-espana\/#main\" data-orig-file=\"https:\/\/www.hoymercedes.com.ar\/principal\/wp-content\/uploads\/2014\/11\/alberto-cucho-espa\u00f1a.jpg\" data-orig-size=\"620,456\" data-comments-opened=\"1\" data-image-meta=\"{&quot;aperture&quot;:&quot;5.6&quot;,&quot;credit&quot;:&quot;&quot;,&quot;camera&quot;:&quot;NIKON D300&quot;,&quot;caption&quot;:&quot;&quot;,&quot;created_timestamp&quot;:&quot;1350586510&quot;,&quot;copyright&quot;:&quot;&quot;,&quot;focal_length&quot;:&quot;125&quot;,&quot;iso&quot;:&quot;3200&quot;,&quot;shutter_speed&quot;:&quot;0.02&quot;,&quot;title&quot;:&quot;&quot;,&quot;orientation&quot;:&quot;0&quot;}\" data-image-title=\"alberto-cucho-espa\u00f1a\" data-image-description=\"\" data-image-caption=\"\" data-large-file=\"https:\/\/www.hoymercedes.com.ar\/principal\/wp-content\/uploads\/2014\/11\/alberto-cucho-espa\u00f1a.jpg\" class=\"Img2014 aligncenter wp-image-37890 size-full\" title=\"Alberto Cucho Espa\u00f1a, Diputado Frente para la Victoria \" src=\"https:\/\/www.hoymercedes.com.ar\/principal\/wp-content\/uploads\/2014\/11\/alberto-cucho-espa\u00f1a.jpg\" alt=\"alberto-cucho-espa\u00f1a\" width=\"620\" height=\"456\" \/><\/a><\/p>\n<p><em><strong>El legislador provincial mercedino Alberto Espa\u00f1a celebr\u00f3 hoy la aprobaci\u00f3n que dio la C\u00e1mara de Diputados bonaerense a su proyecto para la creaci\u00f3n del Comit\u00e9 de Cuenca del R\u00edo Luj\u00e1n, al que calific\u00f3 como \u201cuna herramienta indispensable para darle una soluci\u00f3n definitiva al problema ambiental e h\u00eddrico que manifiesta\u201d.<\/strong><\/em><\/p>\n<p>\u201cEste es un proyecto muy elaborado, que cuenta con la intervenci\u00f3n de especialistas en la materia y ambientalistas y que comenzamos a pensar con Juani Ustarroz (presidente del bloque de concejales del Frente Mercedino para la Victoria) a partir del drama que viven los vecinos de las zonas ribere\u00f1as cada vez que el r\u00edo desborda\u201d, agreg\u00f3.<\/p>\n<p>Ustarroz tambi\u00e9n mostr\u00f3 su satisfacci\u00f3n por la sanci\u00f3n de la Ley de creaci\u00f3n del Comit\u00e9 de Cuenca (COMILU). \u201cEl problema de las inundaciones en Mercedes, como en el resto de las ciudades que atraviesa el r\u00edo, merece un abordaje en todos los niveles y distintas respuestas, y del mismo modo que venimos impulsando diferentes proyectos que se pueden llevar adelante desde Mercedes, este proyecto de Espa\u00f1a viene a cubrir una necesidad m\u00e1s amplia y beneficiar\u00e1 a millones de bonaerenses\u201d.<\/p>\n<p>La norma sancionada hoy se considera clave para abordar el problema h\u00eddrico del R\u00edo Luj\u00e1n y mejorar las condiciones ambientales y la calidad de vida de la poblaci\u00f3n, gravemente afectada por las inundaciones de los \u00faltimos a\u00f1os. El Comit\u00e9 ser\u00e1 una herramienta clave para planificar, coordinar, ejecutar y controlar un \u201cPlan de Gesti\u00f3n Integral de la Cuenca\u201d. Adem\u00e1s establece una pol\u00edtica \u00fanica de ordenamiento territorial y ambiental, en todas las jurisdicciones que son afectadas por la misma.<\/p>\n<p>Se proyecta tambi\u00e9n instituir al Comit\u00e9 de una capacidad financiera acorde con los fines propuestos: tendr\u00e1 autonom\u00eda para contraer pr\u00e9stamos de organismos internacionales y desarrollar las obras de infraestructura necesarias para la Cuenca.<\/p>\n<p>\u201cCon este proyecto buscamos salir de la emergencia de la inundaci\u00f3n por medio de un plan integral a largo plazo. Esta Ley genera un organismo \u00e1gil y con las herramientas suficientes para una soluci\u00f3n definitiva al problema ambiental e h\u00eddrico de la cuenca. Estamos realmente muy contentos por su aprobaci\u00f3n\u201d, declar\u00f3 el diputado Espa\u00f1a.<\/p>\n","protected":false},"excerpt":{"rendered":"<p>El legislador provincial mercedino Alberto Espa\u00f1a celebr\u00f3 hoy la aprobaci\u00f3n que dio la C\u00e1mara de Diputados bonaerense a su proyecto &#8230; <a title=\"Diputados aprueba proyecto de Alberto Espa\u00f1a para creaci\u00f3n del comit\u00e9 de cuenca del Rio Lujan\" class=\"read-more\" href=\"https:\/\/www.hoymercedes.com.ar\/principal\/2014\/11\/20\/diputados-aprueba-proyecto-de-alberto-espana-para-creacion-del-comite-de-cuenca-del-rio-lujan\/\" aria-label=\"Leer m\u00e1s sobre Diputados aprueba proyecto de Alberto Espa\u00f1a para creaci\u00f3n del comit\u00e9 de cuenca del Rio Lujan\">Leer m\u00e1s<\/a><\/p>\n","protected":false},"author":1,"featured_media":0,"comment_status":"open","ping_status":"open","sticky":false,"template":"","format":"standard","meta":{"_monsterinsights_skip_tracking":false,"_monsterinsights_sitenote_active":false,"_monsterinsights_sitenote_note":"","_monsterinsights_sitenote_category":0,"jetpack_post_was_ever_published":false,"_jetpack_newsletter_access":"","_jetpack_dont_email_post_to_subs":false,"_jetpack_newsletter_tier_id":0,"_jetpack_memberships_contains_paywalled_content":false,"_jetpack_memberships_contains_paid_content":false,"footnotes":"","jetpack_publicize_message":"","jetpack_publicize_feature_enabled":true,"jetpack_social_post_already_shared":false,"jetpack_social_options":{"image_generator_settings":{"template":"highway","default_image_id":0,"font":"","enabled":false},"version":2},"_wpas_customize_per_network":false},"categories":[5],"tags":[2687,1204,2312,402],"class_list":["post-37889","post","type-post","status-publish","format-standard","hentry","category-politica","tag-alberto-espana","tag-cucho-espana","tag-cuenca-rio-lujan","tag-rio-lujan","generate-columns","tablet-grid-50","mobile-grid-100","grid-parent","grid-50"],"jetpack_publicize_connections":[],"jetpack_featured_media_url":"","wps_subtitle":"Tarea legislativa ","jetpack_sharing_enabled":true,"jetpack-related-posts":[{"id":40577,"url":"https:\/\/www.hoymercedes.com.ar\/principal\/2015\/04\/05\/se-convirtio-en-ley-la-creacion-del-comite-de-cuenca-del-rio-lujan-impulsado-por-el-diputado-alberto-espana\/","url_meta":{"origin":37889,"position":0},"title":"Se convirti\u00f3 en ley la creaci\u00f3n del comit\u00e9 de cuenca del R\u00edo Luj\u00e1n impulsado por el Diputado Alberto Espa\u00f1a","author":"hoymercedes","date":"5 abril, 2015","format":false,"excerpt":"\u00a0 El Comit\u00e9 de Cuenca del R\u00edo Luj\u00e1n (COMILU) buscar\u00e1 preservar el recurso h\u00eddrico y gestionar el mismo de manera integral y sustentable. Uno de sus principales focos ser\u00e1 tomar medidas extraordinarias frente a las inundaciones que aquejan a las poblaciones aleda\u00f1as de la cuenca h\u00eddrica. La C\u00e1mara de Senadores\u2026","rel":"","context":"En \u00abPol\u00edtica\u00bb","block_context":{"text":"Pol\u00edtica","link":"https:\/\/www.hoymercedes.com.ar\/principal\/category\/politica\/"},"img":{"alt_text":"","src":"","width":0,"height":0},"classes":[]},{"id":34617,"url":"https:\/\/www.hoymercedes.com.ar\/principal\/2014\/07\/16\/alberto-espana-propuso-ley-para-crear-comite-por-cuenca-del-rio-lujan\/","url_meta":{"origin":37889,"position":1},"title":"Alberto Espa\u00f1a propuso ley para crear Comit\u00e9 por cuenca del R\u00edo Luj\u00e1n","author":"hoymercedes","date":"16 julio, 2014","format":false,"excerpt":"La propuesta del Diputado provincial y mercedino Alberto \u201cCucho\u201d Espa\u00f1a es que por ley se genere un \u00e1mbito de protecci\u00f3n y saneamiento de la cuenca del R\u00edo Luj\u00e1n que involucra a nuestra comunidad, entre varias otras, y que desde hace un tiempo est\u00e1 bajo la mirada de la poblaci\u00f3n y\u2026","rel":"","context":"En \u00abPol\u00edtica\u00bb","block_context":{"text":"Pol\u00edtica","link":"https:\/\/www.hoymercedes.com.ar\/principal\/category\/politica\/"},"img":{"alt_text":"AlbertoEspa\u00f1a-CuencaRioLujan","src":"https:\/\/i0.wp.com\/www.hoymercedes.com.ar.ar\/noticias\/wp-content\/uploads\/2014\/07\/AlbertoEspa%C3%B1a-CuencaRioLujan.jpg?resize=350%2C200","width":350,"height":200,"srcset":"https:\/\/i0.wp.com\/www.hoymercedes.com.ar.ar\/noticias\/wp-content\/uploads\/2014\/07\/AlbertoEspa%C3%B1a-CuencaRioLujan.jpg?resize=350%2C200 1x, https:\/\/i0.wp.com\/www.hoymercedes.com.ar.ar\/noticias\/wp-content\/uploads\/2014\/07\/AlbertoEspa%C3%B1a-CuencaRioLujan.jpg?resize=525%2C300 1.5x"},"classes":[]},{"id":40729,"url":"https:\/\/www.hoymercedes.com.ar\/principal\/2015\/04\/11\/volvio-a-reunirse-el-comite-por-la-cuenca-del-rio-lujan\/","url_meta":{"origin":37889,"position":2},"title":"Volvi\u00f3 a reunirse el Comit\u00e9 por la Cuenca del R\u00edo Luj\u00e1n","author":"hoymercedes","date":"11 abril, 2015","format":false,"excerpt":"El pasado jueves se realiz\u00f3 en la ciudad de Pilar una reuni\u00f3n extraordinaria del Comit\u00e9 de la Cuenca H\u00eddrica del R\u00edo Luj\u00e1n Regi\u00f3n A con la presencia de representantes de las comunas de Luj\u00e1n, Campana, General Rodr\u00edguez, Pilar y Mercedes y Funcionarios de la Autoridad del Agua. El objetivo de\u2026","rel":"","context":"En \u00abPol\u00edtica\u00bb","block_context":{"text":"Pol\u00edtica","link":"https:\/\/www.hoymercedes.com.ar\/principal\/category\/politica\/"},"img":{"alt_text":"cuenca-rio-lujan","src":"https:\/\/i0.wp.com\/www.hoymercedes.com.ar\/principal\/wp-content\/uploads\/2015\/04\/cuenca-rio-lujan.jpg?resize=350%2C200","width":350,"height":200,"srcset":"https:\/\/i0.wp.com\/www.hoymercedes.com.ar\/principal\/wp-content\/uploads\/2015\/04\/cuenca-rio-lujan.jpg?resize=350%2C200 1x, https:\/\/i0.wp.com\/www.hoymercedes.com.ar\/principal\/wp-content\/uploads\/2015\/04\/cuenca-rio-lujan.jpg?resize=525%2C300 1.5x"},"classes":[]},{"id":45157,"url":"https:\/\/www.hoymercedes.com.ar\/principal\/2015\/10\/06\/remueven-dos-puentes-rotos-en-el-rio-lujan-para-mitigar-el-efecto-de-las-crecidas\/","url_meta":{"origin":37889,"position":3},"title":"Remueven dos puentes rotos en el Rio Luj\u00e1n para mitigar el efecto de las crecidas","author":"hoymercedes","date":"6 octubre, 2015","format":false,"excerpt":"El operativo de limpieza sobre el R\u00edo Luj\u00e1n, que busca mitigar el impacto de las posibles crecidas y es desarrollado en conjunto entre el ministerio de Planificaci\u00f3n de la Naci\u00f3n y el municipio, sigui\u00f3 hoy con la remoci\u00f3n de un puente peatonal y de la compuerta que se encontraba debajo\u2026","rel":"","context":"En \u00abSociedad\u00bb","block_context":{"text":"Sociedad","link":"https:\/\/www.hoymercedes.com.ar\/principal\/category\/sociedad\/"},"img":{"alt_text":"","src":"https:\/\/i0.wp.com\/www.hoymercedes.com.ar\/principal\/wp-content\/uploads\/2015\/10\/ustarroz-riolujan.obras_.mercedes.2.jpg?resize=350%2C200&ssl=1","width":350,"height":200,"srcset":"https:\/\/i0.wp.com\/www.hoymercedes.com.ar\/principal\/wp-content\/uploads\/2015\/10\/ustarroz-riolujan.obras_.mercedes.2.jpg?resize=350%2C200&ssl=1 1x, https:\/\/i0.wp.com\/www.hoymercedes.com.ar\/principal\/wp-content\/uploads\/2015\/10\/ustarroz-riolujan.obras_.mercedes.2.jpg?resize=525%2C300&ssl=1 1.5x"},"classes":[]},{"id":47557,"url":"https:\/\/www.hoymercedes.com.ar\/principal\/2016\/03\/03\/en-lujan-se-reunio-con-presencia-mercedina-el-comite-de-cuenca-del-rio-lujan\/","url_meta":{"origin":37889,"position":4},"title":"En Luj\u00e1n se reuni\u00f3, con presencia mercedina, el Comit\u00e9 de Cuenca del R\u00edo Lujan","author":"hoymercedes","date":"3 marzo, 2016","format":false,"excerpt":"En la vecina localidad de Luj\u00e1n durante la ma\u00f1ana de \u00e9ste jueves se llev\u00f3 adelante un encuentro del Comit\u00e9 de Cuenca del R\u00edo Luj\u00e1n. El intendente Oscar Lucciani ofici\u00f3 de anfitri\u00f3n. El mercedino Juan Ustarroz fue parte de la actividad. En la reuni\u00f3n estuvieron presentes el el subsecretario de Hidr\u00e1ulica\u2026","rel":"","context":"En \u00abSociedad\u00bb","block_context":{"text":"Sociedad","link":"https:\/\/www.hoymercedes.com.ar\/principal\/category\/sociedad\/"},"img":{"alt_text":"","src":"https:\/\/i0.wp.com\/www.hoymercedes.com.ar\/principal\/wp-content\/uploads\/2016\/03\/cuenca.reunion.3.3.16-2.jpg?resize=350%2C200&ssl=1","width":350,"height":200,"srcset":"https:\/\/i0.wp.com\/www.hoymercedes.com.ar\/principal\/wp-content\/uploads\/2016\/03\/cuenca.reunion.3.3.16-2.jpg?resize=350%2C200&ssl=1 1x, https:\/\/i0.wp.com\/www.hoymercedes.com.ar\/principal\/wp-content\/uploads\/2016\/03\/cuenca.reunion.3.3.16-2.jpg?resize=525%2C300&ssl=1 1.5x"},"classes":[]},{"id":33994,"url":"https:\/\/www.hoymercedes.com.ar\/principal\/2014\/06\/18\/frente-mercedino-promueve-gestiones-para-comisaria-de-la-mujer\/","url_meta":{"origin":37889,"position":5},"title":"Frente Mercedino efect\u00faa gestiones  para \u00abComisaria de la Mujer\u00bb","author":"hoymercedes","date":"18 junio, 2014","format":false,"excerpt":"(FM) El Frente Mercedino para la Victoria, a trav\u00e9s del diputado provincial Alberto Espa\u00f1a (referente bonaerense), gestionar\u00e1 la creaci\u00f3n en la ciudad de una Comisar\u00eda de la Mujer y la Familia, seg\u00fan se acord\u00f3 en una reuni\u00f3n que el propio legislador mantuvo d\u00edas atr\u00e1s con el intendente Carlos Selva en\u2026","rel":"","context":"En \u00abPol\u00edtica\u00bb","block_context":{"text":"Pol\u00edtica","link":"https:\/\/www.hoymercedes.com.ar\/principal\/category\/politica\/"},"img":{"alt_text":"Cucho Espa\u00f1a - Mercedes, Buenos Aires","src":"https:\/\/i0.wp.com\/www.hoymercedes.com.ar\/principal\/wp-content\/uploads\/2014\/06\/AlbertoCuchoEspa%C3%B1a.jpg?resize=350%2C200","width":350,"height":200,"srcset":"https:\/\/i0.wp.com\/www.hoymercedes.com.ar\/principal\/wp-content\/uploads\/2014\/06\/AlbertoCuchoEspa%C3%B1a.jpg?resize=350%2C200 1x, https:\/\/i0.wp.com\/www.hoymercedes.com.ar\/principal\/wp-content\/uploads\/2014\/06\/AlbertoCuchoEspa%C3%B1a.jpg?resize=525%2C300 1.5x"},"classes":[]}],"_links":{"self":[{"href":"https:\/\/www.hoymercedes.com.ar\/principal\/wp-json\/wp\/v2\/posts\/37889","targetHints":{"allow":["GET"]}}],"collection":[{"href":"https:\/\/www.hoymercedes.com.ar\/principal\/wp-json\/wp\/v2\/posts"}],"about":[{"href":"https:\/\/www.hoymercedes.com.ar\/principal\/wp-json\/wp\/v2\/types\/post"}],"author":[{"embeddable":true,"href":"https:\/\/www.hoymercedes.com.ar\/principal\/wp-json\/wp\/v2\/users\/1"}],"replies":[{"embeddable":true,"href":"https:\/\/www.hoymercedes.com.ar\/principal\/wp-json\/wp\/v2\/comments?post=37889"}],"version-history":[{"count":0,"href":"https:\/\/www.hoymercedes.com.ar\/principal\/wp-json\/wp\/v2\/posts\/37889\/revisions"}],"wp:attachment":[{"href":"https:\/\/www.hoymercedes.com.ar\/principal\/wp-json\/wp\/v2\/media?parent=37889"}],"wp:term":[{"taxonomy":"category","embeddable":true,"href":"https:\/\/www.hoymercedes.com.ar\/principal\/wp-json\/wp\/v2\/categories?post=37889"},{"taxonomy":"post_tag","embeddable":true,"href":"https:\/\/www.hoymercedes.com.ar\/principal\/wp-json\/wp\/v2\/tags?post=37889"}],"curies":[{"name":"wp","href":"https:\/\/api.w.org\/{rel}","templated":true}]}}