{"id":37898,"date":"2014-11-20T23:21:25","date_gmt":"2014-11-21T02:21:25","guid":{"rendered":"http:\/\/www.hoymercedes.com.ar\/principal\/?p=37898"},"modified":"2014-11-20T23:21:58","modified_gmt":"2014-11-21T02:21:58","slug":"pablo-lopez-sobre-inundaciones-ahora-tambien-nos-encontramos-con-anegamientos-en-otros-barrios","status":"publish","type":"post","link":"https:\/\/www.hoymercedes.com.ar\/principal\/2014\/11\/20\/pablo-lopez-sobre-inundaciones-ahora-tambien-nos-encontramos-con-anegamientos-en-otros-barrios\/","title":{"rendered":"Pablo L\u00f3pez sobre inundaciones: \u201cahora tambi\u00e9n nos encontramos con anegamientos en otros barrios\u201d"},"content":{"rendered":"<p><a href=\"https:\/\/www.hoymercedes.com.ar\/principal\/wp-content\/uploads\/2014\/11\/JuanPabloLopezBaggio-Inundacion-2014.jpg\"><img loading=\"lazy\" decoding=\"async\" data-attachment-id=\"37900\" data-permalink=\"https:\/\/www.hoymercedes.com.ar\/principal\/2014\/11\/20\/pablo-lopez-sobre-inundaciones-ahora-tambien-nos-encontramos-con-anegamientos-en-otros-barrios\/juanpablolopezbaggio-inundacion-2014\/#main\" data-orig-file=\"https:\/\/www.hoymercedes.com.ar\/principal\/wp-content\/uploads\/2014\/11\/JuanPabloLopezBaggio-Inundacion-2014.jpg\" data-orig-size=\"620,411\" data-comments-opened=\"1\" data-image-meta=\"{&quot;aperture&quot;:&quot;0&quot;,&quot;credit&quot;:&quot;Moreira Mario Hugo    FOTOGRAFIA&quot;,&quot;camera&quot;:&quot;&quot;,&quot;caption&quot;:&quot;&quot;,&quot;created_timestamp&quot;:&quot;0&quot;,&quot;copyright&quot;:&quot;AW Fotografia   Moreira Mario Hugo&quot;,&quot;focal_length&quot;:&quot;0&quot;,&quot;iso&quot;:&quot;0&quot;,&quot;shutter_speed&quot;:&quot;0&quot;,&quot;title&quot;:&quot;&quot;,&quot;orientation&quot;:&quot;0&quot;}\" data-image-title=\"JuanPabloLopezBaggio-Inundacion-2014\" data-image-description=\"\" data-image-caption=\"\" data-large-file=\"https:\/\/www.hoymercedes.com.ar\/principal\/wp-content\/uploads\/2014\/11\/JuanPabloLopezBaggio-Inundacion-2014.jpg\" class=\"Img2014 aligncenter wp-image-37900 size-full\" title=\"Juan Pablo L\u00f3pez Baggio\" src=\"https:\/\/www.hoymercedes.com.ar\/principal\/wp-content\/uploads\/2014\/11\/JuanPabloLopezBaggio-Inundacion-2014.jpg\" alt=\"JuanPabloLopezBaggio-Inundacion-2014\" width=\"620\" height=\"411\" \/><\/a><\/p>\n<p>Desde hace varias semanas el concejal del Frente Mercedino y referente de Casa Joven, Juan Pablo L\u00f3pez est\u00e1 recorriendo distintos barrios de la ciudad que han sufrido problem\u00e1ticas, entre ellos Mitre, Villa Industrial Este, Belgrano, Triangulo, y Facundo Quiroga. Vale destacar que algunas de las barriadas se hicieron presentes en la pasada sesi\u00f3n pidiendo ser o\u00eddos por el Cuerpo Deliberativo. Todos ellos concurrieron a la espera de respuestas y proyectos que enfocaran al Departamento Ejecutivo a resolver las cuestiones que hicieron que los vecinos fueran afectados en las \u00faltimas inundaciones.<\/p>\n<p>En este caso, los vecinos le plantearon al edil la ineficiencia de los servicios p\u00fablicos en Mercedes, y conoci\u00f3 cada una de las problem\u00e1ticas: desde calles que denotan abandono, pasando por cunetas tapadas, pastizales en zanjones y canales, entre otros.<\/p>\n<p>\u00abDesde el a\u00f1o 2012, cada vez que se producen fuertes lluvias tenemos que lamentar vecinos afectados por inundaciones. Y ahora tambi\u00e9n nos encontramos con anegamientos en otros barrios que est\u00e1n alejados del r\u00edo Luj\u00e1n, situaciones que entiendo que podr\u00edan haberse evitado si el municipio se ocupar\u00e1 de realizar como corresponde el mantenimiento\u201d, se\u00f1al\u00f3 L\u00f3pez<\/p>\n<p>El edil se encontr\u00f3 con descontento por la ineficiencia de los servicios p\u00fablicos en Mercedes, y conoci\u00f3 cada una de las circunstancias. Adem\u00e1s, indic\u00f3 que muchos mercedinos est\u00e1n realizando sendos reclamos y generando un importante ingreso de expedientes que llegaron a la comisi\u00f3n de Obras P\u00fablicas, la cual preside. Seg\u00fan expres\u00f3 el edil, resulta evidente en la comisi\u00f3n de obras p\u00fablicas, como se han incrementado durante \u00e9ste a\u00f1o los reclamos de servicios en los barrios y en la zona rural, y eso tiene que ver con un Estado Municipal que fue perdiendo la br\u00fajula y hoy se le hace dif\u00edcil encausarse. Muchas presentaciones hacen referencia a problemas de larga data que no han tenido resoluci\u00f3n.<\/p>\n<p>El concejal marc\u00f3 su preocupaci\u00f3n ante la falta de organizaci\u00f3n de parte de las \u00e1reas municipales que tienen a cargo velar por el mantenimiento y buen estado de los distintos puntos del partido, generando una situaci\u00f3n injusta con los trabajadores municipales que son los primeros que ponen la cara con los vecinos.<\/p>\n<p>\u00abCon el cierre del per\u00edodo ordinario las comisiones del Concejo dejan de funcionar, sin embargo me voy a ocupar para que los expedientes de obras p\u00fablicas no descansen durante el verano, y creo que voy a tener la colaboraci\u00f3n del resto de los concejales que actualmente integran la comisi\u00f3n para lograrlo\u00bb. Concluyo.<\/p>\n","protected":false},"excerpt":{"rendered":"<p>Desde hace varias semanas el concejal del Frente Mercedino y referente de Casa Joven, Juan Pablo L\u00f3pez est\u00e1 recorriendo distintos &#8230; <a title=\"Pablo L\u00f3pez sobre inundaciones: \u201cahora tambi\u00e9n nos encontramos con anegamientos en otros barrios\u201d\" class=\"read-more\" href=\"https:\/\/www.hoymercedes.com.ar\/principal\/2014\/11\/20\/pablo-lopez-sobre-inundaciones-ahora-tambien-nos-encontramos-con-anegamientos-en-otros-barrios\/\" aria-label=\"Leer m\u00e1s sobre Pablo L\u00f3pez sobre inundaciones: \u201cahora tambi\u00e9n nos encontramos con anegamientos en otros barrios\u201d\">Leer m\u00e1s<\/a><\/p>\n","protected":false},"author":1,"featured_media":0,"comment_status":"open","ping_status":"open","sticky":false,"template":"","format":"standard","meta":{"_monsterinsights_skip_tracking":false,"_monsterinsights_sitenote_active":false,"_monsterinsights_sitenote_note":"","_monsterinsights_sitenote_category":0,"jetpack_post_was_ever_published":false,"_jetpack_newsletter_access":"","_jetpack_dont_email_post_to_subs":false,"_jetpack_newsletter_tier_id":0,"_jetpack_memberships_contains_paywalled_content":false,"_jetpack_memberships_contains_paid_content":false,"footnotes":"","jetpack_publicize_message":"","jetpack_publicize_feature_enabled":true,"jetpack_social_post_already_shared":false,"jetpack_social_options":{"image_generator_settings":{"template":"highway","default_image_id":0,"font":"","enabled":false},"version":2},"_wpas_customize_per_network":false},"categories":[5],"tags":[6460,4180],"class_list":["post-37898","post","type-post","status-publish","format-standard","hentry","category-politica","tag-frente-mercedino-lopez-baggio","tag-juan-pablo-lopez-baggio","generate-columns","tablet-grid-50","mobile-grid-100","grid-parent","grid-50"],"jetpack_publicize_connections":[],"jetpack_featured_media_url":"","wps_subtitle":"Afirma hubo falta de eficiencia municipal","jetpack_sharing_enabled":true,"jetpack-related-posts":[{"id":124022,"url":"https:\/\/www.hoymercedes.com.ar\/principal\/2021\/01\/29\/lopez-baggio-deja-gabinete-y-va-a-una-direccion-nacional\/","url_meta":{"origin":37898,"position":0},"title":"Lopez Baggio deja Gabinete y va a una Direcci\u00f3n Nacional","author":"hoymercedes","date":"29 enero, 2021","format":false,"excerpt":"Este viernes se confirm\u00f3 que Juan Pablo L\u00f3pez Baggio cambia de \u00e1mbito de gesti\u00f3n. El ahora ex jefe de gabinete de la Municipalidad pasar\u00e1 a ser director nacional en el Ministerio del Interior donde empezar\u00e1 a desempe\u00f1ar funciones a partir de la semana pr\u00f3xima. Seg\u00fan se supo ocupar\u00e1 el cargo\u2026","rel":"","context":"En \u00abPol\u00edtica\u00bb","block_context":{"text":"Pol\u00edtica","link":"https:\/\/www.hoymercedes.com.ar\/principal\/category\/politica\/"},"img":{"alt_text":"","src":"https:\/\/i0.wp.com\/www.hoymercedes.com.ar\/principal\/wp-content\/uploads\/2013\/11\/juanpablolopezbaggio-frentemercedinoparalavictoria.jpg?resize=350%2C200&ssl=1","width":350,"height":200,"srcset":"https:\/\/i0.wp.com\/www.hoymercedes.com.ar\/principal\/wp-content\/uploads\/2013\/11\/juanpablolopezbaggio-frentemercedinoparalavictoria.jpg?resize=350%2C200&ssl=1 1x, https:\/\/i0.wp.com\/www.hoymercedes.com.ar\/principal\/wp-content\/uploads\/2013\/11\/juanpablolopezbaggio-frentemercedinoparalavictoria.jpg?resize=525%2C300&ssl=1 1.5x"},"classes":[]},{"id":107732,"url":"https:\/\/www.hoymercedes.com.ar\/principal\/2020\/03\/16\/juan-pablo-lopez-asume-como-jefe-de-gabinete\/","url_meta":{"origin":37898,"position":1},"title":"Juan Pablo L\u00f3pez asume como Jefe de Gabinete","author":"hoymercedes","date":"16 marzo, 2020","format":false,"excerpt":"En el marco del nuevo escenario mundial por el impacto del coronavirus, y la necesidad de agilizar y fortalecer las pol\u00edticas que se adopten desde los diferentes niveles de gobierno, donde se incorporan nuevos desaf\u00edos de gesti\u00f3n, el ex secretario de gobierno, Dr. Juan Pablo L\u00f3pez Baggio, retomo actividades en\u2026","rel":"","context":"En \u00abPol\u00edtica\u00bb","block_context":{"text":"Pol\u00edtica","link":"https:\/\/www.hoymercedes.com.ar\/principal\/category\/politica\/"},"img":{"alt_text":"","src":"https:\/\/i0.wp.com\/www.hoymercedes.com.ar\/principal\/wp-content\/uploads\/2020\/03\/Ustarroz.LopezBaggio.jpg?resize=350%2C200&ssl=1","width":350,"height":200,"srcset":"https:\/\/i0.wp.com\/www.hoymercedes.com.ar\/principal\/wp-content\/uploads\/2020\/03\/Ustarroz.LopezBaggio.jpg?resize=350%2C200&ssl=1 1x, https:\/\/i0.wp.com\/www.hoymercedes.com.ar\/principal\/wp-content\/uploads\/2020\/03\/Ustarroz.LopezBaggio.jpg?resize=525%2C300&ssl=1 1.5x, https:\/\/i0.wp.com\/www.hoymercedes.com.ar\/principal\/wp-content\/uploads\/2020\/03\/Ustarroz.LopezBaggio.jpg?resize=700%2C400&ssl=1 2x, https:\/\/i0.wp.com\/www.hoymercedes.com.ar\/principal\/wp-content\/uploads\/2020\/03\/Ustarroz.LopezBaggio.jpg?resize=1050%2C600&ssl=1 3x"},"classes":[]},{"id":168645,"url":"https:\/\/www.hoymercedes.com.ar\/principal\/2023\/10\/22\/lopez-baggio-es-un-dia-de-fiesta-espero-que-todos-los-mercedinos-la-vivan-con-mucha-pasion\/","url_meta":{"origin":37898,"position":2},"title":"L\u00f3pez Baggio \u201ces un d\u00eda de fiesta, espero que todos los mercedinos la vivan con mucha pasi\u00f3n\u201d","author":"hoymercedes","date":"22 octubre, 2023","format":false,"excerpt":"El candidato al Palasur Juan Pablo L\u00f3pez Baggio destac\u00f3 a la hora de votar que \u201cestamos transitando el a\u00f1o del 40 aniversario de la recuperaci\u00f3n de la democracia y me parece que no es un dato menor. Que hoy los argentinos podamos seguir eligiendo presidente y vicepresidente de la naci\u00f3n,\u2026","rel":"","context":"En \u00abPol\u00edtica\u00bb","block_context":{"text":"Pol\u00edtica","link":"https:\/\/www.hoymercedes.com.ar\/principal\/category\/politica\/"},"img":{"alt_text":"Juan Pablo L\u00f3pez Baggio","src":"https:\/\/i0.wp.com\/www.hoymercedes.com.ar\/principal\/wp-content\/uploads\/2023\/10\/MHM_5070-scaled.jpg?resize=350%2C200&ssl=1","width":350,"height":200,"srcset":"https:\/\/i0.wp.com\/www.hoymercedes.com.ar\/principal\/wp-content\/uploads\/2023\/10\/MHM_5070-scaled.jpg?resize=350%2C200&ssl=1 1x, https:\/\/i0.wp.com\/www.hoymercedes.com.ar\/principal\/wp-content\/uploads\/2023\/10\/MHM_5070-scaled.jpg?resize=525%2C300&ssl=1 1.5x, https:\/\/i0.wp.com\/www.hoymercedes.com.ar\/principal\/wp-content\/uploads\/2023\/10\/MHM_5070-scaled.jpg?resize=700%2C400&ssl=1 2x, https:\/\/i0.wp.com\/www.hoymercedes.com.ar\/principal\/wp-content\/uploads\/2023\/10\/MHM_5070-scaled.jpg?resize=1050%2C600&ssl=1 3x, https:\/\/i0.wp.com\/www.hoymercedes.com.ar\/principal\/wp-content\/uploads\/2023\/10\/MHM_5070-scaled.jpg?resize=1400%2C800&ssl=1 4x"},"classes":[]},{"id":24458,"url":"https:\/\/www.hoymercedes.com.ar\/principal\/2013\/08\/02\/juan-pablo-lopez-y-el-frente-mercedino-presentes-en-encuentro-de-gestar-con-inasaurralde\/","url_meta":{"origin":37898,"position":3},"title":"Juan Pablo L\u00f3pez y el Frente Mercedino presentes en encuentro de GESTAR con Inasaurralde","author":"hoymercedes","date":"2 agosto, 2013","format":false,"excerpt":"El Frente Mercedino para la Victoria estuvo presente en el \u00faltimo encuentro de GESTAR donde 13 gobernadores se reunieron con un n\u00famero importante de intendente en apoyo a Mart\u00edn Insaurralde, candidato del Frente para la Victoria en la Provincia de Buenos Aires. Juan Pablo L\u00f3pez Baggio, Carlos Garro, Marcos Aguilar,\u2026","rel":"","context":"En \u00abPol\u00edtica\u00bb","block_context":{"text":"Pol\u00edtica","link":"https:\/\/www.hoymercedes.com.ar\/principal\/category\/politica\/"},"img":{"alt_text":"Juan Pablo L\u00f3pez y Mart\u00edn Insaurralde","src":"https:\/\/i0.wp.com\/www.hoymercedes.com.ar\/principal\/wp-content\/uploads\/2013\/08\/Lopez-Insaurralde.jpg?resize=350%2C200","width":350,"height":200,"srcset":"https:\/\/i0.wp.com\/www.hoymercedes.com.ar\/principal\/wp-content\/uploads\/2013\/08\/Lopez-Insaurralde.jpg?resize=350%2C200 1x, https:\/\/i0.wp.com\/www.hoymercedes.com.ar\/principal\/wp-content\/uploads\/2013\/08\/Lopez-Insaurralde.jpg?resize=525%2C300 1.5x"},"classes":[]},{"id":169612,"url":"https:\/\/www.hoymercedes.com.ar\/principal\/2023\/11\/19\/lopez-baggio-destaco-la-importancia-de-elegir-y-vivir-en-democracia\/","url_meta":{"origin":37898,"position":4},"title":"L\u00f3pez Baggio destac\u00f3 la importancia de elegir y vivir en democracia","author":"hoymercedes","date":"19 noviembre, 2023","format":false,"excerpt":"El presidente del PJ local, Juan Pablo L\u00f3pez Baggio, dijo respecto a la elecci\u00f3n que se viv\u00eda \u201cmuy bien, muy contento porque se sigue apostando la democracia, contento porque vamos a estar eligiendo un nuevo presidente a partir del 10 de diciembre y la oportunidad de elegir nunca debe pasar\u2026","rel":"","context":"En \u00abPol\u00edtica\u00bb","block_context":{"text":"Pol\u00edtica","link":"https:\/\/www.hoymercedes.com.ar\/principal\/category\/politica\/"},"img":{"alt_text":"","src":"https:\/\/i0.wp.com\/www.hoymercedes.com.ar\/principal\/wp-content\/uploads\/2023\/11\/JP-LopezBaggio.jpeg?resize=350%2C200&ssl=1","width":350,"height":200,"srcset":"https:\/\/i0.wp.com\/www.hoymercedes.com.ar\/principal\/wp-content\/uploads\/2023\/11\/JP-LopezBaggio.jpeg?resize=350%2C200&ssl=1 1x, https:\/\/i0.wp.com\/www.hoymercedes.com.ar\/principal\/wp-content\/uploads\/2023\/11\/JP-LopezBaggio.jpeg?resize=525%2C300&ssl=1 1.5x, https:\/\/i0.wp.com\/www.hoymercedes.com.ar\/principal\/wp-content\/uploads\/2023\/11\/JP-LopezBaggio.jpeg?resize=700%2C400&ssl=1 2x, https:\/\/i0.wp.com\/www.hoymercedes.com.ar\/principal\/wp-content\/uploads\/2023\/11\/JP-LopezBaggio.jpeg?resize=1050%2C600&ssl=1 3x"},"classes":[]},{"id":165667,"url":"https:\/\/www.hoymercedes.com.ar\/principal\/2023\/08\/13\/lopez-baggio-destaco-la-importancia-de-la-participacion-ciudadana\/","url_meta":{"origin":37898,"position":5},"title":"L\u00f3pez Baggio destac\u00f3 la importancia de la participaci\u00f3n ciudadana","author":"hoymercedes","date":"13 agosto, 2023","format":false,"excerpt":"Juan Pablo L\u00f3pez Baggio, pre candidato al Palasur, expres\u00f3 que \u201cen estas elecciones se ve claramente reflejado el compromiso de un pueblo con la democracia, no solamente por todos los electores que se est\u00e1n acercando a votar y que en la Argentina siempre es un n\u00famero muy importante, de los\u2026","rel":"","context":"En \u00abSociedad\u00bb","block_context":{"text":"Sociedad","link":"https:\/\/www.hoymercedes.com.ar\/principal\/category\/sociedad\/"},"img":{"alt_text":"","src":"https:\/\/i0.wp.com\/www.hoymercedes.com.ar\/principal\/wp-content\/uploads\/2023\/08\/Lopez-Baggio.jpeg?resize=350%2C200&ssl=1","width":350,"height":200,"srcset":"https:\/\/i0.wp.com\/www.hoymercedes.com.ar\/principal\/wp-content\/uploads\/2023\/08\/Lopez-Baggio.jpeg?resize=350%2C200&ssl=1 1x, https:\/\/i0.wp.com\/www.hoymercedes.com.ar\/principal\/wp-content\/uploads\/2023\/08\/Lopez-Baggio.jpeg?resize=525%2C300&ssl=1 1.5x, https:\/\/i0.wp.com\/www.hoymercedes.com.ar\/principal\/wp-content\/uploads\/2023\/08\/Lopez-Baggio.jpeg?resize=700%2C400&ssl=1 2x"},"classes":[]}],"_links":{"self":[{"href":"https:\/\/www.hoymercedes.com.ar\/principal\/wp-json\/wp\/v2\/posts\/37898","targetHints":{"allow":["GET"]}}],"collection":[{"href":"https:\/\/www.hoymercedes.com.ar\/principal\/wp-json\/wp\/v2\/posts"}],"about":[{"href":"https:\/\/www.hoymercedes.com.ar\/principal\/wp-json\/wp\/v2\/types\/post"}],"author":[{"embeddable":true,"href":"https:\/\/www.hoymercedes.com.ar\/principal\/wp-json\/wp\/v2\/users\/1"}],"replies":[{"embeddable":true,"href":"https:\/\/www.hoymercedes.com.ar\/principal\/wp-json\/wp\/v2\/comments?post=37898"}],"version-history":[{"count":0,"href":"https:\/\/www.hoymercedes.com.ar\/principal\/wp-json\/wp\/v2\/posts\/37898\/revisions"}],"wp:attachment":[{"href":"https:\/\/www.hoymercedes.com.ar\/principal\/wp-json\/wp\/v2\/media?parent=37898"}],"wp:term":[{"taxonomy":"category","embeddable":true,"href":"https:\/\/www.hoymercedes.com.ar\/principal\/wp-json\/wp\/v2\/categories?post=37898"},{"taxonomy":"post_tag","embeddable":true,"href":"https:\/\/www.hoymercedes.com.ar\/principal\/wp-json\/wp\/v2\/tags?post=37898"}],"curies":[{"name":"wp","href":"https:\/\/api.w.org\/{rel}","templated":true}]}}