{"id":37902,"date":"2014-11-21T11:46:41","date_gmt":"2014-11-21T14:46:41","guid":{"rendered":"http:\/\/www.hoymercedes.com.ar\/principal\/?p=37902"},"modified":"2014-11-21T12:15:12","modified_gmt":"2014-11-21T15:15:12","slug":"selva-acompano-a-presidente-del-concejo-deliberante-de-campana-en-su-pase-al-fr","status":"publish","type":"post","link":"https:\/\/www.hoymercedes.com.ar\/principal\/2014\/11\/21\/selva-acompano-a-presidente-del-concejo-deliberante-de-campana-en-su-pase-al-fr\/","title":{"rendered":"Selva acompa\u00f1\u00f3 a presidente del Concejo Deliberante de Campana en su pase al FR"},"content":{"rendered":"<p><a href=\"https:\/\/www.hoymercedes.com.ar\/principal\/wp-content\/uploads\/2014\/11\/selva-campana.jpg\"><img loading=\"lazy\" decoding=\"async\" data-attachment-id=\"37903\" data-permalink=\"https:\/\/www.hoymercedes.com.ar\/principal\/2014\/11\/21\/selva-acompano-a-presidente-del-concejo-deliberante-de-campana-en-su-pase-al-fr\/selva-campana\/#main\" data-orig-file=\"https:\/\/www.hoymercedes.com.ar\/principal\/wp-content\/uploads\/2014\/11\/selva-campana.jpg\" data-orig-size=\"620,371\" data-comments-opened=\"1\" data-image-meta=\"{&quot;aperture&quot;:&quot;0&quot;,&quot;credit&quot;:&quot;&quot;,&quot;camera&quot;:&quot;&quot;,&quot;caption&quot;:&quot;&quot;,&quot;created_timestamp&quot;:&quot;0&quot;,&quot;copyright&quot;:&quot;&quot;,&quot;focal_length&quot;:&quot;0&quot;,&quot;iso&quot;:&quot;0&quot;,&quot;shutter_speed&quot;:&quot;0&quot;,&quot;title&quot;:&quot;&quot;,&quot;orientation&quot;:&quot;0&quot;}\" data-image-title=\"selva-campana\" data-image-description=\"\" data-image-caption=\"\" data-large-file=\"https:\/\/www.hoymercedes.com.ar\/principal\/wp-content\/uploads\/2014\/11\/selva-campana.jpg\" class=\"Img2014 aligncenter wp-image-37903 size-full\" title=\"carlos selva - luis ghione\" src=\"https:\/\/www.hoymercedes.com.ar\/principal\/wp-content\/uploads\/2014\/11\/selva-campana.jpg\" alt=\"selva-campana\" width=\"620\" height=\"371\" \/><\/a><\/p>\n<p><strong><i><span lang=\"ES-AR\">El presidente del Concejo Deliberante de Campana, Juan Jos\u00e9 Ghione,\u00a0\u00a0anunci\u00f3 este mi\u00e9rcoles que se suma a las filas del Frente Renovador. La decisi\u00f3n fue dada a conocer en una conferencia de prensa, que cont\u00f3 con el respaldo de los Intendentes Joaqu\u00edn de la Torre (San Miguel) y Carlos Selva (Mercedes), los senadores provinciales Sebasti\u00e1n Galmarini y Fernando Moreira, el diputado provincial Alfredo Antonuccio.<\/span><\/i><\/strong><\/p>\n<p><span lang=\"ES-AR\">Juan Ghione comunic\u00f3 su incorporaci\u00f3n al massismo frente a cientos de vecinos y referentes de la pol\u00edtica local y provincial al expresar: \u201cNosotros hemos tomado una decisi\u00f3n importante y queremos hacerlo como lo hacemos siempre, de cara a la gente. Quer\u00edamos hacerlo de manera cristalina. Hemos tomado la decisi\u00f3n de sumarnos, de participar en el \u00fanico Frente que da la posibilidad de generar cambios, de construir la patria que queremos, la provincia que queremos y la ciudad de Campana con la que todos so\u00f1amos\u201d.<\/span><\/p>\n<p><span lang=\"ES-AR\">\u201cMi compromiso es con el Frente Renovador, mi compromiso es con el trabajo fuerte por la ciudad, mi compromiso es con el compa\u00f1ero Sergio Massa porque queremos trabajar fuertemente para que sea el pr\u00f3ximo Presidente de la Naci\u00f3n\u201d, agreg\u00f3 el presidente del Concejo Deliberante de Campana.<\/span><\/p>\n<p><span lang=\"ES-AR\">Por otra parte, Ghione le baj\u00f3 los decibeles a los comentarios que lo consideran el futuro candidato a Intendente del Frente Renovador porque \u201ceste es un sector que tiene a otros hombres trabajando, que han desarrollando una actividad importante\u201d, y agradeci\u00f3 puntualmente la presencia de Carlos Cazador. Al respecto, afirm\u00f3: \u00abSeguramente, en alg\u00fan momento encontraremos la manera de resolver, si existen voluntades encontradas, de poder dirimirlo con la racionalidad y la construcci\u00f3n que el Frente Renovador se merece\u201d.<\/span><\/p>\n<p><span lang=\"ES-AR\">\u201cVamos a ponerle mucha fuerza, a trabajar fuerte como lo marca Sergio Massa, a estar con la gente, con cada vecino de nuestra ciudad, y poder captar la necesidad de cada uno de ellos y poner en funcionamiento las herramientas para solucionarles los problemas\u201d, cerr\u00f3 Juan Ghione.<\/span><\/p>\n<p><span lang=\"ES-AR\">La bienvenida al Frente Renovador estuvo a cargo del intendente de San Miguel, Joaqu\u00edn De la Torre, quien manifest\u00f3: \u201cPara nosotros este es un gran momento, le queremos agradecer y felicitar a Juan y a todos los compa\u00f1eros que se suman a este espacio porque nos permiten seguir mostr\u00e1ndole a la ciudadan\u00eda que estamos vivos, que crecemos hoy en Campana, ma\u00f1ana en Jujuy y en todos los lugares de la Rep\u00fablica Argentina\u201d.<\/span><\/p>\n<p><span lang=\"ES-AR\">\u201cLa \u00fanica lealtad a la que nos correspondemos es a ese mandato que la gente nos da el d\u00eda que nos elige. Nacimos con esa idea. Nacimos para ponerle un freno a la reelecci\u00f3n indefinida. Y se lo pusimos. Nacimos para ponerle un freno a la reforma de la Constituci\u00f3n. Y se lo pusimos. Nacimos para ponerle un freno al dominio del Poder Ejecutivo sobre el Poder Judicial. Y se lo pusimos. Pero eso no es suficiente. Como es no es suficiente, necesitamos de m\u00e1s Juan Jos\u00e9 Ghione\u201d, continu\u00f3 De la Torre.<\/span><\/p>\n<p><span lang=\"ES-AR\">\u00abEstamos dispuestos a recibir siempre con los brazos abiertos a todos aquellos que tengan una idea com\u00fan de Naci\u00f3n, que est\u00e9n pensando m\u00e1s en la Argentina del futuro que en la Argentina del pasado, esa Argentina que nos ha dividido m\u00e1s de lo que nos ha unido. Por eso nosotros no le pedimos a nadie la c\u00e9dula de identidad; le preguntamos qu\u00e9 quiere de la Argentina que viene. Cuando vemos que hay buena fe, buena voluntad y una idea com\u00fan, estamos contentos de poder sumarlo\u201d, resalt\u00f3.<\/span><\/p>\n<p><span lang=\"ES-AR\">Por \u00faltimo, el Intendente de Mercedes, Carlos Selva, felicit\u00f3 a Ghione y cont\u00f3: \u201cQuiero que sepan que tuve una gran amistad con Jorge Varela y respeto a la Intendente Giroldi, ac\u00e1 no hemos venido a pegarle a nadie ni a criticar, este espacio de caracteriza por generar construcci\u00f3n. Nosotros venimos a apoyar un proyecto pol\u00edtico que nos convence, nos motiva y nos entusiasma. Este proyecto que lidera Sergio Massa nos ha vuelto a permitir volver a tener esperanza, y nos ha demostrado una gran conducci\u00f3n con una gran amplitud\u201d.<\/span><\/p>\n<p><span lang=\"ES-AR\">\u201cHoy el Frente Renovador est\u00e1 haciendo un gran esfuerzo para recuperar la agenda p\u00fablica, olvidada por el actual gobierno. Desde nuestro espacio queremos darles repuestas a todas las problem\u00e1ticas que hoy nos afectan. Debemos recordar que este Frente no s\u00f3lo qued\u00f3 en el triunfo del a\u00f1o pasado, sino que gracias a su conductor avanz\u00f3 buscando darle soluciones a todos los argentinos y formando una plataforma para llevarla como propuesta en las elecciones del 2015\u201d, finaliz\u00f3 el Intendente Selva.<\/span><\/p>\n<p><span lang=\"ES-AR\">Tambi\u00e9n estuvieron presentes los Presidentes del bloque de concejales de Z\u00e1rate, Jorge Blanco, y de Escobar, Elio Miranda, junto a sus compa\u00f1eros de bancada; el concejal de Acci\u00f3n Comunal Primero Campana &#8211; Frente Renovador, Carlos Cazador; el Secretario General del Sindicato de Comercio de Campana, Luis Juarez; el referente del Sindicato Luz y Fuerza, Carlos Cornejo, entre otros representantes de la pol\u00edtica local.<\/span><\/p>\n<p>&nbsp;<\/p>\n<p>&nbsp;<\/p>\n","protected":false},"excerpt":{"rendered":"<p>El presidente del Concejo Deliberante de Campana, Juan Jos\u00e9 Ghione,\u00a0\u00a0anunci\u00f3 este mi\u00e9rcoles que se suma a las filas del Frente &#8230; <a title=\"Selva acompa\u00f1\u00f3 a presidente del Concejo Deliberante de Campana en su pase al FR\" class=\"read-more\" href=\"https:\/\/www.hoymercedes.com.ar\/principal\/2014\/11\/21\/selva-acompano-a-presidente-del-concejo-deliberante-de-campana-en-su-pase-al-fr\/\" aria-label=\"Leer m\u00e1s sobre Selva acompa\u00f1\u00f3 a presidente del Concejo Deliberante de Campana en su pase al FR\">Leer m\u00e1s<\/a><\/p>\n","protected":false},"author":1,"featured_media":0,"comment_status":"open","ping_status":"open","sticky":false,"template":"","format":"standard","meta":{"_monsterinsights_skip_tracking":false,"_monsterinsights_sitenote_active":false,"_monsterinsights_sitenote_note":"","_monsterinsights_sitenote_category":0,"jetpack_post_was_ever_published":false,"_jetpack_newsletter_access":"","_jetpack_dont_email_post_to_subs":false,"_jetpack_newsletter_tier_id":0,"_jetpack_memberships_contains_paywalled_content":false,"_jetpack_memberships_contains_paid_content":false,"footnotes":"","jetpack_publicize_message":"","jetpack_publicize_feature_enabled":true,"jetpack_social_post_already_shared":false,"jetpack_social_options":{"image_generator_settings":{"template":"highway","default_image_id":0,"font":"","enabled":false},"version":2},"_wpas_customize_per_network":false},"categories":[5],"tags":[39,4212],"class_list":["post-37902","post","type-post","status-publish","format-standard","hentry","category-politica","tag-carlos-selva","tag-luis-ghione","generate-columns","tablet-grid-50","mobile-grid-100","grid-parent","grid-50"],"jetpack_publicize_connections":[],"jetpack_featured_media_url":"","wps_subtitle":"En Campana, armado provincial","jetpack_sharing_enabled":true,"jetpack-related-posts":[{"id":26643,"url":"https:\/\/www.hoymercedes.com.ar\/principal\/2013\/10\/16\/selva-convocado-al-concejo-deliberante-para-comentar-diversos-temas\/","url_meta":{"origin":37902,"position":0},"title":"Selv\u00e1 convocado al Concejo Deliberante para comentar diversos temas","author":"hoymercedes","date":"16 octubre, 2013","format":false,"excerpt":"Tras la \u00faltima sesi\u00f3n del Concejo Deliberante previa a las elecciones del 27 de octubre se lleg\u00f3, tras un pedido de In\u00e9s Ghione, a un acuerdo para que el intendente Carlos Selva asista al recinto del Concejo Deliberante a comentar diversos asuntos de la realidad local. Citar\u00e1n tambi\u00e9n a Salomone\u2026","rel":"","context":"En \u00abSociedad\u00bb","block_context":{"text":"Sociedad","link":"https:\/\/www.hoymercedes.com.ar\/principal\/category\/sociedad\/"},"img":{"alt_text":"concejodeliberantemercedes","src":"https:\/\/i0.wp.com\/www.hoymercedes.com.ar\/principal\/wp-content\/uploads\/2013\/10\/concejodeliberantemercedes.jpg?resize=350%2C200","width":350,"height":200,"srcset":"https:\/\/i0.wp.com\/www.hoymercedes.com.ar\/principal\/wp-content\/uploads\/2013\/10\/concejodeliberantemercedes.jpg?resize=350%2C200 1x, https:\/\/i0.wp.com\/www.hoymercedes.com.ar\/principal\/wp-content\/uploads\/2013\/10\/concejodeliberantemercedes.jpg?resize=525%2C300 1.5x"},"classes":[]},{"id":30372,"url":"https:\/\/www.hoymercedes.com.ar\/principal\/2014\/02\/27\/renuncio-el-intendente-de-san-andres-de-giles-luis-ghione\/","url_meta":{"origin":37902,"position":1},"title":"Renunci\u00f3 el intendente de San Andr\u00e9s de Giles Lu\u00eds Ghione","author":"hoymercedes","date":"27 febrero, 2014","format":false,"excerpt":"El intendente de San Andr\u00e9s de Giles, un hombre conocido por todos los mercedinos, present\u00f3 su renuncia y fue aceptada por el Concejo Deliberante. Lu\u00eds Ghione era intendente desde 2003 por el Frente para la Victoria. Recientemente se hab\u00eda pasado al Frente Renovador. M\u00faltiples veces vino a Mercedes y se\u2026","rel":"","context":"En \u00abPol\u00edtica\u00bb","block_context":{"text":"Pol\u00edtica","link":"https:\/\/www.hoymercedes.com.ar\/principal\/category\/politica\/"},"img":{"alt_text":"luisghione","src":"https:\/\/i0.wp.com\/www.hoymercedes.com.ar\/principal\/wp-content\/uploads\/2014\/02\/luisghione.jpg?resize=350%2C200","width":350,"height":200,"srcset":"https:\/\/i0.wp.com\/www.hoymercedes.com.ar\/principal\/wp-content\/uploads\/2014\/02\/luisghione.jpg?resize=350%2C200 1x, https:\/\/i0.wp.com\/www.hoymercedes.com.ar\/principal\/wp-content\/uploads\/2014\/02\/luisghione.jpg?resize=525%2C300 1.5x"},"classes":[]},{"id":193652,"url":"https:\/\/www.hoymercedes.com.ar\/principal\/2026\/03\/25\/ghione-reivindico-la-creacion-de-la-comision-por-la-memoria-a-50-anos-del-golpe\/","url_meta":{"origin":37902,"position":2},"title":"Ghione reivindic\u00f3 la creaci\u00f3n de la Comisi\u00f3n por la Memoria a 50 a\u00f1os del golpe","author":"hoymercedes","date":"25 marzo, 2026","format":false,"excerpt":"La exconcejal radical In\u00e9s Ghione destac\u00f3 la creaci\u00f3n de la Comisi\u00f3n Municipal por la Memoria de Mercedes, al cumplirse 50 a\u00f1os del golpe de Estado de 1976, poniendo en valor su origen y funcionamiento. Record\u00f3 que el organismo fue impulsado en 2004 mediante una ordenanza, tras un proceso de consenso\u2026","rel":"","context":"En \u00abPol\u00edtica\u00bb","block_context":{"text":"Pol\u00edtica","link":"https:\/\/www.hoymercedes.com.ar\/principal\/category\/politica\/"},"img":{"alt_text":"","src":"https:\/\/i0.wp.com\/www.hoymercedes.com.ar\/principal\/wp-content\/uploads\/2026\/03\/image-91.png?resize=350%2C200&ssl=1","width":350,"height":200,"srcset":"https:\/\/i0.wp.com\/www.hoymercedes.com.ar\/principal\/wp-content\/uploads\/2026\/03\/image-91.png?resize=350%2C200&ssl=1 1x, https:\/\/i0.wp.com\/www.hoymercedes.com.ar\/principal\/wp-content\/uploads\/2026\/03\/image-91.png?resize=525%2C300&ssl=1 1.5x, https:\/\/i0.wp.com\/www.hoymercedes.com.ar\/principal\/wp-content\/uploads\/2026\/03\/image-91.png?resize=700%2C400&ssl=1 2x"},"classes":[]},{"id":187603,"url":"https:\/\/www.hoymercedes.com.ar\/principal\/2025\/09\/07\/ghione-me-encanta-la-politica-me-apasiona-la-democracia-es-un-dia-democratico\/","url_meta":{"origin":37902,"position":3},"title":"Ghione: \u00abMe encanta la pol\u00edtica, me apasiona la democracia, es un d\u00eda democr\u00e1tico\u00bb","author":"hoymercedes","date":"7 septiembre, 2025","format":false,"excerpt":"Pasado el mediod\u00eda, las elecciones legislativas bonaerenses continuaban. En la Primaria N\u00b0 10, la candidata a Concejal de Mercedes por el espacio Somos Buenos Aires, In\u00e9s Ghione, vot\u00f3 este domingo, luego de hacer la fila en la vereda para ingresar a votar en la mesa correspondiente. En di\u00e1logo con este\u2026","rel":"","context":"En \u00abElecciones 2025\u00bb","block_context":{"text":"Elecciones 2025","link":"https:\/\/www.hoymercedes.com.ar\/principal\/category\/elecciones-2025\/"},"img":{"alt_text":"","src":"https:\/\/i0.wp.com\/www.hoymercedes.com.ar\/principal\/wp-content\/uploads\/2025\/09\/WhatsApp-Image-2025-09-07-at-12.57.51.jpg?resize=350%2C200&ssl=1","width":350,"height":200,"srcset":"https:\/\/i0.wp.com\/www.hoymercedes.com.ar\/principal\/wp-content\/uploads\/2025\/09\/WhatsApp-Image-2025-09-07-at-12.57.51.jpg?resize=350%2C200&ssl=1 1x, https:\/\/i0.wp.com\/www.hoymercedes.com.ar\/principal\/wp-content\/uploads\/2025\/09\/WhatsApp-Image-2025-09-07-at-12.57.51.jpg?resize=525%2C300&ssl=1 1.5x, https:\/\/i0.wp.com\/www.hoymercedes.com.ar\/principal\/wp-content\/uploads\/2025\/09\/WhatsApp-Image-2025-09-07-at-12.57.51.jpg?resize=700%2C400&ssl=1 2x"},"classes":[]},{"id":19448,"url":"https:\/\/www.hoymercedes.com.ar\/principal\/2013\/01\/16\/cestari-presidente-del-concejo-deliberante\/","url_meta":{"origin":37902,"position":4},"title":"Cestari presidente del Concejo Deliberante","author":"hoymercedes","date":"16 enero, 2013","format":false,"excerpt":"El Concejal Jos\u00e9 Cestar\u00ed ser\u00e1 el Presidente del Concejo Deliberante en la sesi\u00f3n que este mi\u00e9rcoles buscar\u00e1 tratar el veto del intendente a la forma de contemplar la antig\u00fcedad de los agentes municipales. Tal situaci\u00f3n se genera a partir de que Selva se encuentra de vacaciones ante lo cual Marcelo\u2026","rel":"","context":"En \u00abPol\u00edtica\u00bb","block_context":{"text":"Pol\u00edtica","link":"https:\/\/www.hoymercedes.com.ar\/principal\/category\/politica\/"},"img":{"alt_text":"","src":"","width":0,"height":0},"classes":[]},{"id":26965,"url":"https:\/\/www.hoymercedes.com.ar\/principal\/2013\/10\/28\/elecciones-graficos-porcentajes-ingresos-y-salidas\/","url_meta":{"origin":37902,"position":5},"title":"Elecciones: Gr\u00e1ficos, porcentajes, ingresos y salidas","author":"hoymercedes","date":"28 octubre, 2013","format":false,"excerpt":"Las elecciones de \u00e9ste domingo marcaron algunas modificaciones en la composici\u00f3n del Concejo Deliberante. Hay ingresos y salidas que permitir\u00e1n una nueva expresi\u00f3n de fuerzas achicando en tres las expresiones pol\u00edticas que se manifestar\u00e1n en el cuerpo. HoyMercedes te deja en gr\u00e1ficos los principales datos de las elecciones vividas. \u00a0\u2026","rel":"","context":"En \u00abPol\u00edtica\u00bb","block_context":{"text":"Pol\u00edtica","link":"https:\/\/www.hoymercedes.com.ar\/principal\/category\/politica\/"},"img":{"alt_text":"IngresosConcejoDeliberante","src":"https:\/\/i0.wp.com\/www.hoymercedes.com.ar\/principal\/wp-content\/uploads\/2013\/10\/IngresosConcejoDeliberante.png?resize=350%2C200","width":350,"height":200,"srcset":"https:\/\/i0.wp.com\/www.hoymercedes.com.ar\/principal\/wp-content\/uploads\/2013\/10\/IngresosConcejoDeliberante.png?resize=350%2C200 1x, https:\/\/i0.wp.com\/www.hoymercedes.com.ar\/principal\/wp-content\/uploads\/2013\/10\/IngresosConcejoDeliberante.png?resize=525%2C300 1.5x"},"classes":[]}],"_links":{"self":[{"href":"https:\/\/www.hoymercedes.com.ar\/principal\/wp-json\/wp\/v2\/posts\/37902","targetHints":{"allow":["GET"]}}],"collection":[{"href":"https:\/\/www.hoymercedes.com.ar\/principal\/wp-json\/wp\/v2\/posts"}],"about":[{"href":"https:\/\/www.hoymercedes.com.ar\/principal\/wp-json\/wp\/v2\/types\/post"}],"author":[{"embeddable":true,"href":"https:\/\/www.hoymercedes.com.ar\/principal\/wp-json\/wp\/v2\/users\/1"}],"replies":[{"embeddable":true,"href":"https:\/\/www.hoymercedes.com.ar\/principal\/wp-json\/wp\/v2\/comments?post=37902"}],"version-history":[{"count":0,"href":"https:\/\/www.hoymercedes.com.ar\/principal\/wp-json\/wp\/v2\/posts\/37902\/revisions"}],"wp:attachment":[{"href":"https:\/\/www.hoymercedes.com.ar\/principal\/wp-json\/wp\/v2\/media?parent=37902"}],"wp:term":[{"taxonomy":"category","embeddable":true,"href":"https:\/\/www.hoymercedes.com.ar\/principal\/wp-json\/wp\/v2\/categories?post=37902"},{"taxonomy":"post_tag","embeddable":true,"href":"https:\/\/www.hoymercedes.com.ar\/principal\/wp-json\/wp\/v2\/tags?post=37902"}],"curies":[{"name":"wp","href":"https:\/\/api.w.org\/{rel}","templated":true}]}}