{"id":37906,"date":"2014-11-21T19:06:43","date_gmt":"2014-11-21T22:06:43","guid":{"rendered":"http:\/\/www.hoymercedes.com.ar\/principal\/?p=37906"},"modified":"2014-11-23T13:13:56","modified_gmt":"2014-11-23T16:13:56","slug":"especialista-del-conicer-en-mercedes-brindo-charla-sobre-biodiversidad","status":"publish","type":"post","link":"https:\/\/www.hoymercedes.com.ar\/principal\/2014\/11\/21\/especialista-del-conicer-en-mercedes-brindo-charla-sobre-biodiversidad\/","title":{"rendered":"Especialista del Conicet en Mercedes brind\u00f3 charla sobre biodiversidad"},"content":{"rendered":"<p><a href=\"https:\/\/www.hoymercedes.com.ar\/principal\/wp-content\/uploads\/2014\/11\/Capozzo.ConicetDSCN9404.jpg\"><img loading=\"lazy\" decoding=\"async\" data-attachment-id=\"37907\" data-permalink=\"https:\/\/www.hoymercedes.com.ar\/principal\/2014\/11\/21\/especialista-del-conicer-en-mercedes-brindo-charla-sobre-biodiversidad\/capozzo-conicetdscn9404\/#main\" data-orig-file=\"https:\/\/www.hoymercedes.com.ar\/principal\/wp-content\/uploads\/2014\/11\/Capozzo.ConicetDSCN9404.jpg\" data-orig-size=\"620,465\" data-comments-opened=\"1\" data-image-meta=\"{&quot;aperture&quot;:&quot;3.1&quot;,&quot;credit&quot;:&quot;&quot;,&quot;camera&quot;:&quot;COOLPIX L310&quot;,&quot;caption&quot;:&quot;&quot;,&quot;created_timestamp&quot;:&quot;1416680927&quot;,&quot;copyright&quot;:&quot;&quot;,&quot;focal_length&quot;:&quot;4.5&quot;,&quot;iso&quot;:&quot;400&quot;,&quot;shutter_speed&quot;:&quot;0.0333333333333&quot;,&quot;title&quot;:&quot;&quot;,&quot;orientation&quot;:&quot;0&quot;}\" data-image-title=\"Capozzo.ConicetDSCN9404\" data-image-description=\"\" data-image-caption=\"\" data-large-file=\"https:\/\/www.hoymercedes.com.ar\/principal\/wp-content\/uploads\/2014\/11\/Capozzo.ConicetDSCN9404.jpg\" class=\"Img2014 aligncenter wp-image-37907 size-full\" title=\"luis capozzo, bi\u00f3logo marino en mercedes, conicer, vocar\" src=\"https:\/\/www.hoymercedes.com.ar\/principal\/wp-content\/uploads\/2014\/11\/Capozzo.ConicetDSCN9404.jpg\" alt=\"Capozzo.ConicetDSCN9404\" width=\"620\" height=\"465\" \/><\/a><\/p>\n<p><em><strong>Durante la tarde de este viernes el Concejo Deliberante se convirti\u00f3 en un espacio educativo y de difusi\u00f3n cient\u00edfica con la presencia de Lu\u00eds Capozzo, quien es bi\u00f3logo marino y detall\u00f3 a todo el auditorio presente la importancia de las tareas cient\u00edficas a la hora de proteger la vida humana.<\/strong><\/em><\/p>\n<p>Luis Capozzo estuvo acompa\u00f1ado por el presidente del bloque de concejales del Frente Mercedinio, Juan Ignacio Ustarroz como as\u00ed tambi\u00e9n otros miembros del bloque.<\/p>\n<p>Los presentes pudieron o\u00edr desde una mirada acad\u00e9mica y cient\u00edfica, pero con un claro perfil de docencia y difusi\u00f3n, sosteniendo el nivel y la importancia en los contenidos como existe una diversidad en el \u00e1mbito marino que impacta directa e indirectamente en la vida de todos los seres humanos, contando realidades de los mares del mundo y cerrando en nuestra plataforma mar\u00edtima. Ejemplos claros que ilustraron la importancia de proteger nuestra biodiversidad, como cuando narr\u00f3 que la mayor mortandad de ballenas en el sur argentino durante 2009 a 2011 impact\u00f3 en la vida bajo el agua, pero, tambi\u00e9n en la terrestre, donde, por ejemplo, el turismo se vio disminuido por la clara escases del atractivo de visualizaci\u00f3n que visitantes de todo el mundo realizan. Tal narraci\u00f3n lo hizo desde la ciencia, sin dejar de mostrar los impactos sociales.<\/p>\n<p><a href=\"https:\/\/www.hoymercedes.com.ar\/principal\/wp-content\/uploads\/2014\/11\/Capozzo.ConicetDSCN9401.jpg\"><img loading=\"lazy\" decoding=\"async\" data-attachment-id=\"37908\" data-permalink=\"https:\/\/www.hoymercedes.com.ar\/principal\/2014\/11\/21\/especialista-del-conicer-en-mercedes-brindo-charla-sobre-biodiversidad\/capozzo-conicetdscn9401\/#main\" data-orig-file=\"https:\/\/www.hoymercedes.com.ar\/principal\/wp-content\/uploads\/2014\/11\/Capozzo.ConicetDSCN9401.jpg\" data-orig-size=\"620,465\" data-comments-opened=\"1\" data-image-meta=\"{&quot;aperture&quot;:&quot;3.2&quot;,&quot;credit&quot;:&quot;&quot;,&quot;camera&quot;:&quot;COOLPIX L310&quot;,&quot;caption&quot;:&quot;&quot;,&quot;created_timestamp&quot;:&quot;1416680875&quot;,&quot;copyright&quot;:&quot;&quot;,&quot;focal_length&quot;:&quot;5.6&quot;,&quot;iso&quot;:&quot;400&quot;,&quot;shutter_speed&quot;:&quot;0.0333333333333&quot;,&quot;title&quot;:&quot;&quot;,&quot;orientation&quot;:&quot;0&quot;}\" data-image-title=\"Capozzo.ConicetDSCN9401\" data-image-description=\"\" data-image-caption=\"\" data-large-file=\"https:\/\/www.hoymercedes.com.ar\/principal\/wp-content\/uploads\/2014\/11\/Capozzo.ConicetDSCN9401.jpg\" class=\"Img2014 aligncenter wp-image-37908 size-full\" title=\"luis capozzo, juan ustarroz\" src=\"https:\/\/www.hoymercedes.com.ar\/principal\/wp-content\/uploads\/2014\/11\/Capozzo.ConicetDSCN9401.jpg\" alt=\"Capozzo.ConicetDSCN9401\" width=\"620\" height=\"465\" \/><\/a><\/p>\n<p>\u201cEl Programa de Promoci\u00f3n de Vocaciones Cient\u00edficas (VocAr) del Consejo Nacional de Investigaciones Cient\u00edficas y T\u00e9cnicas (CONICET) tiene como fin promover la democratizaci\u00f3n del conocimiento para generar igualdad de oportunidades y despertar la vocaci\u00f3n cient\u00edfica y el entusiasmo de los j\u00f3venes. Es federal, inclusivo y apunta a fomentar y desarrollar la ciencia, la tecnolog\u00eda y la innovaci\u00f3n con inclusi\u00f3n social.\u201d, explican desde el Conicet, respecto al programa que visit\u00f3 la ciudad.<\/p>\n<p>Por su parte se expres\u00f3 desde e Frente Mercedino, con Ustarroz presente, los \u201cbeneficios\u201d de la \u201cdifusi\u00f3n de la tarea cient\u00edfica de excelencia que hay en Argentina\u201d, sobre todo en un momento del pa\u00eds en que \u201cmuchos han elegido volver y contribuir al crecimiento nacional\u201d gracias al aporte del Estado Nacional para que en casa sientan el calor humano que nos caracteriza, pero, tambi\u00e9n con toda la inversi\u00f3n en educaci\u00f3n que se expande a\u00f1o a a\u00f1o desde el 2003.<\/p>\n","protected":false},"excerpt":{"rendered":"<p>Durante la tarde de este viernes el Concejo Deliberante se convirti\u00f3 en un espacio educativo y de difusi\u00f3n cient\u00edfica con &#8230; <a title=\"Especialista del Conicet en Mercedes brind\u00f3 charla sobre biodiversidad\" class=\"read-more\" href=\"https:\/\/www.hoymercedes.com.ar\/principal\/2014\/11\/21\/especialista-del-conicer-en-mercedes-brindo-charla-sobre-biodiversidad\/\" aria-label=\"Leer m\u00e1s sobre Especialista del Conicet en Mercedes brind\u00f3 charla sobre biodiversidad\">Leer m\u00e1s<\/a><\/p>\n","protected":false},"author":1,"featured_media":0,"comment_status":"open","ping_status":"open","sticky":false,"template":"","format":"standard","meta":{"_monsterinsights_skip_tracking":false,"_monsterinsights_sitenote_active":false,"_monsterinsights_sitenote_note":"","_monsterinsights_sitenote_category":0,"jetpack_post_was_ever_published":false,"_jetpack_newsletter_access":"","_jetpack_dont_email_post_to_subs":false,"_jetpack_newsletter_tier_id":0,"_jetpack_memberships_contains_paywalled_content":false,"_jetpack_memberships_contains_paid_content":false,"footnotes":"","jetpack_publicize_message":"","jetpack_publicize_feature_enabled":true,"jetpack_social_post_already_shared":false,"jetpack_social_options":{"image_generator_settings":{"template":"highway","default_image_id":0,"font":"","enabled":false},"version":2},"_wpas_customize_per_network":false},"categories":[8],"tags":[585,6462,6461],"class_list":["post-37906","post","type-post","status-publish","format-standard","hentry","category-sociedad","tag-juan-ustarroz","tag-luis-capozzo","tag-vocar-conicet","generate-columns","tablet-grid-50","mobile-grid-100","grid-parent","grid-50"],"jetpack_publicize_connections":[],"jetpack_featured_media_url":"","wps_subtitle":"Ciencia, educaci\u00f3n y conocimiento","jetpack_sharing_enabled":true,"_links":{"self":[{"href":"https:\/\/www.hoymercedes.com.ar\/principal\/wp-json\/wp\/v2\/posts\/37906","targetHints":{"allow":["GET"]}}],"collection":[{"href":"https:\/\/www.hoymercedes.com.ar\/principal\/wp-json\/wp\/v2\/posts"}],"about":[{"href":"https:\/\/www.hoymercedes.com.ar\/principal\/wp-json\/wp\/v2\/types\/post"}],"author":[{"embeddable":true,"href":"https:\/\/www.hoymercedes.com.ar\/principal\/wp-json\/wp\/v2\/users\/1"}],"replies":[{"embeddable":true,"href":"https:\/\/www.hoymercedes.com.ar\/principal\/wp-json\/wp\/v2\/comments?post=37906"}],"version-history":[{"count":0,"href":"https:\/\/www.hoymercedes.com.ar\/principal\/wp-json\/wp\/v2\/posts\/37906\/revisions"}],"wp:attachment":[{"href":"https:\/\/www.hoymercedes.com.ar\/principal\/wp-json\/wp\/v2\/media?parent=37906"}],"wp:term":[{"taxonomy":"category","embeddable":true,"href":"https:\/\/www.hoymercedes.com.ar\/principal\/wp-json\/wp\/v2\/categories?post=37906"},{"taxonomy":"post_tag","embeddable":true,"href":"https:\/\/www.hoymercedes.com.ar\/principal\/wp-json\/wp\/v2\/tags?post=37906"}],"curies":[{"name":"wp","href":"https:\/\/api.w.org\/{rel}","templated":true}]}}