{"id":37914,"date":"2014-11-22T19:39:41","date_gmt":"2014-11-22T22:39:41","guid":{"rendered":"http:\/\/www.hoymercedes.com.ar\/principal\/?p=37914"},"modified":"2014-11-22T19:40:12","modified_gmt":"2014-11-22T22:40:12","slug":"uribarri-gobernador-de-entre-rios-en-la-camara-economica-brindo-una-charla","status":"publish","type":"post","link":"https:\/\/www.hoymercedes.com.ar\/principal\/2014\/11\/22\/uribarri-gobernador-de-entre-rios-en-la-camara-economica-brindo-una-charla\/","title":{"rendered":"Uribarri, gobernador de Entre R\u00edos, en la C\u00e1mara Econ\u00f3mica brind\u00f3 una charla"},"content":{"rendered":"<p><span style=\"text-decoration: underline;\"><a href=\"https:\/\/www.hoymercedes.com.ar\/principal\/wp-content\/uploads\/2014\/11\/uribarry-mercedes-wado.jpg\"><img loading=\"lazy\" decoding=\"async\" data-attachment-id=\"37915\" data-permalink=\"https:\/\/www.hoymercedes.com.ar\/principal\/2014\/11\/22\/uribarri-gobernador-de-entre-rios-en-la-camara-economica-brindo-una-charla\/uribarry-mercedes-wado\/#main\" data-orig-file=\"https:\/\/www.hoymercedes.com.ar\/principal\/wp-content\/uploads\/2014\/11\/uribarry-mercedes-wado.jpg\" data-orig-size=\"620,412\" data-comments-opened=\"1\" data-image-meta=\"{&quot;aperture&quot;:&quot;0&quot;,&quot;credit&quot;:&quot;Moreira Mario Hugo&quot;,&quot;camera&quot;:&quot;&quot;,&quot;caption&quot;:&quot;&quot;,&quot;created_timestamp&quot;:&quot;0&quot;,&quot;copyright&quot;:&quot;Moreira Mario Hugo&quot;,&quot;focal_length&quot;:&quot;0&quot;,&quot;iso&quot;:&quot;0&quot;,&quot;shutter_speed&quot;:&quot;0&quot;,&quot;title&quot;:&quot;&quot;,&quot;orientation&quot;:&quot;0&quot;}\" data-image-title=\"uribarry-mercedes-wado\" data-image-description=\"\" data-image-caption=\"\" data-large-file=\"https:\/\/www.hoymercedes.com.ar\/principal\/wp-content\/uploads\/2014\/11\/uribarry-mercedes-wado.jpg\" class=\"Img2014 aligncenter wp-image-37915 size-full\" title=\"wado de pedro, juan ustarroz, sergio uribarry \" src=\"https:\/\/www.hoymercedes.com.ar\/principal\/wp-content\/uploads\/2014\/11\/uribarry-mercedes-wado.jpg\" alt=\"uribarry-mercedes-wado\" width=\"620\" height=\"412\" \/><\/a><\/span><\/p>\n<p>El gobernador de Entre R\u00edos, Sergio \u201cPato\u201d Urribarri, dio detalles sobre el \u00e9xito del modelo productivo de su provincia en una nutrida conferencia ofrecida el viernes por la noche en la C\u00e1mara Econ\u00f3mica de nuestra ciudad, a la que lleg\u00f3 invitado por el diputado nacional Eduardo de Pedro, el legislador bonaerense Alberto Espa\u00f1a y el presidente del bloque de concejales del Frente Mercedino para la Victoria, Juan Ignacio Ustarroz.<\/p>\n<p>Fue justamente Juani Ustarroz el que brind\u00f3 las palabras de bienvenida y dijo: \u201cPara nosotros es un placer y un orgullo contar la presencia de un gobernador que, en Entre R\u00edos, ha desarrollado los ideales por los que nosotros bregamos para Mercedes\u201d.<\/p>\n<p>\u201cEl \u2018Pato\u2019 Urribarri ha llevado adelante una transformaci\u00f3n notoria en su provincia, con la articulaci\u00f3n entre el campo, la industria y la ciencia, entre lo p\u00fablico y lo privado, para potenciar su desarrollo productivo. Eso es lo que viene a compartir con nosotros y es una oportunidad para aprovechar, para aprender, para intercambiar experiencias con todos los vecinos de nuestra ciudad \u2013agreg\u00f3-. Agradecemos su visita y agradecemos tambi\u00e9n la hospitalidad habitual de la C\u00e1mara Econ\u00f3mica para recibirnos\u201d.<\/p>\n<p>Acompa\u00f1ado en la mesa por Ustarroz, De Pedro y Espa\u00f1a, a quienes les dio las gracias por la invitaci\u00f3n, Urribarri (quien confirm\u00f3 su pre-candidatura a presidente por el Frente para la Victoria para las PASO del a\u00f1o pr\u00f3ximo) hizo un repaso de su gesti\u00f3n, en la que lleva siete a\u00f1os: tras ganar las elecciones en 2007, fue reelecto en 2011 con casi el 56 por ciento de los votos, una cifra que se convirti\u00f3 en r\u00e9cord hist\u00f3rico para la provincia.<\/p>\n<p>\u201cEntre R\u00edos era una provincia marginal, en el lote \u00faltimo desde el punto de vista econ\u00f3mico, y nosotros logramos transformarla analizando las distintas variables y siempre sosteni\u00e9ndonos en su enorme potencial y la cantidad de materias productivas \u2013se\u00f1al\u00f3-. En ese sentido, lo primero que vimos fue la modesta intervenci\u00f3n del empleo privado en la matriz productiva, y eso fue lo primero que buscamos modificar\u201d.<\/p>\n<p>As\u00ed, el gobernador cont\u00f3 que \u201cen 2007, cuando llegamos al gobierno, C\u00f3rdoba ten\u00eda un 70 por ciento m\u00e1s y Santa Fe un 50 por ciento m\u00e1s de empleo privado que Entre R\u00edos. Y para dar un n\u00famero que sintetiza nuestro trabajo, entre 2013 y 2014 el empleo privado en nuestra provincia creci\u00f3 el doble respecto de estas dos mismas provincias\u201d.<\/p>\n<p>Para Urribarri, \u201cfue fundamental la llegada de recursos del gobierno nacional y la tarea que hicimos con nuestros equipos para identificar los objetivos a los que apuntar, porque Entre R\u00edos es una provincia sin hidrocarburos, sin miner\u00eda. As\u00ed identificamos como la meta m\u00e1s importante la incorporaci\u00f3n de valor agregado a la materia prima del gran complejo alimentario que tenemos, que se iba afuera. Hoy podemos mostrar un crecimiento en todos los niveles y la generaci\u00f3n de recursos propios que, por ejemplo, este a\u00f1o nos permiti\u00f3 invertir 650 millones en caminos rurales y las rutas provinciales\u201d.<\/p>\n<p>\u201cCuando los empresarios advierten que desde el Estado promueve se vuelcan los recursos en la matriz productiva, acompa\u00f1an con su inversi\u00f3n \u2013agreg\u00f3-. Y tambi\u00e9n crecen los emprendedores. En Entre R\u00edos el 96 por ciento de las empresas son PYME; y de ese 96 por ciento, el 80 por ciento son empresas familiares de segunda o tercera generaci\u00f3n\u201d.<\/p>\n<p>Como ejemplos del \u00e9xito, el gobernador cit\u00f3 la industria av\u00edcola, \u201ccon 220 millones de aves en 2007 a las 339 millones de la actualidad\u201d; la elaboraci\u00f3n de \u201cc\u00edtricos dulces, de los que somos los primeros productores del pa\u00eds, y los segundos productores de arroz\u201d; y la industria farmac\u00e9utica, con la radicaci\u00f3n de 19 laboratorios.<\/p>\n<p>\u201cTodav\u00eda falta \u2013relat\u00f3-, porque de aquella \u00e9poca de marginalidad quedan alrededor de un mill\u00f3n de entrerrianos entre el Gran Buenos Aires y el Gran Rosario, expulsados por la falta de oportunidades. Pero este trabajo en equipo que venimos realizando nos permiti\u00f3 dar much\u00edsimos pasos adelante, y si hablo de trabajo en equipo es porque hay que terminar con el caudillismo, del que solo se beneficia el pol\u00edtico y nunca la sociedad\u201d.<\/p>\n<p>Finalizada la exposici\u00f3n, el gobernador entrerriano respondi\u00f3 distintas preguntas de los presentes vinculadas al tratamiento de la basura (\u201cel tema ambiental en nuestra provincia tuvo un antes y un despu\u00e9s con el conflicto con la pastera Botnia sobre el r\u00edo Uruguay\u201d, record\u00f3); los beneficios impositivos a los productores que implementan m\u00e9todos sustentables de agricultura o promueven la ganader\u00eda; y el trabajo de concientizaci\u00f3n con los propios productores y empresarios para poner en blanco a todos sus empleados.<\/p>\n<p>Finalmente, y a prop\u00f3sito de una consulta sobre la recuperaci\u00f3n del ferrocarril, Urribarri cont\u00f3 que durante su gesti\u00f3n se renovaron 400 kil\u00f3metros de v\u00edas \u201cque vuelven a comunicar a distintos pueblos\u201d y record\u00f3 que su infancia \u201cestuvo \u00edntimamente ligada a los trenes\u201d, porque su padre era \u201cjefe de estaci\u00f3n hasta que falleci\u00f3, muy joven, a los 56\u201d.<\/p>\n<p>La despedida le correspondi\u00f3 otra vez a Ustarroz: \u201cEl laboratorio de la pol\u00edtica es la realidad y Urribarri, un compa\u00f1ero l\u00facido y accesible, nos ha brindado esta noche una visi\u00f3n de los caminos para seguir creciendo como Naci\u00f3n, profundizando el conocimiento sobre sus pol\u00edticas exitosas, y advirtiendo siempre su compromiso inquebrantable con la felicidad del pueblo. Por eso volvemos a agradecerle\u201d, cerr\u00f3 Juani entre aplausos.<\/p>\n<p>La jornada termin\u00f3 en la Entidad de Fomento del barrio San Jos\u00e9, donde Urribarri y los referentes del Frente Mercedino para la Victoria celebraron el D\u00eda de la Militancia.<\/p>\n<p>&nbsp;<\/p>\n<p>&nbsp;<\/p>\n<p>&nbsp;<\/p>\n","protected":false},"excerpt":{"rendered":"<p>El gobernador de Entre R\u00edos, Sergio \u201cPato\u201d Urribarri, dio detalles sobre el \u00e9xito del modelo productivo de su provincia en &#8230; <a title=\"Uribarri, gobernador de Entre R\u00edos, en la C\u00e1mara Econ\u00f3mica brind\u00f3 una charla\" class=\"read-more\" href=\"https:\/\/www.hoymercedes.com.ar\/principal\/2014\/11\/22\/uribarri-gobernador-de-entre-rios-en-la-camara-economica-brindo-una-charla\/\" aria-label=\"Leer m\u00e1s sobre Uribarri, gobernador de Entre R\u00edos, en la C\u00e1mara Econ\u00f3mica brind\u00f3 una charla\">Leer m\u00e1s<\/a><\/p>\n","protected":false},"author":1,"featured_media":0,"comment_status":"open","ping_status":"open","sticky":false,"template":"","format":"standard","meta":{"_monsterinsights_skip_tracking":false,"_monsterinsights_sitenote_active":false,"_monsterinsights_sitenote_note":"","_monsterinsights_sitenote_category":0,"jetpack_post_was_ever_published":false,"_jetpack_newsletter_access":"","_jetpack_dont_email_post_to_subs":false,"_jetpack_newsletter_tier_id":0,"_jetpack_memberships_contains_paywalled_content":false,"_jetpack_memberships_contains_paid_content":false,"footnotes":"","jetpack_publicize_message":"","jetpack_publicize_feature_enabled":true,"jetpack_social_post_already_shared":false,"jetpack_social_options":{"image_generator_settings":{"template":"highway","default_image_id":0,"font":"","enabled":false},"version":2},"_wpas_customize_per_network":false},"categories":[5],"tags":[3526,6443,281],"class_list":["post-37914","post","type-post","status-publish","format-standard","hentry","category-politica","tag-accidente-juan-ustarroz","tag-sergio-uribarri","tag-wado-de-pedro","generate-columns","tablet-grid-50","mobile-grid-100","grid-parent","grid-50"],"jetpack_publicize_connections":[],"jetpack_featured_media_url":"","wps_subtitle":"Explic\u00f3 modelo de gesti\u00f3n en Entre R\u00edos","jetpack_sharing_enabled":true,"_links":{"self":[{"href":"https:\/\/www.hoymercedes.com.ar\/principal\/wp-json\/wp\/v2\/posts\/37914","targetHints":{"allow":["GET"]}}],"collection":[{"href":"https:\/\/www.hoymercedes.com.ar\/principal\/wp-json\/wp\/v2\/posts"}],"about":[{"href":"https:\/\/www.hoymercedes.com.ar\/principal\/wp-json\/wp\/v2\/types\/post"}],"author":[{"embeddable":true,"href":"https:\/\/www.hoymercedes.com.ar\/principal\/wp-json\/wp\/v2\/users\/1"}],"replies":[{"embeddable":true,"href":"https:\/\/www.hoymercedes.com.ar\/principal\/wp-json\/wp\/v2\/comments?post=37914"}],"version-history":[{"count":0,"href":"https:\/\/www.hoymercedes.com.ar\/principal\/wp-json\/wp\/v2\/posts\/37914\/revisions"}],"wp:attachment":[{"href":"https:\/\/www.hoymercedes.com.ar\/principal\/wp-json\/wp\/v2\/media?parent=37914"}],"wp:term":[{"taxonomy":"category","embeddable":true,"href":"https:\/\/www.hoymercedes.com.ar\/principal\/wp-json\/wp\/v2\/categories?post=37914"},{"taxonomy":"post_tag","embeddable":true,"href":"https:\/\/www.hoymercedes.com.ar\/principal\/wp-json\/wp\/v2\/tags?post=37914"}],"curies":[{"name":"wp","href":"https:\/\/api.w.org\/{rel}","templated":true}]}}