{"id":37949,"date":"2014-11-23T19:11:08","date_gmt":"2014-11-23T22:11:08","guid":{"rendered":"http:\/\/www.hoymercedes.com.ar\/principal\/?p=37949"},"modified":"2014-11-30T18:48:02","modified_gmt":"2014-11-30T21:48:02","slug":"ultima-sesion-del-ano-del-h-c-d-orden-del-dia-completo","status":"publish","type":"post","link":"https:\/\/www.hoymercedes.com.ar\/principal\/2014\/11\/23\/ultima-sesion-del-ano-del-h-c-d-orden-del-dia-completo\/","title":{"rendered":"\u00daltima sesi\u00f3n del a\u00f1o del H.C.D: orden del d\u00eda completo"},"content":{"rendered":"<p><em><strong>Este martes habr\u00e1 una nueva sesi\u00f3n del Concejo Deliberante de Mercedes y tendr\u00e1 como escenario la localidad de Tom\u00e1s Jofr\u00e9. Es la \u00faltima del cronograma ordinario, aunque, se espera contar con alguna extraordinaria. El temario es extenso y tiene temas de inter\u00e9s ciudadano, como es habitual, ya que justamente legislar\u00e1n sobre cuestiones que nos impactar\u00e1n directa o indirectamente.\u00a0<\/strong><\/em><\/p>\n<p>La sesi\u00f3n, como el lunes es feriado, ser\u00e1 el martes 25.<\/p>\n<p>Entre los temas que estar\u00e1n bajo tratamiento vemos el convenio con el CEAMSE, licitaciones privadas, mejoras en servicios y pedido de obras, pedido de bici senda en calle 11, entre otras cuestiones. Mir\u00e1 el orden del d\u00eda completo:<\/p>\n<p>&nbsp;<\/p>\n<div data-configid=\"5622510\/10275507\" style=\"width: 620px; height: 802px;\" class=\"issuuembed\"><\/div>\n<p><script type=\"text\/javascript\" src=\"\/\/e.issuu.com\/embed.js\" async=\"true\"><\/script><\/p>\n","protected":false},"excerpt":{"rendered":"<p>Este martes habr\u00e1 una nueva sesi\u00f3n del Concejo Deliberante de Mercedes y tendr\u00e1 como escenario la localidad de Tom\u00e1s Jofr\u00e9. &#8230; <a title=\"\u00daltima sesi\u00f3n del a\u00f1o del H.C.D: orden del d\u00eda completo\" class=\"read-more\" href=\"https:\/\/www.hoymercedes.com.ar\/principal\/2014\/11\/23\/ultima-sesion-del-ano-del-h-c-d-orden-del-dia-completo\/\" aria-label=\"Leer m\u00e1s sobre \u00daltima sesi\u00f3n del a\u00f1o del H.C.D: orden del d\u00eda completo\">Leer m\u00e1s<\/a><\/p>\n","protected":false},"author":1,"featured_media":0,"comment_status":"open","ping_status":"open","sticky":false,"template":"","format":"standard","meta":{"_monsterinsights_skip_tracking":false,"_monsterinsights_sitenote_active":false,"_monsterinsights_sitenote_note":"","_monsterinsights_sitenote_category":0,"jetpack_post_was_ever_published":false,"_jetpack_newsletter_access":"","_jetpack_dont_email_post_to_subs":false,"_jetpack_newsletter_tier_id":0,"_jetpack_memberships_contains_paywalled_content":false,"_jetpack_memberships_contains_paid_content":false,"footnotes":"","jetpack_publicize_message":"","jetpack_publicize_feature_enabled":true,"jetpack_social_post_already_shared":false,"jetpack_social_options":{"image_generator_settings":{"template":"highway","default_image_id":0,"font":"","enabled":false},"version":2},"_wpas_customize_per_network":false},"categories":[5],"tags":[236,6468],"class_list":["post-37949","post","type-post","status-publish","format-standard","hentry","category-politica","tag-concejo-deliberante","tag-orden-del-dia","generate-columns","tablet-grid-50","mobile-grid-100","grid-parent","grid-50"],"jetpack_publicize_connections":[],"jetpack_featured_media_url":"","wps_subtitle":"Tarea legislativa","jetpack_sharing_enabled":true,"jetpack-related-posts":[{"id":37604,"url":"https:\/\/www.hoymercedes.com.ar\/principal\/2014\/11\/09\/orden-del-concejo-deliberante-completo\/","url_meta":{"origin":37949,"position":0},"title":"Orden del Concejo Deliberante completo","author":"hoymercedes","date":"9 noviembre, 2014","format":false,"excerpt":"Este lunes habr\u00e1 una nueva sesi\u00f3n del Concejo Deliberante de nuestra ciudad. Es la primera tras las graves inundaciones vividas. El orden del d\u00eda que los ediles tratar\u00e1n, como es habitual, incluye diversos temas, entre los cuales est\u00e1n pedidos de vecinos para mejoramientos de ingresos barriales, solicitud de mayor cobertura\u2026","rel":"","context":"En \u00abPol\u00edtica\u00bb","block_context":{"text":"Pol\u00edtica","link":"https:\/\/www.hoymercedes.com.ar\/principal\/category\/politica\/"},"img":{"alt_text":"","src":"","width":0,"height":0},"classes":[]},{"id":41905,"url":"https:\/\/www.hoymercedes.com.ar\/principal\/2015\/05\/25\/concejo-deliberante-conoce-el-orden-del-dia-que-debatiran-los-ediles\/","url_meta":{"origin":37949,"position":1},"title":"Concejo Deliberante: conoc\u00e9 el orden del d\u00eda que debatir\u00e1n los ediles","author":"hoymercedes","date":"25 mayo, 2015","format":false,"excerpt":"Se llevar\u00e1 a cabo \u00e9ste martes 26 una nueva sesi\u00f3n de Concejo Deliberante de Mercedes. La sesi\u00f3n tiene un extenso orden del d\u00eda. Entre algunos temas que se prev\u00e9n est\u00e1 por despacho dividido la rendici\u00f3n de cuentas del Departamento Ejecutivo, varios pedidos del Presidente de la UCR, Oscar Albini y\u2026","rel":"","context":"En \u00abPol\u00edtica\u00bb","block_context":{"text":"Pol\u00edtica","link":"https:\/\/www.hoymercedes.com.ar\/principal\/category\/politica\/"},"img":{"alt_text":"","src":"https:\/\/i0.wp.com\/www.hoymercedes.com.ar\/principal\/wp-content\/uploads\/2015\/05\/h.c.d26.05.2015.png?resize=350%2C200&ssl=1","width":350,"height":200,"srcset":"https:\/\/i0.wp.com\/www.hoymercedes.com.ar\/principal\/wp-content\/uploads\/2015\/05\/h.c.d26.05.2015.png?resize=350%2C200&ssl=1 1x, https:\/\/i0.wp.com\/www.hoymercedes.com.ar\/principal\/wp-content\/uploads\/2015\/05\/h.c.d26.05.2015.png?resize=525%2C300&ssl=1 1.5x"},"classes":[]},{"id":17112,"url":"https:\/\/www.hoymercedes.com.ar\/principal\/2012\/10\/20\/martes-concejo-deliberante-con-temario-breve-pero-dos-temas-picantes\/","url_meta":{"origin":37949,"position":2},"title":"Concejo Deliberante con temario breve, pero dos temas picantes","author":"hoymercedes","date":"20 octubre, 2012","format":false,"excerpt":"El pr\u00f3ximo lunes habr\u00e1 una nueva sesi\u00f3n del Honorable Concejo Deliberante. En la misma hay un orden del d\u00eda mucho m\u00e1s breve de lo que estamos acostumbrados y con temas que desde la mirada del observador externo deber\u00edan ser relativamente sencillos de tratar, aprobar, rechazar o archivar, pero, sin demasiada\u2026","rel":"","context":"En \u00abPol\u00edtica\u00bb","block_context":{"text":"Pol\u00edtica","link":"https:\/\/www.hoymercedes.com.ar\/principal\/category\/politica\/"},"img":{"alt_text":"","src":"","width":0,"height":0},"classes":[]},{"id":35789,"url":"https:\/\/www.hoymercedes.com.ar\/principal\/2014\/09\/07\/que-tratara-el-concejo-lee-el-orden-del-dia-completo\/","url_meta":{"origin":37949,"position":3},"title":"\u00bfQu\u00e9 tratar\u00e1 el Concejo? Lee el orden del d\u00eda completo","author":"hoymercedes","date":"7 septiembre, 2014","format":false,"excerpt":"Conoc\u00e9 el orden del d\u00eda del Concejo Deliberante de Mercedes de \u00e9ste lunes. Se llevar\u00e1 una nueva sesi\u00f3n del Concejo Deliberante de nuestra ciudad. Como siempre desde las 19.00hs en el recinto de avenida 29 entre 24 y 26. Un amplio temario que incluye variadas tem\u00e1ticas, como ser algunas solicitudes\u2026","rel":"","context":"En \u00abPol\u00edtica\u00bb","block_context":{"text":"Pol\u00edtica","link":"https:\/\/www.hoymercedes.com.ar\/principal\/category\/politica\/"},"img":{"alt_text":"ConcejoDeliberanteMercedes","src":"https:\/\/i0.wp.com\/www.hoymercedes.com.ar\/principal\/wp-content\/uploads\/2014\/09\/ConcejoDeliberanteMercedes.jpg?resize=350%2C200","width":350,"height":200,"srcset":"https:\/\/i0.wp.com\/www.hoymercedes.com.ar\/principal\/wp-content\/uploads\/2014\/09\/ConcejoDeliberanteMercedes.jpg?resize=350%2C200 1x, https:\/\/i0.wp.com\/www.hoymercedes.com.ar\/principal\/wp-content\/uploads\/2014\/09\/ConcejoDeliberanteMercedes.jpg?resize=525%2C300 1.5x"},"classes":[]},{"id":43090,"url":"https:\/\/www.hoymercedes.com.ar\/principal\/2015\/07\/13\/concejo-deliberante-de-designacion-de-juez-de-faltas-a-foquitos-y-limpiar-zanjas\/","url_meta":{"origin":37949,"position":4},"title":"Concejo Deliberante: de designaci\u00f3n de juez de faltas a foquitos y limpiar zanjas","author":"hoymercedes","date":"13 julio, 2015","format":false,"excerpt":"Este lunes hay una nueva\u00a0 sesi\u00f3n del Concejo Deliberante con diversos temas de inter\u00e9s ciudadanos. Uno de los puntos destacada es la b\u00fasqueda por parte del Ejecutivo de designaci\u00f3n de un nuevo juez de faltas, el ingreso de los fomentistas por el presupuesto participativo y luego, como siempre, muchos pedidos\u2026","rel":"","context":"En \u00abCiudad\u00bb","block_context":{"text":"Ciudad","link":"https:\/\/www.hoymercedes.com.ar\/principal\/category\/ciudad\/"},"img":{"alt_text":"","src":"","width":0,"height":0},"classes":[]},{"id":22830,"url":"https:\/\/www.hoymercedes.com.ar\/principal\/2013\/06\/10\/sin-temas-calientes-en-el-orden-del-dia-sesiona-el-h-c-d\/","url_meta":{"origin":37949,"position":5},"title":"Sin temas calientes en el orden del dia, sesiona el H.C.D","author":"hoymercedes","date":"10 junio, 2013","format":false,"excerpt":"Este lunes habr\u00e1 una nueva sesi\u00f3n del Concejo Deliberante. La misma es la primera de junio y tiene un nutrido orden del d\u00eda con asuntos de diversos tenores. No se otea una presentaci\u00f3n fuera del orden que genere mayores atractivos, pero, como se dice, todo es posible, al menos, hasta\u2026","rel":"","context":"En \u00abPol\u00edtica\u00bb","block_context":{"text":"Pol\u00edtica","link":"https:\/\/www.hoymercedes.com.ar\/principal\/category\/politica\/"},"img":{"alt_text":"","src":"","width":0,"height":0},"classes":[]}],"_links":{"self":[{"href":"https:\/\/www.hoymercedes.com.ar\/principal\/wp-json\/wp\/v2\/posts\/37949","targetHints":{"allow":["GET"]}}],"collection":[{"href":"https:\/\/www.hoymercedes.com.ar\/principal\/wp-json\/wp\/v2\/posts"}],"about":[{"href":"https:\/\/www.hoymercedes.com.ar\/principal\/wp-json\/wp\/v2\/types\/post"}],"author":[{"embeddable":true,"href":"https:\/\/www.hoymercedes.com.ar\/principal\/wp-json\/wp\/v2\/users\/1"}],"replies":[{"embeddable":true,"href":"https:\/\/www.hoymercedes.com.ar\/principal\/wp-json\/wp\/v2\/comments?post=37949"}],"version-history":[{"count":0,"href":"https:\/\/www.hoymercedes.com.ar\/principal\/wp-json\/wp\/v2\/posts\/37949\/revisions"}],"wp:attachment":[{"href":"https:\/\/www.hoymercedes.com.ar\/principal\/wp-json\/wp\/v2\/media?parent=37949"}],"wp:term":[{"taxonomy":"category","embeddable":true,"href":"https:\/\/www.hoymercedes.com.ar\/principal\/wp-json\/wp\/v2\/categories?post=37949"},{"taxonomy":"post_tag","embeddable":true,"href":"https:\/\/www.hoymercedes.com.ar\/principal\/wp-json\/wp\/v2\/tags?post=37949"}],"curies":[{"name":"wp","href":"https:\/\/api.w.org\/{rel}","templated":true}]}}