{"id":3795,"date":"2011-04-27T15:15:59","date_gmt":"2011-04-27T15:15:59","guid":{"rendered":"http:\/\/www.hoymercedes.com.ar\/principal\/?p=3795"},"modified":"2011-04-27T15:15:59","modified_gmt":"2011-04-27T15:15:59","slug":"juegos-politicos-mercedinos","status":"publish","type":"post","link":"https:\/\/www.hoymercedes.com.ar\/principal\/2011\/04\/27\/juegos-politicos-mercedinos\/","title":{"rendered":"Juegos pol\u00edticos mercedinos"},"content":{"rendered":"<p><span style=\"color: #000080;\"><strong>Por Sebasti\u00e1n Varcel\u00f3<\/strong><\/span><br \/>\nrmedios@gmail.com<\/p>\n<p>Nuestra ciudad est\u00e1 viendo como los pol\u00edticos se mueven. Se visten de ropas democr\u00e1ticas y se\u00f1alan todo lo que pueden hacer por nosotros, los votantes.<\/p>\n<p>Son d\u00edas inquietos. Actos, caminatas, anuncios, pasacalles, p\u00e1ginas de internet, afiches, el arsenal completo puesto en juego<\/p>\n<p><strong>El oficialismo<\/strong><\/p>\n<p>Cierto es que Selva tiene las mayores chances para continuar siendo el intendente local. Posee el aparato municipal y una gesti\u00f3n con luces y sombras donde los ataques m\u00e1s frontales son a sus colaboradores, sobre todo los que m\u00e1s tiempo tienen en exposici\u00f3n o \u00e1reas que nada nuevo presentan, como Prensa,  Cultura o Deportes espacios en que se ven repeticiones de recetas. M\u00e1s de lo mismo. Es hora de que la gesti\u00f3n muestre algo fresco, novedoso, con la figura de Melo no alcanza. Hoy es su mejor espadach\u00edn. Otro que juega bien es Denapole. Sobrio y como hormiga trabaja cada d\u00eda pol\u00edticamente por la gesti\u00f3n sin la soberbia de otros vinculados a \u00e1reas sociales sensibles. Ponga el lector un nombre, seguro no errar\u00e1.<\/p>\n<p>Selva tiene una debilidad clara. No posee juventud. Al menos no la muestran como corresponden. Dos acciones de prensa como la entrega de elementos a una escuela y la limpieza de terrenos y espacios p\u00fablicos en barrios perif\u00e9ricos no alcanzan. Son s\u00f3lo acciones propagand\u00edsticas que f\u00e1cilmente se desinflan pues, adem\u00e1s, son actos de gesti\u00f3n municipal b\u00e1sica que deber\u00eda por natura hacer.<\/p>\n<p>Selva tiene algunas virtudes como ser un abanico de obras desplegadas en la ciudad que el hecho de haber venido del gobierno nacional no le quitan m\u00e9rito alguno. Por el contrario. No es un dato menor. Tambi\u00e9n ha logrado mostrar que quienes lo dejaron no suman m\u00e1s all\u00e1 de la tribuna period\u00edstica. Todo el que estuvo con Selva y lo abandon\u00f3 cay\u00f3 en desgracia. No es necesario dar nombres. Tambi\u00e9n manifiesta un v\u00ednculo cerrado con el sciolismo. Si bien Scioli bendice a todo el que se le cruce no deja de ser una se\u00f1al positiva que cada vez que pisa la provincia lo reciban tan bien o cada vez que participa de un acto le dan aire desde los palcos. Esos gestos no se regalan, se ganan.<\/p>\n<p>La gran batalla de Selva es no tanto octubre donde hoy por hoy est\u00e1 tranquilo, sino, m\u00e1s all\u00e1, si llegara a ganar tendr\u00e1 que solidificar mucho su gesti\u00f3n, de lo contrario, podr\u00eda convertirse en un Gioscio versi\u00f3n moderna.<\/p>\n<p><strong>La oposici\u00f3n<\/strong><\/p>\n<p>La oposici\u00f3n no logro posicionarse. No encuentran la brecha para mostrarse como eficientes, efectivos y opci\u00f3n a octubre pr\u00f3ximo. Est\u00e1 claro tambi\u00e9n est\u00e1n pagando los desmanes a nivel nacional donde no dan pie con bola.<\/p>\n<p>La Coalici\u00f3n C\u00edvica se mueve. Proyecta. Presenta y lleva un candidato que logr\u00f3 una gran elecci\u00f3n hace dos a\u00f1os, pero, nada hace suponer logren desbancar a Selva. Al menos no hoy. Tambi\u00e9n es un misterio la capacidad de gesti\u00f3n.<\/p>\n<p>La UCR est\u00e1, parece, ausente con aviso. Pocos ven que la renovaci\u00f3n pueda m\u00e1s que los antecesores. A nivel nacional han avanzado en el espacio social perdido luego del fracaso de la Alianza, sin embargo, en la ciudad, no se ve lo mismo. No se encuentra una figura como Pancho Torres donde la transparencia, la capacidad legislativa y su forma de comunicarse con la sociedad generaban tranquilidad al votante. Hombre respetado que supo ponerle el pecho al partido en los peores momentos, cuando nadie quer\u00eda salir manchado. Hist\u00f3ricamente las renovaciones dan mucho aire a las instituciones. Ojal\u00e1, por el bien de la democracia, la UCR empiece a caminar con mayor fortaleza.<\/p>\n<p>Pajarito Guti\u00e9rrez es una gran manifestaci\u00f3n de fe. Luego de que De Narv\u00e1ez caminara la ciudad con Ben\u00edtez parece haber quedado todo claro. Tal vez lo que busca es posicionarse para negociar, dicen en los bares aquellos gustosos del an\u00e1lisis pol\u00edtico. Ben\u00edtez, sin duda, es una figura much\u00edsimo m\u00e1s fuerte con una victoria hace dos a\u00f1os que le da aire. Tiene cintura pol\u00edtica para posicionarse aunque tambi\u00e9n  un pasado gioscista que lo asocia a otra \u00e9poca. Los d\u00edas dir\u00e1n si logra manejarse en esa l\u00ednea delgada entre el pasado y el presente buscando un futuro como intendente local.<\/p>\n<p>El Frente Mercedino para la Victoria debe ser colocado en la oposici\u00f3n. Queda claro. Buscan ser el reemplazo a Selva y son los que m\u00e1s chances tienen. Est\u00e1n pasando la ambulancia por todos lados y levantaron a varios. Perazzo es uno de ellos. Un joven que hist\u00f3ricamente fue posicionado a la derecha del kirchnerismo est\u00e1 en sus filas. Qu\u00e9 se puede agregar. Cosas de la pol\u00edtica. Lo mismo con Chiche Basavilvasso  y el Vasco Gorosterraz\u00fa. Figuras que aportan a la foto y al imaginario, pero quiz\u00e1s poco al armado real. El Frente Mercedino para la Victoria es brisa fresca  a la ciudad. Hay que ver si logran canalizarlo y sobre todo mostrar la capacidad de gesti\u00f3n y armado que requiere Mercedes ya que el apoyo del gobierno nacional es necesario aunque no suficiente, se requiere creatividad aut\u00f3ctona.<\/p>\n<p>Lo mejor del Frente es que presentan nuevas cuestiones a la ciudad brind\u00e1ndole un canal con acciones nacionales muy importante. Le falta, ahora, mostrar ideas locales, pero, est\u00e1n a\u00fan a tiempo.<\/p>\n<p><strong>Final<\/strong><\/p>\n<p>Al final nos quedan interrogantes. \u00bfQu\u00e9 ser\u00e1 de la oposici\u00f3n no kirchnerista en esta elecci\u00f3n? Queda claro que no kirchnerista en relaci\u00f3n a Selva pues situamos al FMpV como espacio opositor. \u00bfLograr\u00e1n sostener el nivel de participaci\u00f3n parlamentaria o habr\u00e1 un efecto arrase desde el kirchnerismo? La elecci\u00f3n se acerca. Los interrogantes, pronto, se disolver\u00e1n.<\/p>\n","protected":false},"excerpt":{"rendered":"<p>Por Sebasti\u00e1n Varcel\u00f3 rmedios@gmail.com Nuestra ciudad est\u00e1 viendo como los pol\u00edticos se mueven. Se visten de ropas democr\u00e1ticas y se\u00f1alan &#8230; <a title=\"Juegos pol\u00edticos mercedinos\" class=\"read-more\" href=\"https:\/\/www.hoymercedes.com.ar\/principal\/2011\/04\/27\/juegos-politicos-mercedinos\/\" aria-label=\"Leer m\u00e1s sobre Juegos pol\u00edticos mercedinos\">Leer m\u00e1s<\/a><\/p>\n","protected":false},"author":1,"featured_media":0,"comment_status":"open","ping_status":"open","sticky":false,"template":"","format":"standard","meta":{"_monsterinsights_skip_tracking":false,"_monsterinsights_sitenote_active":false,"_monsterinsights_sitenote_note":"","_monsterinsights_sitenote_category":0,"jetpack_post_was_ever_published":false,"_jetpack_newsletter_access":"","_jetpack_dont_email_post_to_subs":false,"_jetpack_newsletter_tier_id":0,"_jetpack_memberships_contains_paywalled_content":false,"_jetpack_memberships_contains_paid_content":false,"footnotes":"","jetpack_publicize_message":"","jetpack_publicize_feature_enabled":true,"jetpack_social_post_already_shared":false,"jetpack_social_options":{"image_generator_settings":{"template":"highway","default_image_id":0,"font":"","enabled":false},"version":2},"_wpas_customize_per_network":false},"categories":[5],"tags":[361,469,79,58,379,18,424,281],"class_list":["post-3795","post","type-post","status-publish","format-standard","hentry","category-politica","tag-ari","tag-benitez","tag-cestari","tag-coalicion-civica","tag-frente-mercedino-para-la-victoria","tag-selva","tag-ustarroz","tag-wado-de-pedro","generate-columns","tablet-grid-50","mobile-grid-100","grid-parent","grid-50"],"jetpack_publicize_connections":[],"jetpack_featured_media_url":"","wps_subtitle":"","jetpack_sharing_enabled":true,"_links":{"self":[{"href":"https:\/\/www.hoymercedes.com.ar\/principal\/wp-json\/wp\/v2\/posts\/3795","targetHints":{"allow":["GET"]}}],"collection":[{"href":"https:\/\/www.hoymercedes.com.ar\/principal\/wp-json\/wp\/v2\/posts"}],"about":[{"href":"https:\/\/www.hoymercedes.com.ar\/principal\/wp-json\/wp\/v2\/types\/post"}],"author":[{"embeddable":true,"href":"https:\/\/www.hoymercedes.com.ar\/principal\/wp-json\/wp\/v2\/users\/1"}],"replies":[{"embeddable":true,"href":"https:\/\/www.hoymercedes.com.ar\/principal\/wp-json\/wp\/v2\/comments?post=3795"}],"version-history":[{"count":0,"href":"https:\/\/www.hoymercedes.com.ar\/principal\/wp-json\/wp\/v2\/posts\/3795\/revisions"}],"wp:attachment":[{"href":"https:\/\/www.hoymercedes.com.ar\/principal\/wp-json\/wp\/v2\/media?parent=3795"}],"wp:term":[{"taxonomy":"category","embeddable":true,"href":"https:\/\/www.hoymercedes.com.ar\/principal\/wp-json\/wp\/v2\/categories?post=3795"},{"taxonomy":"post_tag","embeddable":true,"href":"https:\/\/www.hoymercedes.com.ar\/principal\/wp-json\/wp\/v2\/tags?post=3795"}],"curies":[{"name":"wp","href":"https:\/\/api.w.org\/{rel}","templated":true}]}}