{"id":37972,"date":"2014-11-24T23:45:18","date_gmt":"2014-11-25T02:45:18","guid":{"rendered":"http:\/\/www.hoymercedes.com.ar\/principal\/?p=37972"},"modified":"2014-11-24T23:45:46","modified_gmt":"2014-11-25T02:45:46","slug":"proponen-crear-direccion-de-estadisticas-y-censos-en-mercedes","status":"publish","type":"post","link":"https:\/\/www.hoymercedes.com.ar\/principal\/2014\/11\/24\/proponen-crear-direccion-de-estadisticas-y-censos-en-mercedes\/","title":{"rendered":"Proponen crear \u00abDirecci\u00f3n de Estad\u00edsticas y Censos\u00bb en Mercedes"},"content":{"rendered":"<p><a href=\"https:\/\/www.hoymercedes.com.ar\/principal\/wp-content\/uploads\/2014\/11\/marianocastelucci-mercedes.jpg\"><img loading=\"lazy\" decoding=\"async\" data-attachment-id=\"37973\" data-permalink=\"https:\/\/www.hoymercedes.com.ar\/principal\/2014\/11\/24\/proponen-crear-direccion-de-estadisticas-y-censos-en-mercedes\/marianocastelucci-mercedes-2\/#main\" data-orig-file=\"https:\/\/www.hoymercedes.com.ar\/principal\/wp-content\/uploads\/2014\/11\/marianocastelucci-mercedes.jpg\" data-orig-size=\"620,463\" data-comments-opened=\"1\" data-image-meta=\"{&quot;aperture&quot;:&quot;0&quot;,&quot;credit&quot;:&quot;&quot;,&quot;camera&quot;:&quot;&quot;,&quot;caption&quot;:&quot;&quot;,&quot;created_timestamp&quot;:&quot;0&quot;,&quot;copyright&quot;:&quot;&quot;,&quot;focal_length&quot;:&quot;0&quot;,&quot;iso&quot;:&quot;0&quot;,&quot;shutter_speed&quot;:&quot;0&quot;,&quot;title&quot;:&quot;&quot;,&quot;orientation&quot;:&quot;0&quot;}\" data-image-title=\"marianocastelucci-mercedes\" data-image-description=\"\" data-image-caption=\"\" data-large-file=\"https:\/\/www.hoymercedes.com.ar\/principal\/wp-content\/uploads\/2014\/11\/marianocastelucci-mercedes.jpg\" class=\"Img2014 aligncenter wp-image-37973 size-full\" title=\"mariano castelucci, agrupaci\u00f3n arturo jauretche\" src=\"https:\/\/www.hoymercedes.com.ar\/principal\/wp-content\/uploads\/2014\/11\/marianocastelucci-mercedes.jpg\" alt=\"marianocastelucci-mercedes\" width=\"620\" height=\"463\" \/><\/a><\/p>\n<p><b>Proponen<\/b><strong>\u00a0desde la Agrupaci\u00f3n Arturo Jauretche conducida por Mariano Castelucci la creaci\u00f3n de la Direcci\u00f3n de Estad\u00edsticas y Censos, como herramienta de gesti\u00f3n, para monitorear en forma permanente la ciudad.<\/strong><\/p>\n<p>La propuesta de crear la Direcci\u00f3n de Estad\u00edsticas y Censos en la Municipalidad de Mercedes se basa en la necesidad de contar con una herramienta t\u00e9cnica que permita o facilite la implementaci\u00f3n de pol\u00edticas p\u00fablicas adecuadas a la realidad del municipio.<\/p>\n<p>\u00abLa nueva direcci\u00f3n municipal, ser\u00e1 suministro de datos fundamentales para ordenar y justificar la priorizaci\u00f3n en la asignaci\u00f3n del gasto p\u00fablico, haciendo uso m\u00e1s eficiente del dinero de los contribuyentes.\u00bb, remarcan.<\/p>\n<p>\u00abLa\u00a0Direcci\u00f3n\u00a0de Estad\u00edsticas medir\u00e1 variables referidas a la ocupaci\u00f3n, sanidad, comercio, sectores rurales, gastron\u00f3micos, carne, UOM, transporte, alimenticios, y otras \u00e1reas profesionales\u00bb, sostuvieron<\/p>\n<p>Por otra parte, brindar\u00e1 informaci\u00f3n referida al estado y situaci\u00f3n de los caminos, planes de viviendas, informes y reportes sobre la cantidad de enfermos que estuvieron en el hospital.<\/p>\n<p>En cuanto a educaci\u00f3n, indagar\u00e1 sobre la necesaria ampliaci\u00f3n de los cupos ingresantes en los distintos niveles, como as\u00ed tambi\u00e9n sobre el futuro de los egresados de nuestra ciudad.<\/p>\n<p>En resumen, \u00a0lo que se pretende con la creaci\u00f3n de esta direcci\u00f3n, es evitar la improvisaci\u00f3n y reducir al m\u00e1ximo las posibilidades de error, en raz\u00f3n de contar con un diagnostico preciso y orientador de la gesti\u00f3n.<\/p>\n<p>Remarcaron desde la agrupaci\u00f3n de calle 20 casi 29, conducida por Mariano Castelucci.<\/p>\n","protected":false},"excerpt":{"rendered":"<p>Proponen\u00a0desde la Agrupaci\u00f3n Arturo Jauretche conducida por Mariano Castelucci la creaci\u00f3n de la Direcci\u00f3n de Estad\u00edsticas y Censos, como herramienta &#8230; <a title=\"Proponen crear \u00abDirecci\u00f3n de Estad\u00edsticas y Censos\u00bb en Mercedes\" class=\"read-more\" href=\"https:\/\/www.hoymercedes.com.ar\/principal\/2014\/11\/24\/proponen-crear-direccion-de-estadisticas-y-censos-en-mercedes\/\" aria-label=\"Leer m\u00e1s sobre Proponen crear \u00abDirecci\u00f3n de Estad\u00edsticas y Censos\u00bb en Mercedes\">Leer m\u00e1s<\/a><\/p>\n","protected":false},"author":1,"featured_media":0,"comment_status":"open","ping_status":"open","sticky":false,"template":"","format":"standard","meta":{"_monsterinsights_skip_tracking":false,"_monsterinsights_sitenote_active":false,"_monsterinsights_sitenote_note":"","_monsterinsights_sitenote_category":0,"jetpack_post_was_ever_published":false,"_jetpack_newsletter_access":"","_jetpack_dont_email_post_to_subs":false,"_jetpack_newsletter_tier_id":0,"_jetpack_memberships_contains_paywalled_content":false,"_jetpack_memberships_contains_paid_content":false,"footnotes":"","jetpack_publicize_message":"","jetpack_publicize_feature_enabled":true,"jetpack_social_post_already_shared":false,"jetpack_social_options":{"image_generator_settings":{"template":"highway","default_image_id":0,"font":"","enabled":false},"version":2},"_wpas_customize_per_network":false},"categories":[5],"tags":[5037,513],"class_list":["post-37972","post","type-post","status-publish","format-standard","hentry","category-politica","tag-agrupacion-arturo-jauretche","tag-mariano-castelucci","generate-columns","tablet-grid-50","mobile-grid-100","grid-parent","grid-50"],"jetpack_publicize_connections":[],"jetpack_featured_media_url":"","wps_subtitle":"Pensando en 2015","jetpack_sharing_enabled":true,"jetpack-related-posts":[{"id":34539,"url":"https:\/\/www.hoymercedes.com.ar\/principal\/2014\/07\/09\/agrupacion-jauretche-inicio-campana-de-cuidado-a-la-salud\/","url_meta":{"origin":37972,"position":0},"title":"Agrupaci\u00f3n Jauretche inici\u00f3 campa\u00f1a de cuidado a la salud","author":"hoymercedes","date":"9 julio, 2014","format":false,"excerpt":"La Agrupaci\u00f3n Arturo Jauretche llev\u00f3 a cabo una campa\u00f1a de prevenci\u00f3n de la salud entregando folletos y documentaci\u00f3n en calle 24 y 25. Estuvieron militantes y Mariano Castelucci, su principal referente. Ubicados en la esquina de 25 y 24, Mariano Castelucci junto al equipo de la Agrupaci\u00f3n Arturo Jauretche, entregaron\u00a0\u2026","rel":"","context":"En \u00abPol\u00edtica\u00bb","block_context":{"text":"Pol\u00edtica","link":"https:\/\/www.hoymercedes.com.ar\/principal\/category\/politica\/"},"img":{"alt_text":"castulucci","src":"https:\/\/i0.wp.com\/www.hoymercedes.com.ar\/principal\/wp-content\/uploads\/2014\/07\/castulucci.jpg?resize=350%2C200","width":350,"height":200,"srcset":"https:\/\/i0.wp.com\/www.hoymercedes.com.ar\/principal\/wp-content\/uploads\/2014\/07\/castulucci.jpg?resize=350%2C200 1x, https:\/\/i0.wp.com\/www.hoymercedes.com.ar\/principal\/wp-content\/uploads\/2014\/07\/castulucci.jpg?resize=525%2C300 1.5x"},"classes":[]},{"id":32986,"url":"https:\/\/www.hoymercedes.com.ar\/principal\/2014\/05\/18\/agrupacion-arturo-jauretche-pinto-la-escuela-n25-de-garcia\/","url_meta":{"origin":37972,"position":1},"title":"Agrupaci\u00f3n \u00abArturo Jauretche\u00bb pint\u00f3 la Escuela N\u00b025 de Garc\u00eda","author":"hoymercedes","date":"18 mayo, 2014","format":false,"excerpt":"El espacio pol\u00edtico conducido por Mariano Castelucci denominado \"Agrupaci\u00f3n Arturo Jauretche\" llev\u00f3 a cabo un encuentro y actividad vinculado a la educaci\u00f3n y un aporte a las condiciones de su desarrollo en la Escuela N\u00b025 de Garc\u00eda. La instituci\u00f3n educativa vivi\u00f3 mejoras en su edificio a manos de las voluntades\u2026","rel":"","context":"En \u00abPol\u00edtica\u00bb","block_context":{"text":"Pol\u00edtica","link":"https:\/\/www.hoymercedes.com.ar\/principal\/category\/politica\/"},"img":{"alt_text":"escuela25-garcia","src":"https:\/\/i0.wp.com\/www.hoymercedes.com.ar\/principal\/wp-content\/uploads\/2014\/05\/escuela25-garcia.jpg?resize=350%2C200","width":350,"height":200,"srcset":"https:\/\/i0.wp.com\/www.hoymercedes.com.ar\/principal\/wp-content\/uploads\/2014\/05\/escuela25-garcia.jpg?resize=350%2C200 1x, https:\/\/i0.wp.com\/www.hoymercedes.com.ar\/principal\/wp-content\/uploads\/2014\/05\/escuela25-garcia.jpg?resize=525%2C300 1.5x"},"classes":[]},{"id":31336,"url":"https:\/\/www.hoymercedes.com.ar\/principal\/2014\/04\/03\/agrupacion-arturo-jauretche-conmemora-32-aniversario-de-malvinas\/","url_meta":{"origin":37972,"position":2},"title":"Agrupaci\u00f3n \u00abArturo Jauretche\u00bb conmemora 32\u00b0 aniversario de Malvinas","author":"hoymercedes","date":"3 abril, 2014","format":false,"excerpt":"Desde la Agrupaci\u00f3n Arturo Jauretche que conduce \u00a0Mariano Castelucci manifestaron su acompa\u00f1amiento a los veteranos y ca\u00eddos en la Guerra de Malvinas. A su vez informan que antes de cada pel\u00edcula en el cine local se emitir\u00e1 un corto en conmemoraci\u00f3n a los veteranos y ca\u00eddos de Malvinas. En la\u2026","rel":"","context":"En \u00abPol\u00edtica\u00bb","block_context":{"text":"Pol\u00edtica","link":"https:\/\/www.hoymercedes.com.ar\/principal\/category\/politica\/"},"img":{"alt_text":"Spot-Malvinas-Jauretche","src":"https:\/\/i0.wp.com\/www.hoymercedes.com.ar\/principal\/wp-content\/uploads\/2014\/04\/Spot-Malvinas-Jauretche.jpg?resize=350%2C200","width":350,"height":200,"srcset":"https:\/\/i0.wp.com\/www.hoymercedes.com.ar\/principal\/wp-content\/uploads\/2014\/04\/Spot-Malvinas-Jauretche.jpg?resize=350%2C200 1x, https:\/\/i0.wp.com\/www.hoymercedes.com.ar\/principal\/wp-content\/uploads\/2014\/04\/Spot-Malvinas-Jauretche.jpg?resize=525%2C300 1.5x"},"classes":[]},{"id":34594,"url":"https:\/\/www.hoymercedes.com.ar\/principal\/2014\/07\/13\/agrupacion-arturo-jauretche-continua-su-campana-de-cuidados-de-la-salud\/","url_meta":{"origin":37972,"position":3},"title":"Agrupaci\u00f3n Arturo Jauretche contin\u00faa su campa\u00f1a de cuidados de la salud","author":"hoymercedes","date":"13 julio, 2014","format":false,"excerpt":"La Agrupaci\u00f3n conducida por Mariano Castelucci ha entregado a la poblaci\u00f3n un documento gr\u00e1fico vinculado a la salud de los ciudadanos. Tiempo atr\u00e1s hab\u00edan efectuado algo similar referido a la seguridad. La entrega, que ya hab\u00edamos comentado, fue en 24 y 25. En esta ocasi\u00f3n te dejamos los documentos para\u2026","rel":"","context":"En \u00abPol\u00edtica\u00bb","block_context":{"text":"Pol\u00edtica","link":"https:\/\/www.hoymercedes.com.ar\/principal\/category\/politica\/"},"img":{"alt_text":"castelucci 2","src":"https:\/\/i0.wp.com\/www.hoymercedes.com.ar.ar\/noticias\/wp-content\/uploads\/2014\/07\/castelucci-2-300x214.jpg?resize=350%2C200","width":350,"height":200,"srcset":"https:\/\/i0.wp.com\/www.hoymercedes.com.ar.ar\/noticias\/wp-content\/uploads\/2014\/07\/castelucci-2-300x214.jpg?resize=350%2C200 1x, https:\/\/i0.wp.com\/www.hoymercedes.com.ar.ar\/noticias\/wp-content\/uploads\/2014\/07\/castelucci-2-300x214.jpg?resize=525%2C300 1.5x"},"classes":[]},{"id":38331,"url":"https:\/\/www.hoymercedes.com.ar\/principal\/2014\/12\/10\/un-ano-de-agrupacion-arturo-jauretche-estamos-trabajando-para-mejorar-la-calidad-de-vida-de-los-mercedinos\/","url_meta":{"origin":37972,"position":4},"title":"Un a\u00f1o de Agrupaci\u00f3n Arturo Jauretche: \u201cestamos trabajando para mejorar la calidad de vida de los mercedinos\u201d","author":"hoymercedes","date":"10 diciembre, 2014","format":false,"excerpt":"Mariano Castelucci sigue trabajando y sumando acciones con miras al 2015. Reuniones, encuentros partidarios, cruces con pol\u00edticos nacionales como Massa, expresiones en los medios y cenas de voluntades pol\u00edticas como la vivida d\u00edas atr\u00e1s. La leyenda \u201cCastelucci 2015\u201d presente en todas las actividades. En esta ocasi\u00f3n m\u00e1s de un centenar\u2026","rel":"","context":"En \u00abPol\u00edtica\u00bb","block_context":{"text":"Pol\u00edtica","link":"https:\/\/www.hoymercedes.com.ar\/principal\/category\/politica\/"},"img":{"alt_text":"Mariano Castelucci Agupaci\u00f3n Arturo Jauretche","src":"https:\/\/i0.wp.com\/www.hoymercedes.com.ar\/principal\/wp-content\/uploads\/2014\/12\/cena-castelucci.jpg?resize=350%2C200","width":350,"height":200,"srcset":"https:\/\/i0.wp.com\/www.hoymercedes.com.ar\/principal\/wp-content\/uploads\/2014\/12\/cena-castelucci.jpg?resize=350%2C200 1x, https:\/\/i0.wp.com\/www.hoymercedes.com.ar\/principal\/wp-content\/uploads\/2014\/12\/cena-castelucci.jpg?resize=525%2C300 1.5x"},"classes":[]},{"id":36332,"url":"https:\/\/www.hoymercedes.com.ar\/principal\/2014\/09\/23\/dia-de-la-primavera-en-autoconstruccion-junto-a-agrupacion-arturo-jauretche\/","url_meta":{"origin":37972,"position":5},"title":"D\u00eda de la primavera, en Autoconstrucci\u00f3n, junto a Agrupaci\u00f3n Arturo Jauretche","author":"hoymercedes","date":"23 septiembre, 2014","format":false,"excerpt":"La Juventud de la Agrupacion \u201cArturo Jauretche\u201d organiz\u00f3 un festejo por el d\u00eda de la primavera en Autoconstrucci\u00f3n Los vecinos compartieron la tarde del s\u00e1bado junto a integrantes de la agrupaci\u00f3n liderada por el Escribano Mariano Castelucci. En la \u00faltima semana hab\u00edan pintado los juegos y los reacondicionaron para el\u2026","rel":"","context":"En \u00abPol\u00edtica\u00bb","block_context":{"text":"Pol\u00edtica","link":"https:\/\/www.hoymercedes.com.ar\/principal\/category\/politica\/"},"img":{"alt_text":"Agrupaci\u00f3nJauretche-DiaPrimavera","src":"https:\/\/i0.wp.com\/www.hoymercedes.com.ar\/principal\/wp-content\/uploads\/2014\/09\/Agrupaci%C3%B3nJauretche-DiaPrimavera.jpg?resize=350%2C200","width":350,"height":200,"srcset":"https:\/\/i0.wp.com\/www.hoymercedes.com.ar\/principal\/wp-content\/uploads\/2014\/09\/Agrupaci%C3%B3nJauretche-DiaPrimavera.jpg?resize=350%2C200 1x, https:\/\/i0.wp.com\/www.hoymercedes.com.ar\/principal\/wp-content\/uploads\/2014\/09\/Agrupaci%C3%B3nJauretche-DiaPrimavera.jpg?resize=525%2C300 1.5x"},"classes":[]}],"_links":{"self":[{"href":"https:\/\/www.hoymercedes.com.ar\/principal\/wp-json\/wp\/v2\/posts\/37972","targetHints":{"allow":["GET"]}}],"collection":[{"href":"https:\/\/www.hoymercedes.com.ar\/principal\/wp-json\/wp\/v2\/posts"}],"about":[{"href":"https:\/\/www.hoymercedes.com.ar\/principal\/wp-json\/wp\/v2\/types\/post"}],"author":[{"embeddable":true,"href":"https:\/\/www.hoymercedes.com.ar\/principal\/wp-json\/wp\/v2\/users\/1"}],"replies":[{"embeddable":true,"href":"https:\/\/www.hoymercedes.com.ar\/principal\/wp-json\/wp\/v2\/comments?post=37972"}],"version-history":[{"count":0,"href":"https:\/\/www.hoymercedes.com.ar\/principal\/wp-json\/wp\/v2\/posts\/37972\/revisions"}],"wp:attachment":[{"href":"https:\/\/www.hoymercedes.com.ar\/principal\/wp-json\/wp\/v2\/media?parent=37972"}],"wp:term":[{"taxonomy":"category","embeddable":true,"href":"https:\/\/www.hoymercedes.com.ar\/principal\/wp-json\/wp\/v2\/categories?post=37972"},{"taxonomy":"post_tag","embeddable":true,"href":"https:\/\/www.hoymercedes.com.ar\/principal\/wp-json\/wp\/v2\/tags?post=37972"}],"curies":[{"name":"wp","href":"https:\/\/api.w.org\/{rel}","templated":true}]}}