{"id":38043,"date":"2014-11-27T21:40:36","date_gmt":"2014-11-28T00:40:36","guid":{"rendered":"http:\/\/www.hoymercedes.com.ar\/principal\/?p=38043"},"modified":"2014-11-27T22:48:38","modified_gmt":"2014-11-28T01:48:38","slug":"de-la-sota-momo-venegas-y-pirotta-juntos-en-jornada-en-la-sede-de-la-sociedad-rural-de-mercedes","status":"publish","type":"post","link":"https:\/\/www.hoymercedes.com.ar\/principal\/2014\/11\/27\/de-la-sota-momo-venegas-y-pirotta-juntos-en-jornada-en-la-sede-de-la-sociedad-rural-de-mercedes\/","title":{"rendered":"De la Sota, Momo Venegas y Pirotta juntos en jornada en la sede de la Sociedad Rural de Mercedes"},"content":{"rendered":"<p><a href=\"https:\/\/www.hoymercedes.com.ar\/principal\/wp-content\/uploads\/2014\/11\/Pirotta-MomoVenegas.jpg\"><img loading=\"lazy\" decoding=\"async\" data-attachment-id=\"38044\" data-permalink=\"https:\/\/www.hoymercedes.com.ar\/principal\/2014\/11\/27\/de-la-sota-momo-venegas-y-pirotta-juntos-en-jornada-en-la-sede-de-la-sociedad-rural-de-mercedes\/pirotta-momovenegas\/#main\" data-orig-file=\"https:\/\/www.hoymercedes.com.ar\/principal\/wp-content\/uploads\/2014\/11\/Pirotta-MomoVenegas.jpg\" data-orig-size=\"620,465\" data-comments-opened=\"1\" data-image-meta=\"{&quot;aperture&quot;:&quot;0&quot;,&quot;credit&quot;:&quot;&quot;,&quot;camera&quot;:&quot;&quot;,&quot;caption&quot;:&quot;&quot;,&quot;created_timestamp&quot;:&quot;0&quot;,&quot;copyright&quot;:&quot;&quot;,&quot;focal_length&quot;:&quot;0&quot;,&quot;iso&quot;:&quot;0&quot;,&quot;shutter_speed&quot;:&quot;0&quot;,&quot;title&quot;:&quot;&quot;,&quot;orientation&quot;:&quot;0&quot;}\" data-image-title=\"Pirotta-MomoVenegas\" data-image-description=\"\" data-image-caption=\"\" data-large-file=\"https:\/\/www.hoymercedes.com.ar\/principal\/wp-content\/uploads\/2014\/11\/Pirotta-MomoVenegas.jpg\" class=\"Img2014 aligncenter wp-image-38044 size-full\" title=\"Pirotta, Momo Vengas, Jos\u00e9 Manuel de la Sota, partido fe mercedes\" src=\"https:\/\/www.hoymercedes.com.ar\/principal\/wp-content\/uploads\/2014\/11\/Pirotta-MomoVenegas.jpg\" alt=\"Pirotta, Momo Vengas, Jos\u00e9 Manuel de la Sota, partido fe mercedes\" width=\"620\" height=\"465\" \/><\/a><\/p>\n<p><strong>El encuentro que los convoca se realizar\u00e1 el pr\u00f3ximo 11 de diciembre en la sede de la Sociedad Rural de Mercedes y asistir\u00e1n el Momo Venegarsy Jos\u00e9 Manuel de la Sota, entre otros dirigentes<\/strong><\/p>\n<p>Jorge Pirotta, Presidente del Partido FE de Mercedes confirm\u00f3 la realizaci\u00f3n de la <em>\u201cPrimera Jornada Participativa sobre Pol\u00edticas P\u00fablicas de los Pueblos del Interior Bonaerense\u201d.<\/em> La misma se realizar\u00e1 el pr\u00f3ximo jueves 11 de diciembre, desde las 17 horas, en el predio de la Sociedad Rural de Mercedes.<\/p>\n<p>\u201cProponemos un \u201cida y vuelta\u201d con las fuerzas vivas de la regi\u00f3n\u201d afirm\u00f3 Pirotta y destac\u00f3 que \u201cse van a abordar temas candentes de nuestra regi\u00f3n como son la prevenci\u00f3n de las inundaciones, el mejoramiento de las rutas y caminos, la recuperaci\u00f3n de los ferrocarriles y el modelo de ciudad al que aspiramos los mercedinos\u201d.<\/p>\n<p>Est\u00e1n confirmados los principales oradores del encuentro, quienes contestar\u00e1n preguntas e inquietudes de los presentes: el Diputado Carlos Brown, Vicepresidente del Partido FE y Presidente del Movimiento Productivo Argentino (Plan H\u00eddrico-Control de Inundaciones), el Ex Intendente de Mar del Plata y Secretario de Obras y Servicios P\u00fablicos del Partido FE, Mario Rusak (Plan de Obras P\u00fablicas, rutas y caminos vecinales), Sergio Adaro, Secretario de Transportes del Partido FE,\u00a0 y el equipo t\u00e9cnico del sindicato \u00abLa Fraternidad\u00bb (Plan de recuperaci\u00f3n de los ferrocarriles) y Jorge Pirotta, Secretario General Nacional y Presidente del Partido FE de Mercedes (Hacia un Proyecto de Ciudad a Escala Humana: Segura, Limpia y Ordenada).<\/p>\n<p>Tambi\u00e9n participar\u00e1n del encuentro y cerrar\u00e1n el referente del partido Ger\u00f3nimo \u201cMomo\u201d Venegas, Presidente nacional del Partido FE y Secretario General Nacional de UATRE, y el Gobernador de C\u00f3rdoba y precandidato a Presidente de la Naci\u00f3n por el Partido FE, Jos\u00e9 Manuel de la Sota.<\/p>\n<p>Los organizadores solicitan confirmar la asistencia correo electr\u00f3nico a <a href=\"mailto:secretariageneral@partidofe.org\">secretariageneral@partidofe.org<\/a> o telef\u00f3nicamente al 011-4361-1111.<\/p>\n<p>&nbsp;<\/p>\n<p>&nbsp;<\/p>\n<p>&nbsp;<\/p>\n","protected":false},"excerpt":{"rendered":"<p>El encuentro que los convoca se realizar\u00e1 el pr\u00f3ximo 11 de diciembre en la sede de la Sociedad Rural de &#8230; <a title=\"De la Sota, Momo Venegas y Pirotta juntos en jornada en la sede de la Sociedad Rural de Mercedes\" class=\"read-more\" href=\"https:\/\/www.hoymercedes.com.ar\/principal\/2014\/11\/27\/de-la-sota-momo-venegas-y-pirotta-juntos-en-jornada-en-la-sede-de-la-sociedad-rural-de-mercedes\/\" aria-label=\"Leer m\u00e1s sobre De la Sota, Momo Venegas y Pirotta juntos en jornada en la sede de la Sociedad Rural de Mercedes\">Leer m\u00e1s<\/a><\/p>\n","protected":false},"author":1,"featured_media":0,"comment_status":"open","ping_status":"open","sticky":false,"template":"","format":"standard","meta":{"_monsterinsights_skip_tracking":false,"_monsterinsights_sitenote_active":false,"_monsterinsights_sitenote_note":"","_monsterinsights_sitenote_category":0,"jetpack_post_was_ever_published":false,"_jetpack_newsletter_access":"","_jetpack_dont_email_post_to_subs":false,"_jetpack_newsletter_tier_id":0,"_jetpack_memberships_contains_paywalled_content":false,"_jetpack_memberships_contains_paid_content":false,"footnotes":"","jetpack_publicize_message":"","jetpack_publicize_feature_enabled":true,"jetpack_social_post_already_shared":false,"jetpack_social_options":{"image_generator_settings":{"template":"highway","default_image_id":0,"font":"","enabled":false},"version":2},"_wpas_customize_per_network":false},"categories":[5],"tags":[6501,6503,6502,6504],"class_list":["post-38043","post","type-post","status-publish","format-standard","hentry","category-politica","tag-de-la-sota","tag-momo-venegas-mercedes","tag-momo-venegas-y-pirotta-juntos-en-jornada-en-la-sede-de-la-sociedad-rural-de-mercedes","tag-pirotta-mercedes","generate-columns","tablet-grid-50","mobile-grid-100","grid-parent","grid-50"],"jetpack_publicize_connections":[],"jetpack_featured_media_url":"","wps_subtitle":"Partido FE  y mirada al 2015","jetpack_sharing_enabled":true,"jetpack-related-posts":[{"id":38385,"url":"https:\/\/www.hoymercedes.com.ar\/principal\/2014\/12\/12\/de-la-sota-estuvo-en-mercedes-junto-al-partido-fe-venegas-y-pirotta\/","url_meta":{"origin":38043,"position":0},"title":"De la Sota estuvo en Mercedes junto al Partido FE, Venegas y Pirotta","author":"hoymercedes","date":"12 diciembre, 2014","format":false,"excerpt":"\u00a0 El gobernador de C\u00f3rdoba, Juan Manuel De la Sota estuvo en Mercedes junto a Ger\u00f3nimo \u201cMomo\u201d Venegas, el Diputado Carlos Brown y el referente de la ciudad Jorge Pirotta. Carlos Selva estuvo presente. Fue bajo la propuesta de la \u201cPrimera Jornada Participativa sobre Pol\u00edticas P\u00fablicas de los Pueblos del\u2026","rel":"","context":"En \u00abPol\u00edtica\u00bb","block_context":{"text":"Pol\u00edtica","link":"https:\/\/www.hoymercedes.com.ar\/principal\/category\/politica\/"},"img":{"alt_text":"De la Sota en Mercedes, Pirotta, Momo Venegas","src":"https:\/\/i0.wp.com\/www.hoymercedes.com.ar\/principal\/wp-content\/uploads\/2014\/12\/delasota-mercedes1.jpg?resize=350%2C200","width":350,"height":200,"srcset":"https:\/\/i0.wp.com\/www.hoymercedes.com.ar\/principal\/wp-content\/uploads\/2014\/12\/delasota-mercedes1.jpg?resize=350%2C200 1x, https:\/\/i0.wp.com\/www.hoymercedes.com.ar\/principal\/wp-content\/uploads\/2014\/12\/delasota-mercedes1.jpg?resize=525%2C300 1.5x"},"classes":[]},{"id":42497,"url":"https:\/\/www.hoymercedes.com.ar\/principal\/2015\/06\/20\/lista-partido-fe-encabeza-jorge-pirotta-y-carlos-bell-primer-concejal\/","url_meta":{"origin":38043,"position":1},"title":"Lista Partido Fe: Encabeza Jorge Pirotta  y Carlos Bell  primer concejal","author":"hoymercedes","date":"20 junio, 2015","format":false,"excerpt":"El espacio que a nivel local conduce Jorge Pirotta dio a conocer la lista de candidatos a concejales para participar en las PASO con miras a convertirse en la conducci\u00f3n comunal. El referente del Momo Venegas en Mercedes ser\u00e1 parte de la interna del Frente Cambiemos. El listado es el\u2026","rel":"","context":"En \u00abPol\u00edtica\u00bb","block_context":{"text":"Pol\u00edtica","link":"https:\/\/www.hoymercedes.com.ar\/principal\/category\/politica\/"},"img":{"alt_text":"Pirotta, Momo Vengas, Jos\u00e9 Manuel de la Sota, partido fe mercedes","src":"https:\/\/i0.wp.com\/www.hoymercedes.com.ar\/principal\/wp-content\/uploads\/2014\/11\/Pirotta-MomoVenegas.jpg?resize=350%2C200&ssl=1","width":350,"height":200,"srcset":"https:\/\/i0.wp.com\/www.hoymercedes.com.ar\/principal\/wp-content\/uploads\/2014\/11\/Pirotta-MomoVenegas.jpg?resize=350%2C200&ssl=1 1x, https:\/\/i0.wp.com\/www.hoymercedes.com.ar\/principal\/wp-content\/uploads\/2014\/11\/Pirotta-MomoVenegas.jpg?resize=525%2C300&ssl=1 1.5x"},"classes":[]},{"id":35900,"url":"https:\/\/www.hoymercedes.com.ar\/principal\/2014\/09\/09\/momo-venegas-estara-en-mercedes-y-proclamara-autoridades-locales\/","url_meta":{"origin":38043,"position":2},"title":"Momo Venegas estar\u00e1 en Mercedes y proclamar\u00e1 autoridades locales","author":"hoymercedes","date":"9 septiembre, 2014","format":false,"excerpt":"Se\u00a0inform\u00f3 desde el espacio partidarior que proclamar\u00e1n \u00e9sta jueves a las autoridades locales del \u201cPartido de la Fe\u201d, espacio pol\u00edtico del dirigente rural Ger\u00f3nimo \u201cMomo\u201d Venegas. \"La sociedad necesita instituciones s\u00f3lidas, capaces de dialogar y de construir pol\u00edticas de gobierno\" afirm\u00f3 Ger\u00f3nimo \"Momo\"\u00a0 Venegas, Presidente del Partido Fe. Con su\u2026","rel":"","context":"En \u00abPolicial\u00bb","block_context":{"text":"Policial","link":"https:\/\/www.hoymercedes.com.ar\/principal\/category\/policial\/"},"img":{"alt_text":"MomoVenegas","src":"https:\/\/i0.wp.com\/www.hoymercedes.com.ar\/principal\/wp-content\/uploads\/2014\/09\/MomoVenegas.jpg?resize=350%2C200","width":350,"height":200,"srcset":"https:\/\/i0.wp.com\/www.hoymercedes.com.ar\/principal\/wp-content\/uploads\/2014\/09\/MomoVenegas.jpg?resize=350%2C200 1x, https:\/\/i0.wp.com\/www.hoymercedes.com.ar\/principal\/wp-content\/uploads\/2014\/09\/MomoVenegas.jpg?resize=525%2C300 1.5x"},"classes":[]},{"id":35971,"url":"https:\/\/www.hoymercedes.com.ar\/principal\/2014\/09\/11\/con-momovenegas-presente-lanzaron-partido-fe-mercedes\/","url_meta":{"origin":38043,"position":3},"title":"Con \u201cMomo\u201dVenegas\u00bb presente lanzaron Partido FE Mercedes","author":"hoymercedes","date":"11 septiembre, 2014","format":false,"excerpt":"Con la presencia de su m\u00e1ximo referente, Ger\u00f3nimo \u201cMomo\u201d Venegas, se llev\u00f3 a cabo la presentaci\u00f3n oficial del Partido Fe Mercedes proclamando su comisi\u00f3n directiva y su referente local Jorge Pirotta. Un buen marco de p\u00fablico fue parte del lanzamiento oficial del Partido Fe Mercedes proclamando como autoridad partidaria local\u2026","rel":"","context":"En \u00abPol\u00edtica\u00bb","block_context":{"text":"Pol\u00edtica","link":"https:\/\/www.hoymercedes.com.ar\/principal\/category\/politica\/"},"img":{"alt_text":"","src":"https:\/\/i0.wp.com\/www.hoymercedes.com.ar\/principal\/wp-content\/uploads\/2014\/09\/ELanzamientoPartidoFemercedesDSCN8877-150x150.jpg?resize=350%2C200&ssl=1","width":350,"height":200,"srcset":"https:\/\/i0.wp.com\/www.hoymercedes.com.ar\/principal\/wp-content\/uploads\/2014\/09\/ELanzamientoPartidoFemercedesDSCN8877-150x150.jpg?resize=350%2C200&ssl=1 1x, https:\/\/i0.wp.com\/www.hoymercedes.com.ar\/principal\/wp-content\/uploads\/2014\/09\/ELanzamientoPartidoFemercedesDSCN8877-150x150.jpg?resize=525%2C300&ssl=1 1.5x"},"classes":[]},{"id":72384,"url":"https:\/\/www.hoymercedes.com.ar\/principal\/2018\/02\/10\/partido-fe-arremete-contra-el-intendente-de-merlo\/","url_meta":{"origin":38043,"position":4},"title":"Partido FE arremete contra el Intendente de Merlo","author":"hoymercedes","date":"10 febrero, 2018","format":false,"excerpt":"Firmada por el titular del Partido FE Jorge Pirotta y el Vicepresidente del mismo Cecilio Salazar, el Partido FE de la provincia de Buenos Aires hizo p\u00fablica una declaraci\u00f3n contra el Intendente de Merlo Gustavo Men\u00e9ndez. La misma expresa: \"Evidentemente, el se\u00f1or Intendente de Merlo, Gustavo Men\u00e9ndez, se qued\u00f3 con\u2026","rel":"","context":"En \u00abPol\u00edtica\u00bb","block_context":{"text":"Pol\u00edtica","link":"https:\/\/www.hoymercedes.com.ar\/principal\/category\/politica\/"},"img":{"alt_text":"","src":"https:\/\/i0.wp.com\/www.hoymercedes.com.ar\/principal\/wp-content\/uploads\/2018\/02\/10-jorge-pirotta.jpg?resize=350%2C200&ssl=1","width":350,"height":200,"srcset":"https:\/\/i0.wp.com\/www.hoymercedes.com.ar\/principal\/wp-content\/uploads\/2018\/02\/10-jorge-pirotta.jpg?resize=350%2C200&ssl=1 1x, https:\/\/i0.wp.com\/www.hoymercedes.com.ar\/principal\/wp-content\/uploads\/2018\/02\/10-jorge-pirotta.jpg?resize=525%2C300&ssl=1 1.5x, https:\/\/i0.wp.com\/www.hoymercedes.com.ar\/principal\/wp-content\/uploads\/2018\/02\/10-jorge-pirotta.jpg?resize=700%2C400&ssl=1 2x"},"classes":[]},{"id":81439,"url":"https:\/\/www.hoymercedes.com.ar\/principal\/2018\/09\/22\/los-libros-de-dinova-llegaran-a-cada-alumno-de-escuelas-rurales\/","url_meta":{"origin":38043,"position":5},"title":"Los libros de Dinova llegar\u00e1n a cada alumno de escuelas rurales","author":"hoymercedes","date":"22 septiembre, 2018","format":false,"excerpt":"La Uni\u00f3n Argentina de Trabajadores Rurales y Estibadores (UATRE) lleva adelante un proyecto titulado \"Leer nos Hace Crecer\", una propuesta para que los dos libros de cuentos del escritor mercedino Oscar Dinova lleguen a la zona rural. El gremio hizo una edici\u00f3n especial, sin valor comercial, de los libros \"Cr\u00f3nicas\u2026","rel":"","context":"En \u00abCultura\u00bb","block_context":{"text":"Cultura","link":"https:\/\/www.hoymercedes.com.ar\/principal\/category\/cultura\/"},"img":{"alt_text":"","src":"https:\/\/i0.wp.com\/www.hoymercedes.com.ar\/principal\/wp-content\/uploads\/2018\/09\/22-libros-uatre.jpg?resize=350%2C200&ssl=1","width":350,"height":200,"srcset":"https:\/\/i0.wp.com\/www.hoymercedes.com.ar\/principal\/wp-content\/uploads\/2018\/09\/22-libros-uatre.jpg?resize=350%2C200&ssl=1 1x, https:\/\/i0.wp.com\/www.hoymercedes.com.ar\/principal\/wp-content\/uploads\/2018\/09\/22-libros-uatre.jpg?resize=525%2C300&ssl=1 1.5x"},"classes":[]}],"_links":{"self":[{"href":"https:\/\/www.hoymercedes.com.ar\/principal\/wp-json\/wp\/v2\/posts\/38043","targetHints":{"allow":["GET"]}}],"collection":[{"href":"https:\/\/www.hoymercedes.com.ar\/principal\/wp-json\/wp\/v2\/posts"}],"about":[{"href":"https:\/\/www.hoymercedes.com.ar\/principal\/wp-json\/wp\/v2\/types\/post"}],"author":[{"embeddable":true,"href":"https:\/\/www.hoymercedes.com.ar\/principal\/wp-json\/wp\/v2\/users\/1"}],"replies":[{"embeddable":true,"href":"https:\/\/www.hoymercedes.com.ar\/principal\/wp-json\/wp\/v2\/comments?post=38043"}],"version-history":[{"count":0,"href":"https:\/\/www.hoymercedes.com.ar\/principal\/wp-json\/wp\/v2\/posts\/38043\/revisions"}],"wp:attachment":[{"href":"https:\/\/www.hoymercedes.com.ar\/principal\/wp-json\/wp\/v2\/media?parent=38043"}],"wp:term":[{"taxonomy":"category","embeddable":true,"href":"https:\/\/www.hoymercedes.com.ar\/principal\/wp-json\/wp\/v2\/categories?post=38043"},{"taxonomy":"post_tag","embeddable":true,"href":"https:\/\/www.hoymercedes.com.ar\/principal\/wp-json\/wp\/v2\/tags?post=38043"}],"curies":[{"name":"wp","href":"https:\/\/api.w.org\/{rel}","templated":true}]}}