{"id":38050,"date":"2014-11-28T08:40:09","date_gmt":"2014-11-28T11:40:09","guid":{"rendered":"http:\/\/www.hoymercedes.com.ar\/principal\/?p=38050"},"modified":"2014-12-18T13:55:34","modified_gmt":"2014-12-18T16:55:34","slug":"basilicas-de-mercedes-y-lujan-recibiran-obras-y-puesta-en-valor-desde-nacion","status":"publish","type":"post","link":"https:\/\/www.hoymercedes.com.ar\/principal\/2014\/11\/28\/basilicas-de-mercedes-y-lujan-recibiran-obras-y-puesta-en-valor-desde-nacion\/","title":{"rendered":"Bas\u00edlicas de Mercedes y Luj\u00e1n recibir\u00e1n obras y puesta en valor desde Naci\u00f3n"},"content":{"rendered":"<p><a href=\"https:\/\/www.hoymercedes.com.ar\/principal\/wp-content\/uploads\/2014\/11\/depedro-cristinafernandez-representancieseclesiasticos.jpg\"><img loading=\"lazy\" decoding=\"async\" data-attachment-id=\"38051\" data-permalink=\"https:\/\/www.hoymercedes.com.ar\/principal\/2014\/11\/28\/basilicas-de-mercedes-y-lujan-recibiran-obras-y-puesta-en-valor-desde-nacion\/depedro-cristinafernandez-representancieseclesiasticos\/#main\" data-orig-file=\"https:\/\/www.hoymercedes.com.ar\/principal\/wp-content\/uploads\/2014\/11\/depedro-cristinafernandez-representancieseclesiasticos.jpg\" data-orig-size=\"620,343\" data-comments-opened=\"1\" data-image-meta=\"{&quot;aperture&quot;:&quot;0&quot;,&quot;credit&quot;:&quot;&quot;,&quot;camera&quot;:&quot;&quot;,&quot;caption&quot;:&quot;&quot;,&quot;created_timestamp&quot;:&quot;0&quot;,&quot;copyright&quot;:&quot;&quot;,&quot;focal_length&quot;:&quot;0&quot;,&quot;iso&quot;:&quot;0&quot;,&quot;shutter_speed&quot;:&quot;0&quot;,&quot;title&quot;:&quot;&quot;,&quot;orientation&quot;:&quot;0&quot;}\" data-image-title=\"depedro-cristinafernandez-representancieseclesiasticos\" data-image-description=\"\" data-image-caption=\"\" data-large-file=\"https:\/\/www.hoymercedes.com.ar\/principal\/wp-content\/uploads\/2014\/11\/depedro-cristinafernandez-representancieseclesiasticos.jpg\" class=\"aligncenter size-full wp-image-38051\" src=\"https:\/\/www.hoymercedes.com.ar\/principal\/wp-content\/uploads\/2014\/11\/depedro-cristinafernandez-representancieseclesiasticos.jpg\" alt=\"depedro-cristinafernandez-representancieseclesiasticos\" width=\"620\" height=\"343\" \/><\/a><\/p>\n<p><strong><em>La noticia se conoci\u00f3 tras la reuni\u00f3n de la Presidenta de la Naci\u00f3n con autoridades religiosas. En el encuentro estuvieron Nuncio Apost\u00f3lico en la Rep\u00fablica Argentina, Monse\u00f1or, Emil Paul Tscherrig. El ministro de Planificaci\u00f3n, Julio De Vido; el secretario de Obras P\u00fablicas, Jos\u00e9 L\u00f3pez; el secretario de Culto, Guillermo Oliveri; el subsecretario de la Presidencia, Gustavo L\u00f3pez; el diputado Nacional Eduardo De Pedro; el presidente de la Conferencia Episcopal Argentina, Monse\u00f1or Jos\u00e9 Mar\u00eda Arancedo; el arzobispo de Mercedes- Luj\u00e1n, Monse\u00f1or Agust\u00edn Radrizzani y autoridades eclesi\u00e1sticas.<\/em><\/strong><\/p>\n<p>El anuncio sobre Mercedes incluye obras en otras iglesias. Catedral Nuestra Se\u00f1ora de las Mercedes: El proyecto contempla la restauraci\u00f3n integral, dividida en dos etapas, de la Iglesia Catedral \u00abNuestra Se\u00f1ora de las Mercedes\u00bb. En la primera etapa se prev\u00e9 la restauraci\u00f3n de la fachada principal, fachadas laterales, \u00e1bside y torres. En la segunda, se proceder\u00e1 con la restauraci\u00f3n del interior de la bas\u00edlica y casa parroquial con una inversi\u00f3n total: $ 155.000.000.<\/p>\n<p>Las obras son acciones que ya estaban en planes del gobierno y la apertura de los sobres se realiz\u00f3 el 19 de este mes y la adjudicaci\u00f3n de la obra tendr\u00e1 lugar el 15 de febrero del a\u00f1o pr\u00f3ximo.<\/p>\n<p><strong>Otras iglesias<\/strong><\/p>\n<p>Bas\u00edlica de Luj\u00e1n: El proyecto contempla la restauraci\u00f3n y remodelaci\u00f3n del Descanso del Peregrino; la construcci\u00f3n del edificio baptisterio y la limpieza e impermeabilizaci\u00f3n de la fachada principal y de las torres de la Bas\u00edlica Nuestra Se\u00f1ora de Luj\u00e1n, adem\u00e1s de obras varias. Inversi\u00f3n total: 158.076.540<\/p>\n<p>Bas\u00edlica San Francisco de As\u00eds: El proyecto contempla la restauraci\u00f3n y puesta en valor de los exteriores, interiores y azoteas de la Bas\u00edlica San Francisco de As\u00eds, as\u00ed tambi\u00e9n como la remodelaci\u00f3n y puesta en valor de los exteriores y las azoteas de la Capilla San Roque. Inversi\u00f3n total: $ 94.306.615<\/p>\n<p>&nbsp;<\/p>\n","protected":false},"excerpt":{"rendered":"<p>La noticia se conoci\u00f3 tras la reuni\u00f3n de la Presidenta de la Naci\u00f3n con autoridades religiosas. En el encuentro estuvieron &#8230; <a title=\"Bas\u00edlicas de Mercedes y Luj\u00e1n recibir\u00e1n obras y puesta en valor desde Naci\u00f3n\" class=\"read-more\" href=\"https:\/\/www.hoymercedes.com.ar\/principal\/2014\/11\/28\/basilicas-de-mercedes-y-lujan-recibiran-obras-y-puesta-en-valor-desde-nacion\/\" aria-label=\"Leer m\u00e1s sobre Bas\u00edlicas de Mercedes y Luj\u00e1n recibir\u00e1n obras y puesta en valor desde Naci\u00f3n\">Leer m\u00e1s<\/a><\/p>\n","protected":false},"author":1,"featured_media":0,"comment_status":"open","ping_status":"open","sticky":false,"template":"","format":"standard","meta":{"_monsterinsights_skip_tracking":false,"_monsterinsights_sitenote_active":false,"_monsterinsights_sitenote_note":"","_monsterinsights_sitenote_category":0,"jetpack_post_was_ever_published":false,"_jetpack_newsletter_access":"","_jetpack_dont_email_post_to_subs":false,"_jetpack_newsletter_tier_id":0,"_jetpack_memberships_contains_paywalled_content":false,"_jetpack_memberships_contains_paid_content":false,"footnotes":"","jetpack_publicize_message":"","jetpack_publicize_feature_enabled":true,"jetpack_social_post_already_shared":false,"jetpack_social_options":{"image_generator_settings":{"template":"highway","default_image_id":0,"font":"","enabled":false},"version":2},"_wpas_customize_per_network":false},"categories":[8],"tags":[6505,6506,1157,281],"class_list":["post-38050","post","type-post","status-publish","format-standard","hentry","category-sociedad","tag-basilica-de-mercedes","tag-basilica-de-mercedes-y-lujan-recibiran-obras-y-puesta-en-valor-desde-nacion","tag-cristina-fernandez-de-kirchner","tag-wado-de-pedro","generate-columns","tablet-grid-50","mobile-grid-100","grid-parent","grid-50"],"jetpack_publicize_connections":[],"jetpack_featured_media_url":"","wps_subtitle":"Obra p\u00fablica nacional","jetpack_sharing_enabled":true,"_links":{"self":[{"href":"https:\/\/www.hoymercedes.com.ar\/principal\/wp-json\/wp\/v2\/posts\/38050","targetHints":{"allow":["GET"]}}],"collection":[{"href":"https:\/\/www.hoymercedes.com.ar\/principal\/wp-json\/wp\/v2\/posts"}],"about":[{"href":"https:\/\/www.hoymercedes.com.ar\/principal\/wp-json\/wp\/v2\/types\/post"}],"author":[{"embeddable":true,"href":"https:\/\/www.hoymercedes.com.ar\/principal\/wp-json\/wp\/v2\/users\/1"}],"replies":[{"embeddable":true,"href":"https:\/\/www.hoymercedes.com.ar\/principal\/wp-json\/wp\/v2\/comments?post=38050"}],"version-history":[{"count":0,"href":"https:\/\/www.hoymercedes.com.ar\/principal\/wp-json\/wp\/v2\/posts\/38050\/revisions"}],"wp:attachment":[{"href":"https:\/\/www.hoymercedes.com.ar\/principal\/wp-json\/wp\/v2\/media?parent=38050"}],"wp:term":[{"taxonomy":"category","embeddable":true,"href":"https:\/\/www.hoymercedes.com.ar\/principal\/wp-json\/wp\/v2\/categories?post=38050"},{"taxonomy":"post_tag","embeddable":true,"href":"https:\/\/www.hoymercedes.com.ar\/principal\/wp-json\/wp\/v2\/tags?post=38050"}],"curies":[{"name":"wp","href":"https:\/\/api.w.org\/{rel}","templated":true}]}}