{"id":38054,"date":"2014-11-28T09:07:59","date_gmt":"2014-11-28T12:07:59","guid":{"rendered":"http:\/\/www.hoymercedes.com.ar\/principal\/?p=38054"},"modified":"2014-12-18T14:01:44","modified_gmt":"2014-12-18T17:01:44","slug":"detenidos-al-verlos-por-las-camaras-en-intercambio-prohibido","status":"publish","type":"post","link":"https:\/\/www.hoymercedes.com.ar\/principal\/2014\/11\/28\/detenidos-al-verlos-por-las-camaras-en-intercambio-prohibido\/","title":{"rendered":"Detenidos al verlos por las c\u00e1maras en intercambio prohibido"},"content":{"rendered":"<p><a href=\"https:\/\/www.hoymercedes.com.ar\/principal\/wp-content\/uploads\/2014\/11\/policia1.jpg\"><img loading=\"lazy\" decoding=\"async\" data-attachment-id=\"37939\" data-permalink=\"https:\/\/www.hoymercedes.com.ar\/principal\/2014\/11\/23\/accidente-fatal-en-ruta-n41-con-dos-jovenes-como-victimas\/policia-16\/#main\" data-orig-file=\"https:\/\/www.hoymercedes.com.ar\/principal\/wp-content\/uploads\/2014\/11\/policia1.jpg\" data-orig-size=\"620,148\" data-comments-opened=\"1\" data-image-meta=\"{&quot;aperture&quot;:&quot;0&quot;,&quot;credit&quot;:&quot;&quot;,&quot;camera&quot;:&quot;&quot;,&quot;caption&quot;:&quot;&quot;,&quot;created_timestamp&quot;:&quot;0&quot;,&quot;copyright&quot;:&quot;&quot;,&quot;focal_length&quot;:&quot;0&quot;,&quot;iso&quot;:&quot;0&quot;,&quot;shutter_speed&quot;:&quot;0&quot;,&quot;title&quot;:&quot;&quot;,&quot;orientation&quot;:&quot;0&quot;}\" data-image-title=\"policia\" data-image-description=\"\" data-image-caption=\"\" data-large-file=\"https:\/\/www.hoymercedes.com.ar\/principal\/wp-content\/uploads\/2014\/11\/policia1.jpg\" class=\"Img2014 aligncenter wp-image-37939 size-full\" src=\"https:\/\/www.hoymercedes.com.ar\/principal\/wp-content\/uploads\/2014\/11\/policia1.jpg\" alt=\"policia\" width=\"620\" height=\"148\" \/><\/a><\/p>\n<p><em><strong>Las c\u00e1maras de seguridad permitieron, a partir de las visualizaciones que ven\u00edan realizando los operadores, detener a dos sujetos que estaban realizando una transacci\u00f3n con sustancias prohibidas.<\/strong><\/em><\/p>\n<p>Seg\u00fan se supo d\u00edas atr\u00e1s un alerta a la polic\u00eda local por parte de los operadores de las c\u00e1maras permitieron detener a dos masculinos con estupefacientes.<\/p>\n<p>El hecho se dio en el radio c\u00e9ntrico.<\/p>\n<p>Desde la polic\u00eda remarcaron la importancia de las c\u00e1maras. El personal policial de la comisar\u00eda se encontr\u00f3 con la compra de los elementos prohibidos.<\/p>\n<p>Los detenidos quedaron a disposici\u00f3n de la fiscal\u00eda. Recuperaron su libertad, pero, sigue el proceso de la causa.<\/p>\n<p>&nbsp;<\/p>\n","protected":false},"excerpt":{"rendered":"<p>Las c\u00e1maras de seguridad permitieron, a partir de las visualizaciones que ven\u00edan realizando los operadores, detener a dos sujetos que &#8230; <a title=\"Detenidos al verlos por las c\u00e1maras en intercambio prohibido\" class=\"read-more\" href=\"https:\/\/www.hoymercedes.com.ar\/principal\/2014\/11\/28\/detenidos-al-verlos-por-las-camaras-en-intercambio-prohibido\/\" aria-label=\"Leer m\u00e1s sobre Detenidos al verlos por las c\u00e1maras en intercambio prohibido\">Leer m\u00e1s<\/a><\/p>\n","protected":false},"author":1,"featured_media":0,"comment_status":"open","ping_status":"open","sticky":false,"template":"","format":"standard","meta":{"_monsterinsights_skip_tracking":false,"_monsterinsights_sitenote_active":false,"_monsterinsights_sitenote_note":"","_monsterinsights_sitenote_category":0,"jetpack_post_was_ever_published":false,"_jetpack_newsletter_access":"","_jetpack_dont_email_post_to_subs":false,"_jetpack_newsletter_tier_id":0,"_jetpack_memberships_contains_paywalled_content":false,"_jetpack_memberships_contains_paid_content":false,"footnotes":"","jetpack_publicize_message":"","jetpack_publicize_feature_enabled":true,"jetpack_social_post_already_shared":false,"jetpack_social_options":{"image_generator_settings":{"template":"highway","default_image_id":0,"font":"","enabled":false},"version":2},"_wpas_customize_per_network":false},"categories":[85],"tags":[6507,1752,126],"class_list":["post-38054","post","type-post","status-publish","format-standard","hentry","category-policial","tag-martignone","tag-policia-comunal-mercedes","tag-policia-mercedes","generate-columns","tablet-grid-50","mobile-grid-100","grid-parent","grid-50"],"jetpack_publicize_connections":[],"jetpack_featured_media_url":"","wps_subtitle":"C\u00e1maras municipales ","jetpack_sharing_enabled":true,"_links":{"self":[{"href":"https:\/\/www.hoymercedes.com.ar\/principal\/wp-json\/wp\/v2\/posts\/38054","targetHints":{"allow":["GET"]}}],"collection":[{"href":"https:\/\/www.hoymercedes.com.ar\/principal\/wp-json\/wp\/v2\/posts"}],"about":[{"href":"https:\/\/www.hoymercedes.com.ar\/principal\/wp-json\/wp\/v2\/types\/post"}],"author":[{"embeddable":true,"href":"https:\/\/www.hoymercedes.com.ar\/principal\/wp-json\/wp\/v2\/users\/1"}],"replies":[{"embeddable":true,"href":"https:\/\/www.hoymercedes.com.ar\/principal\/wp-json\/wp\/v2\/comments?post=38054"}],"version-history":[{"count":0,"href":"https:\/\/www.hoymercedes.com.ar\/principal\/wp-json\/wp\/v2\/posts\/38054\/revisions"}],"wp:attachment":[{"href":"https:\/\/www.hoymercedes.com.ar\/principal\/wp-json\/wp\/v2\/media?parent=38054"}],"wp:term":[{"taxonomy":"category","embeddable":true,"href":"https:\/\/www.hoymercedes.com.ar\/principal\/wp-json\/wp\/v2\/categories?post=38054"},{"taxonomy":"post_tag","embeddable":true,"href":"https:\/\/www.hoymercedes.com.ar\/principal\/wp-json\/wp\/v2\/tags?post=38054"}],"curies":[{"name":"wp","href":"https:\/\/api.w.org\/{rel}","templated":true}]}}