{"id":38064,"date":"2014-11-28T13:01:53","date_gmt":"2014-11-28T16:01:53","guid":{"rendered":"http:\/\/www.hoymercedes.com.ar\/principal\/?p=38064"},"modified":"2014-11-28T13:03:57","modified_gmt":"2014-11-28T16:03:57","slug":"mic-continua-su-campana-y-junta-tapitas-para-escuela-n26","status":"publish","type":"post","link":"https:\/\/www.hoymercedes.com.ar\/principal\/2014\/11\/28\/mic-continua-su-campana-y-junta-tapitas-para-escuela-n26\/","title":{"rendered":"MIC contin\u00faa su campa\u00f1a y junta tapitas para Escuela N\u00b026"},"content":{"rendered":"<p><a href=\"https:\/\/www.hoymercedes.com.ar\/principal\/wp-content\/uploads\/2014\/11\/mic-tapitas-escuela26.jpg\"><img loading=\"lazy\" decoding=\"async\" data-attachment-id=\"38065\" data-permalink=\"https:\/\/www.hoymercedes.com.ar\/principal\/2014\/11\/28\/mic-continua-su-campana-y-junta-tapitas-para-escuela-n26\/mic-tapitas-escuela26\/#main\" data-orig-file=\"https:\/\/www.hoymercedes.com.ar\/principal\/wp-content\/uploads\/2014\/11\/mic-tapitas-escuela26.jpg\" data-orig-size=\"620,391\" data-comments-opened=\"1\" data-image-meta=\"{&quot;aperture&quot;:&quot;0&quot;,&quot;credit&quot;:&quot;&quot;,&quot;camera&quot;:&quot;&quot;,&quot;caption&quot;:&quot;&quot;,&quot;created_timestamp&quot;:&quot;0&quot;,&quot;copyright&quot;:&quot;&quot;,&quot;focal_length&quot;:&quot;0&quot;,&quot;iso&quot;:&quot;0&quot;,&quot;shutter_speed&quot;:&quot;0&quot;,&quot;title&quot;:&quot;&quot;,&quot;orientation&quot;:&quot;0&quot;}\" data-image-title=\"mic-tapitas-escuela26\" data-image-description=\"\" data-image-caption=\"\" data-large-file=\"https:\/\/www.hoymercedes.com.ar\/principal\/wp-content\/uploads\/2014\/11\/mic-tapitas-escuela26.jpg\" class=\"aligncenter size-full wp-image-38065\" src=\"https:\/\/www.hoymercedes.com.ar\/principal\/wp-content\/uploads\/2014\/11\/mic-tapitas-escuela26.jpg\" alt=\"mic-tapitas-escuela26\" width=\"620\" height=\"391\" \/><\/a><\/p>\n<p><strong><em><span style=\"color: #000000;\">El Eje Vertebrador del Mercedes Independiente Comunal (MIC) es la Educaci\u00f3n, por eso valoran todos los proyectos que apunten a concientizar a los mercedinos. En el caso del cuidado del ambiente creen en la pol\u00edtica de la triple R (Reciclar, Reutilizar y Reducir la basura).<\/span><\/em><\/strong><\/p>\n<p><span style=\"color: #000000;\">Est\u00e1n trabajando para que los vecinos se comprometan con este cambio cultural. Es as\u00ed que reciben tapitas de pl\u00e1stico, en principio en el evento que llevaron a cabo, conmemorando el d\u00eda del ambiente en la Plaza San Mart\u00edn, y a partir de esto <\/span><span style=\"color: #000000;\">\u00a0<\/span><span style=\"color: #000000;\">en el local Partidario, ubicado en Avenida 17 entre calles 12 y 14, para colaborar con la Asociaci\u00f3n Cooperadora de la Escuela N\u00b0 26 \u201cProvincia del Chaco\u201d que tiene un proyecto educativo al respecto.<\/span><\/p>\n<p><span style=\"color: #000000;\">Los concejales del MIC, Jos\u00e9 Cestari y Juan Carlos Badano, visitaron la instituci\u00f3n educativa rural, localizada en la prolongaci\u00f3n de la calle 26, cercana al Aeroclub Mercedes, para hacer entrega de las tapitas de pl\u00e1stico (alrededor de 70 Kg) juntadas a la fecha (aporte de todos los mercedinos), y fueron recibidos por la Directora, Mar\u00eda Teresa Russo y el Presidente de la Asociaci\u00f3n Cooperadora y casero de la Escuela desde hace 35 a\u00f1os Efren Dematei.<\/span><\/p>\n<p>&nbsp;<\/p>\n<p>&nbsp;<\/p>\n<p><span style=\"color: #000000;\">En el local del MIC seguir\u00e1n recibiendo tapitas de pl\u00e1stico para la Escuela Primaria N\u00b0 26, los d\u00edas martes de 20 a 21 hs y los s\u00e1bados de 11 a 12 hs. Asimismo se entregar\u00e1n folletos donde se explica c\u00f3mo separar los residuos en secos (reciclables y no reciclables) y h\u00famedos.<\/span><span style=\"color: #000000;\">\u00a0\u00a0 <\/span><span style=\"color: #000000;\">\u00a0<\/span><\/p>\n","protected":false},"excerpt":{"rendered":"<p>El Eje Vertebrador del Mercedes Independiente Comunal (MIC) es la Educaci\u00f3n, por eso valoran todos los proyectos que apunten a &#8230; <a title=\"MIC contin\u00faa su campa\u00f1a y junta tapitas para Escuela N\u00b026\" class=\"read-more\" href=\"https:\/\/www.hoymercedes.com.ar\/principal\/2014\/11\/28\/mic-continua-su-campana-y-junta-tapitas-para-escuela-n26\/\" aria-label=\"Leer m\u00e1s sobre MIC contin\u00faa su campa\u00f1a y junta tapitas para Escuela N\u00b026\">Leer m\u00e1s<\/a><\/p>\n","protected":false},"author":1,"featured_media":0,"comment_status":"open","ping_status":"open","sticky":false,"template":"","format":"standard","meta":{"_monsterinsights_skip_tracking":false,"_monsterinsights_sitenote_active":false,"_monsterinsights_sitenote_note":"","_monsterinsights_sitenote_category":0,"jetpack_post_was_ever_published":false,"_jetpack_newsletter_access":"","_jetpack_dont_email_post_to_subs":false,"_jetpack_newsletter_tier_id":0,"_jetpack_memberships_contains_paywalled_content":false,"_jetpack_memberships_contains_paid_content":false,"footnotes":"","jetpack_publicize_message":"","jetpack_publicize_feature_enabled":true,"jetpack_social_post_already_shared":false,"jetpack_social_options":{"image_generator_settings":{"template":"highway","default_image_id":0,"font":"","enabled":false},"version":2},"_wpas_customize_per_network":false},"categories":[5],"tags":[287,321,4098,1972,1956],"class_list":["post-38064","post","type-post","status-publish","format-standard","hentry","category-politica","tag-bomberos-mercedes","tag-jose-cestari","tag-juan-carlos-badano","tag-mic","tag-mic-mercedes","generate-columns","tablet-grid-50","mobile-grid-100","grid-parent","grid-50"],"jetpack_publicize_connections":[],"jetpack_featured_media_url":"","wps_subtitle":"Campa\u00f1a solidaria para escuela rural","jetpack_sharing_enabled":true,"jetpack-related-posts":[{"id":321,"url":"https:\/\/www.hoymercedes.com.ar\/principal\/2014\/07\/23\/mic-continua-tareas-de-accion-comunal-vistio-escuela-n26\/","url_meta":{"origin":38064,"position":0},"title":"MIC contin\u00faa tareas de acci\u00f3n comunal: visti\u00f3 escuela N\u00b026","author":"hoymercedes","date":"23 julio, 2014","format":false,"excerpt":"\u00a0 El Eje Vertebrador del Mercedes Independiente Comunal (MIC) es la Educaci\u00f3n, por eso valoran todos los proyectos que apunten a concientizar a los mercedinos. En el caso del cuidado del ambiente creen en la pol\u00edtica de la triple R (Reciclar, Reutilizar y Reducir la basura). Est\u00e1n trabajando para que\u2026","rel":"","context":"En \u00abPol\u00edtica\u00bb","block_context":{"text":"Pol\u00edtica","link":"https:\/\/www.hoymercedes.com.ar\/principal\/category\/politica\/"},"img":{"alt_text":"mic-escuela26","src":"https:\/\/i0.wp.com\/www.hoymercedes.com.ar.ar\/noticias\/wp-content\/uploads\/2014\/07\/mic-escuela26.jpg?resize=350%2C200","width":350,"height":200,"srcset":"https:\/\/i0.wp.com\/www.hoymercedes.com.ar.ar\/noticias\/wp-content\/uploads\/2014\/07\/mic-escuela26.jpg?resize=350%2C200 1x, https:\/\/i0.wp.com\/www.hoymercedes.com.ar.ar\/noticias\/wp-content\/uploads\/2014\/07\/mic-escuela26.jpg?resize=525%2C300 1.5x"},"classes":[]},{"id":34839,"url":"https:\/\/www.hoymercedes.com.ar\/principal\/2014\/08\/02\/mic-mercedes-apoya-candidatura-de-macri-como-presidente\/","url_meta":{"origin":38064,"position":1},"title":"MIC Mercedes apoya candidatura de Macri como Presidente","author":"hoymercedes","date":"2 agosto, 2014","format":false,"excerpt":"El s\u00e1bado 2 de agosto, el MIC en la esquina de calles 22 y 25, con la participaci\u00f3n de los concejales Jos\u00e9 Cestari y Juan Carlos Badano, militantes y fundamentalmente la juventud se sumaron a la acci\u00f3n a nivel nacional del PRO con m\u00e1s de 1.000 puestos repartidos en todo\u2026","rel":"","context":"En \u00abPol\u00edtica\u00bb","block_context":{"text":"Pol\u00edtica","link":"https:\/\/www.hoymercedes.com.ar\/principal\/category\/politica\/"},"img":{"alt_text":"MIC-PRO-I","src":"https:\/\/i0.wp.com\/www.hoymercedes.com.ar\/principal\/wp-content\/uploads\/2014\/08\/MIC-PRO-I.jpg?resize=350%2C200","width":350,"height":200,"srcset":"https:\/\/i0.wp.com\/www.hoymercedes.com.ar\/principal\/wp-content\/uploads\/2014\/08\/MIC-PRO-I.jpg?resize=350%2C200 1x, https:\/\/i0.wp.com\/www.hoymercedes.com.ar\/principal\/wp-content\/uploads\/2014\/08\/MIC-PRO-I.jpg?resize=525%2C300 1.5x"},"classes":[]},{"id":34913,"url":"https:\/\/www.hoymercedes.com.ar\/principal\/2014\/08\/06\/la-juventud-del-mic-vio-a-papa-noel-en-mercedes\/","url_meta":{"origin":38064,"position":2},"title":"La juventud del MIC vio a Pap\u00e1 Noel en Mercedes","author":"hoymercedes","date":"6 agosto, 2014","format":false,"excerpt":"Por MIC Mercedes\u00a0 Con tantos \u00e1rboles adornados en la rivera del r\u00edo Lujan, Papa Noel se confundi\u00f3 y vino a Mercedes antes de lo previsto, grande fue la sorpresa al encontrarse con estos adornos basurales cerca del centenario Parque Municipal Independencia. Mientras los d\u00edas siguen corriendo el ambiente contin\u00faa mostrando\u2026","rel":"","context":"En \u00abOpini\u00f3n\u00bb","block_context":{"text":"Opini\u00f3n","link":"https:\/\/www.hoymercedes.com.ar\/principal\/category\/opinion\/"},"img":{"alt_text":"Mic-Juventud","src":"https:\/\/i0.wp.com\/www.hoymercedes.com.ar\/principal\/wp-content\/uploads\/2014\/08\/Mic-Juventud.jpg?resize=350%2C200","width":350,"height":200,"srcset":"https:\/\/i0.wp.com\/www.hoymercedes.com.ar\/principal\/wp-content\/uploads\/2014\/08\/Mic-Juventud.jpg?resize=350%2C200 1x, https:\/\/i0.wp.com\/www.hoymercedes.com.ar\/principal\/wp-content\/uploads\/2014\/08\/Mic-Juventud.jpg?resize=525%2C300 1.5x"},"classes":[]},{"id":26525,"url":"https:\/\/www.hoymercedes.com.ar\/principal\/2013\/10\/13\/mic-solicita-eco-refugio-canino\/","url_meta":{"origin":38064,"position":3},"title":"MIC solicita Eco Refugio canino","author":"hoymercedes","date":"13 octubre, 2013","format":false,"excerpt":"Este mi\u00e9rcoles 9 de octubre, el partido Mercedes Independiente Comunal (MIC), a trav\u00e9s de su representante el concejal Jos\u00e9 Cestari, present\u00f3 el Proyecto de Ordenanza para el mejoramiento del Refugio Canino Municipal, que ser\u00e1 tratado en la Sesi\u00f3n Ordinaria del HCD del pr\u00f3ximo martes 15 de octubre a partir de\u2026","rel":"","context":"En \u00abPol\u00edtica\u00bb","block_context":{"text":"Pol\u00edtica","link":"https:\/\/www.hoymercedes.com.ar\/principal\/category\/politica\/"},"img":{"alt_text":"MIC","src":"https:\/\/i0.wp.com\/www.hoymercedes.com.ar\/principal\/wp-content\/uploads\/2013\/10\/MIC.jpg?resize=350%2C200","width":350,"height":200,"srcset":"https:\/\/i0.wp.com\/www.hoymercedes.com.ar\/principal\/wp-content\/uploads\/2013\/10\/MIC.jpg?resize=350%2C200 1x, https:\/\/i0.wp.com\/www.hoymercedes.com.ar\/principal\/wp-content\/uploads\/2013\/10\/MIC.jpg?resize=525%2C300 1.5x"},"classes":[]},{"id":14791,"url":"https:\/\/www.hoymercedes.com.ar\/principal\/2012\/07\/27\/mic-presenta-proyecto-por-basural-no-autorizado\/","url_meta":{"origin":38064,"position":4},"title":"MIC presenta proyecto por basural no autorizado","author":"hoymercedes","date":"27 julio, 2012","format":false,"excerpt":"El MIC Mercedes encabezado por el concejal Jos\u00e9 Cestari present\u00f3 un proyecto para tratar dentro del cuerpo legislativo y su posterior accionar desde el espacio municipal un basural clandestino en calle\u00a083 y 6 (lado sudeste)\u00a0 Barrio Ravelo. El priyecto presentado dice lo siguiente: La presencia de un basural no autorizado\u2026","rel":"","context":"En \u00abPol\u00edtica\u00bb","block_context":{"text":"Pol\u00edtica","link":"https:\/\/www.hoymercedes.com.ar\/principal\/category\/politica\/"},"img":{"alt_text":"","src":"","width":0,"height":0},"classes":[]},{"id":23093,"url":"https:\/\/www.hoymercedes.com.ar\/principal\/2013\/06\/22\/cestari-va-por-la-reeleccion-lista-completa-del-mic-mercedes\/","url_meta":{"origin":38064,"position":5},"title":"Cestari va por la reelecci\u00f3n. Lista completa del MIC Mercedes","author":"hoymercedes","date":"22 junio, 2013","format":false,"excerpt":"El actual concejal, Profesor Jos\u00e9 Cestari, ir\u00e1 por la renovaci\u00f3n de su banca en las pr\u00f3ximas elecciones por medio del \"Mercedes Independiente Comunal\" y sin efectuar alianzas en otras esferas, como son las provinciales y nacionales. Ir\u00e1n \"s\u00f3los\", afirma Cestari. Por su parte, el MIC tiene ya su primer local\u2026","rel":"","context":"En \u00abPol\u00edtica\u00bb","block_context":{"text":"Pol\u00edtica","link":"https:\/\/www.hoymercedes.com.ar\/principal\/category\/politica\/"},"img":{"alt_text":"MIc Mercedes ","src":"https:\/\/i0.wp.com\/www.hoymercedes.com.ar\/principal\/wp-content\/uploads\/2013\/06\/MIC-Local.jpg?resize=350%2C200","width":350,"height":200,"srcset":"https:\/\/i0.wp.com\/www.hoymercedes.com.ar\/principal\/wp-content\/uploads\/2013\/06\/MIC-Local.jpg?resize=350%2C200 1x, https:\/\/i0.wp.com\/www.hoymercedes.com.ar\/principal\/wp-content\/uploads\/2013\/06\/MIC-Local.jpg?resize=525%2C300 1.5x"},"classes":[]}],"_links":{"self":[{"href":"https:\/\/www.hoymercedes.com.ar\/principal\/wp-json\/wp\/v2\/posts\/38064","targetHints":{"allow":["GET"]}}],"collection":[{"href":"https:\/\/www.hoymercedes.com.ar\/principal\/wp-json\/wp\/v2\/posts"}],"about":[{"href":"https:\/\/www.hoymercedes.com.ar\/principal\/wp-json\/wp\/v2\/types\/post"}],"author":[{"embeddable":true,"href":"https:\/\/www.hoymercedes.com.ar\/principal\/wp-json\/wp\/v2\/users\/1"}],"replies":[{"embeddable":true,"href":"https:\/\/www.hoymercedes.com.ar\/principal\/wp-json\/wp\/v2\/comments?post=38064"}],"version-history":[{"count":0,"href":"https:\/\/www.hoymercedes.com.ar\/principal\/wp-json\/wp\/v2\/posts\/38064\/revisions"}],"wp:attachment":[{"href":"https:\/\/www.hoymercedes.com.ar\/principal\/wp-json\/wp\/v2\/media?parent=38064"}],"wp:term":[{"taxonomy":"category","embeddable":true,"href":"https:\/\/www.hoymercedes.com.ar\/principal\/wp-json\/wp\/v2\/categories?post=38064"},{"taxonomy":"post_tag","embeddable":true,"href":"https:\/\/www.hoymercedes.com.ar\/principal\/wp-json\/wp\/v2\/tags?post=38064"}],"curies":[{"name":"wp","href":"https:\/\/api.w.org\/{rel}","templated":true}]}}