{"id":38091,"date":"2014-11-29T22:17:54","date_gmt":"2014-11-30T01:17:54","guid":{"rendered":"http:\/\/www.hoymercedes.com.ar\/principal\/?p=38091"},"modified":"2014-11-29T22:18:16","modified_gmt":"2014-11-30T01:18:16","slug":"union-de-usuarios-viales-ponen-en-debate-el-estado-de-las-rutas-y-la-publicidad-sciolista","status":"publish","type":"post","link":"https:\/\/www.hoymercedes.com.ar\/principal\/2014\/11\/29\/union-de-usuarios-viales-ponen-en-debate-el-estado-de-las-rutas-y-la-publicidad-sciolista\/","title":{"rendered":"Uni\u00f3n de Usuarios Viales ponen en debate el estado de las rutas y la publicidad sciolista"},"content":{"rendered":"<p><a href=\"https:\/\/www.hoymercedes.com.ar\/principal\/wp-content\/uploads\/2014\/11\/movil-ruta-scioli-300x182.jpg\"><img loading=\"lazy\" decoding=\"async\" data-attachment-id=\"38092\" data-permalink=\"https:\/\/www.hoymercedes.com.ar\/principal\/2014\/11\/29\/union-de-usuarios-viales-ponen-en-debate-el-estado-de-las-rutas-y-la-publicidad-sciolista\/movil-ruta-scioli-300x182\/#main\" data-orig-file=\"https:\/\/www.hoymercedes.com.ar\/principal\/wp-content\/uploads\/2014\/11\/movil-ruta-scioli-300x182.jpg\" data-orig-size=\"300,182\" data-comments-opened=\"1\" data-image-meta=\"{&quot;aperture&quot;:&quot;0&quot;,&quot;credit&quot;:&quot;&quot;,&quot;camera&quot;:&quot;&quot;,&quot;caption&quot;:&quot;&quot;,&quot;created_timestamp&quot;:&quot;0&quot;,&quot;copyright&quot;:&quot;&quot;,&quot;focal_length&quot;:&quot;0&quot;,&quot;iso&quot;:&quot;0&quot;,&quot;shutter_speed&quot;:&quot;0&quot;,&quot;title&quot;:&quot;&quot;,&quot;orientation&quot;:&quot;0&quot;}\" data-image-title=\"movil-ruta-scioli-300&amp;#215;182\" data-image-description=\"\" data-image-caption=\"\" data-large-file=\"https:\/\/www.hoymercedes.com.ar\/principal\/wp-content\/uploads\/2014\/11\/movil-ruta-scioli-300x182.jpg\" class=\"Img2014 aligncenter wp-image-38092\" title=\"rutas daniel scioli\" src=\"https:\/\/www.hoymercedes.com.ar\/principal\/wp-content\/uploads\/2014\/11\/movil-ruta-scioli-300x182.jpg\" alt=\"movil-ruta-scioli-300x182\" width=\"620\" height=\"376\" \/><\/a><\/p>\n<p><em><strong>Un grupo de usuarios viales pone en el ojo del debate las acciones provinciales respecto al mantenimiento de las rutas que administra. Desde hace algunos a\u00f1os vienen reuni\u00e9ndose y reclamando por obras, seguridad vial, cumplimiento de contratos, controles y protecci\u00f3n de la vida humana, dejando en evidencia las contradicciones que existe entre el discurso y los hechos.<\/strong><\/em><\/p>\n<p>Tras una reuni\u00f3n efectuada hace casi dos semanas en la C\u00e1mara de Diputados provinciales la Uni\u00f3n de Usuarios Viales emiti\u00f3 un comunicado de prensa donde expresa su desacuerdo con las pol\u00edticas de Daniel Scioli y sus campa\u00f1as publicitarias.<\/p>\n<p>El comunicado expresa:<\/p>\n<p style=\"padding-left: 60px;\" align=\"justify\">Puesto en difusi\u00f3n el controvertido spot publicitario del \u201cOperativo sol\u201d, donde se enuncian datos falsos acerca de la problem\u00e1tica vial, la Uni\u00f3n de Usuarios Viales (UDUV) hace p\u00fablico un llamado a la reflexi\u00f3n dirigido al Gobierno de la Provincia de Buenos Aires, solicitando a tal efecto que rectifique su contenido. No es para menos, se difunde la falacia de los 3.340 kil\u00f3metros de rutas nuevas, construidas en la gesti\u00f3n del actual Gobernador Daniel Scioli, como a su vez, una pol\u00edtica de seguridad vial que mediante reiterados spot publicitarios dan a entender \u00e9xitos o metas alcanzadas, cuando en realidad la tendencia es regresiva.<\/p>\n<p style=\"padding-left: 60px;\" align=\"justify\">Sin desmerecer la finalidad de la campa\u00f1a del \u201cOperativo Sol\u201d, se cree innecesario e hiriente agregar publicidad sobre rutas nuevas y seguras, m\u00e1xime si esto va de la mano con un contexto anticipado de campa\u00f1a electoral, de cara a la candidatura a Presidente de la Naci\u00f3n. Ya son 7 actos pol\u00edtico-partidarios dentro y fuera del territorio bonaerense donde Daniel Scioli exalta que se han concluido obras que est\u00e1n en realidad paradas o nunca se iniciaron; como por ejemplo en la desafortunada declaraci\u00f3n que se atribu\u00eda haber terminado 4.000 kil\u00f3metros de rutas nuevas ante un medio de comunicaci\u00f3n nacional.<\/p>\n<p style=\"padding-left: 60px;\" align=\"justify\">Para la UDUV \u201cexhibir una realidad que no es, es mentir a la sociedad, y a su vez, negar la realidad o fantasear con ella. La realidad es que Argentina sigue siendo el segundo pa\u00eds con m\u00e1s muertes por accidentes de tr\u00e1nsito, y la provincia de Buenos Aires ocupa el primer lugar, aun considerando la proporci\u00f3n per c\u00e1pita de los 16 millones de bonaerenses que somos. Dentro de los causales de accidentes, el estado de las rutas representa el 38 % de los factores incidentes, pero si ese c\u00e1lculo lo aplicamos al interior provincial esa proporci\u00f3n asciende al 52 %. No es para menos, fuera de ciertos corredores viales, casi todas las rutas carecen de mantenimientos vitales, sin mencionar rutas que no se hacen ni en un 10 % de lo publicitado como hecho o logrado. Por ejemplo, en la Zona Vial VIII, que es casi la cuarta parte de la provincia no se ha construido una sola ruta en 20 a\u00f1os. Tampoco existe mayor seguridad vial si no se concibe a la misma como una pol\u00edtica integral; y no como un mero slogan de m\u00e1s polic\u00edas en la Costa y m\u00e1s controles simb\u00f3licos como Ud. Se\u00f1or Gobernador exalta en avisos publicitarios que costeamos todos los bonaerenses, inclusive de ciudades cabeceras que a lo largo de sus dos gestiones nunca visit\u00f3. Lo mismo corre para con las gigantograf\u00edas que la Provincia exhibe para esta propaganda, y que despu\u00e9s se carece en rutas asediadas por la falta de mantenimientos.\u201d<\/p>\n<p style=\"padding-left: 60px;\" align=\"justify\">No es tampoco el primer a\u00f1o donde la imprudencia impera, en detrimento de la verdad y afectando partidas que despu\u00e9s restan a prioridades viales. Vale incluir aqu\u00ed la exagerada publicidad de \u201cVamos a la playa\u201d hace dos veranos, o \u201cLa marea naranja\u201d un verano atr\u00e1s, y ahora \u201cActiva veraniega\u201d. Esto sucede como contracara de rutas mal mantenida por falta de fondos o mala administraci\u00f3n, dejando semi comunicadas a muchas localidades del interior, inclusive aquellas que a\u00fan no gozan siquiera de un kil\u00f3metro de pavimento.<\/p>\n<p style=\"padding-left: 60px;\" align=\"justify\">Por lo expuesto, se\u00f1or Gobernador, reflexione, rectifique y reoriente su pol\u00edtica de seguridad vial, y despu\u00e9s qu\u00e9dese tranquilo que la publicidad que tanto Ud. anhela llegara por si sola y en forma aut\u00e9ntica; y sin demandar gastos de recursos que tanto se necesitan para hacer justamente los 3.340 kil\u00f3metros que a\u00fan esperan ser terminados\u2026\u201d<\/p>\n","protected":false},"excerpt":{"rendered":"<p>Un grupo de usuarios viales pone en el ojo del debate las acciones provinciales respecto al mantenimiento de las rutas &#8230; <a title=\"Uni\u00f3n de Usuarios Viales ponen en debate el estado de las rutas y la publicidad sciolista\" class=\"read-more\" href=\"https:\/\/www.hoymercedes.com.ar\/principal\/2014\/11\/29\/union-de-usuarios-viales-ponen-en-debate-el-estado-de-las-rutas-y-la-publicidad-sciolista\/\" aria-label=\"Leer m\u00e1s sobre Uni\u00f3n de Usuarios Viales ponen en debate el estado de las rutas y la publicidad sciolista\">Leer m\u00e1s<\/a><\/p>\n","protected":false},"author":1,"featured_media":0,"comment_status":"open","ping_status":"open","sticky":false,"template":"","format":"standard","meta":{"_monsterinsights_skip_tracking":false,"_monsterinsights_sitenote_active":false,"_monsterinsights_sitenote_note":"","_monsterinsights_sitenote_category":0,"jetpack_post_was_ever_published":false,"_jetpack_newsletter_access":"","_jetpack_dont_email_post_to_subs":false,"_jetpack_newsletter_tier_id":0,"_jetpack_memberships_contains_paywalled_content":false,"_jetpack_memberships_contains_paid_content":false,"footnotes":"","jetpack_publicize_message":"","jetpack_publicize_feature_enabled":true,"jetpack_social_post_already_shared":false,"jetpack_social_options":{"image_generator_settings":{"template":"highway","default_image_id":0,"font":"","enabled":false},"version":2},"_wpas_customize_per_network":false},"categories":[1],"tags":[2754],"class_list":["post-38091","post","type-post","status-publish","format-standard","hentry","category-opinion","tag-union-de-usuarios-viales","generate-columns","tablet-grid-50","mobile-grid-100","grid-parent","grid-50"],"jetpack_publicize_connections":[],"jetpack_featured_media_url":"","wps_subtitle":"Seguridad vial ","jetpack_sharing_enabled":true,"_links":{"self":[{"href":"https:\/\/www.hoymercedes.com.ar\/principal\/wp-json\/wp\/v2\/posts\/38091","targetHints":{"allow":["GET"]}}],"collection":[{"href":"https:\/\/www.hoymercedes.com.ar\/principal\/wp-json\/wp\/v2\/posts"}],"about":[{"href":"https:\/\/www.hoymercedes.com.ar\/principal\/wp-json\/wp\/v2\/types\/post"}],"author":[{"embeddable":true,"href":"https:\/\/www.hoymercedes.com.ar\/principal\/wp-json\/wp\/v2\/users\/1"}],"replies":[{"embeddable":true,"href":"https:\/\/www.hoymercedes.com.ar\/principal\/wp-json\/wp\/v2\/comments?post=38091"}],"version-history":[{"count":0,"href":"https:\/\/www.hoymercedes.com.ar\/principal\/wp-json\/wp\/v2\/posts\/38091\/revisions"}],"wp:attachment":[{"href":"https:\/\/www.hoymercedes.com.ar\/principal\/wp-json\/wp\/v2\/media?parent=38091"}],"wp:term":[{"taxonomy":"category","embeddable":true,"href":"https:\/\/www.hoymercedes.com.ar\/principal\/wp-json\/wp\/v2\/categories?post=38091"},{"taxonomy":"post_tag","embeddable":true,"href":"https:\/\/www.hoymercedes.com.ar\/principal\/wp-json\/wp\/v2\/tags?post=38091"}],"curies":[{"name":"wp","href":"https:\/\/api.w.org\/{rel}","templated":true}]}}