{"id":3814,"date":"2011-04-28T00:43:51","date_gmt":"2011-04-28T00:43:51","guid":{"rendered":"http:\/\/www.hoymercedes.com.ar\/principal\/?p=3814"},"modified":"2011-04-28T00:43:51","modified_gmt":"2011-04-28T00:43:51","slug":"se-realizo-la-entrega-del-programa-pro-bienestar","status":"publish","type":"post","link":"https:\/\/www.hoymercedes.com.ar\/principal\/2011\/04\/28\/se-realizo-la-entrega-del-programa-pro-bienestar\/","title":{"rendered":"Se realizo la entrega del Programa Pro Bienestar"},"content":{"rendered":"<figure id=\"attachment_3816\" aria-describedby=\"caption-attachment-3816\" style=\"width: 290px\" class=\"wp-caption alignleft\"><a href=\"https:\/\/www.hoymercedes.com.ar\/principal\/wp-content\/uploads\/2011\/04\/ustarrozplanbienestar.jpg\"><img loading=\"lazy\" decoding=\"async\" data-attachment-id=\"3816\" data-permalink=\"https:\/\/www.hoymercedes.com.ar\/principal\/2011\/04\/28\/se-realizo-la-entrega-del-programa-pro-bienestar\/attachment\/3816\/#main\" data-orig-file=\"https:\/\/www.hoymercedes.com.ar\/principal\/wp-content\/uploads\/2011\/04\/ustarrozplanbienestar.jpg\" data-orig-size=\"300,225\" data-comments-opened=\"1\" data-image-meta=\"{&quot;aperture&quot;:&quot;3.2&quot;,&quot;credit&quot;:&quot;&quot;,&quot;camera&quot;:&quot;SAMSUNG ES15 \/ VLUU ES15 \/ SAMSUNG SL30&quot;,&quot;caption&quot;:&quot;&quot;,&quot;created_timestamp&quot;:&quot;1256148588&quot;,&quot;copyright&quot;:&quot;COPYRIGHT, 2009&quot;,&quot;focal_length&quot;:&quot;6.3&quot;,&quot;iso&quot;:&quot;200&quot;,&quot;shutter_speed&quot;:&quot;0.022222222222222&quot;,&quot;title&quot;:&quot;&lt;SAMSUNG DIGITAL CAMERA&gt;&quot;}\" data-image-title=\"Ustarroz\" data-image-description=\"&lt;p&gt;Ustarroz&lt;\/p&gt;\n\" data-image-caption=\"&lt;p&gt;Ustarroz&lt;\/p&gt;\n\" data-large-file=\"https:\/\/www.hoymercedes.com.ar\/principal\/wp-content\/uploads\/2011\/04\/ustarrozplanbienestar.jpg\" class=\"size-full wp-image-3816\" title=\"Ustarroz\" src=\"https:\/\/www.hoymercedes.com.ar\/principal\/wp-content\/uploads\/2011\/04\/ustarrozplanbienestar.jpg\" alt=\"Ustarroz\" width=\"300\" height=\"225\" \/><\/a><figcaption id=\"caption-attachment-3816\" class=\"wp-caption-text\">Ustarroz<\/figcaption><\/figure>\n<p>Como ocurre todos los meses, en el Centro de Jubilados Renacer se hizo la entrega del Programa Pro Bienestar, programa que busca elevar la calidad de vida de los beneficiarios de PAMI, all\u00ed se les entrego a los jubilados que se agrupan en esta instituci\u00f3n que funciona en el local de la Uni\u00f3n Ferroviaria, en 31 entre 24 y 26.<\/p>\n<p>Una de las iniciativas que surgi\u00f3 desde la nueva administraci\u00f3n del PAMI, a cargo de Pablo Perazzo, es que se aproveche el momento de la entrega del programa para realizar charlas explicativas y de concientizaci\u00f3n para los jubilados. En esta oportunidad, el Dr. Latr\u00f3nico fue quien disert\u00f3 sobre hipertensi\u00f3n.<\/p>\n<p>\u201cCon el presidente del centro de jubilados, Jos\u00e9 Flores, hace unos d\u00edas conversamos para que, en el momento en que se juntan muchos allegados al centro, traer a un m\u00e9dico de cabecera, como es el caso del Dr. Latr\u00f3nico, para dar una charla. En esta oportunidad hablar\u00e1 sobre hipertensi\u00f3n. Queremos trabajar en la prevenci\u00f3n\u201d, dijo el Jefe del PAMI a m\u00e1s de un centenar de abuelos que concurrieron al local.<\/p>\n<p>A partir de ahora, se aprovechar\u00e1n las veces que se entreguen los comestibles en los centros de jubilados para realizar charlas de este tipo.<\/p>\n<p>Jos\u00e9 Flores, presidente del Centro de Jubilados Renacer, manifest\u00f3 estar \u201cmuy contento\u201d con el trabajo de Pablo Perazzo al frente de PAMI. \u201cLa iniciativa que tuvo de traer a un Doctor a charlar con los abuelos y les aconseje y ense\u00f1e sobre temas que a ellos le preocupan, como es la hipertensi\u00f3n, que fue lo que se habl\u00f3 en esta oportunidad\u201d.<\/p>\n<p>Flores, adem\u00e1s, hizo referencia a que desde el PAMI se brindar\u00e1 ayuda al Centro de Jubilados: \u201cestamos necesitando algunas cosas que desde el Centro mismo no las podemos generar y se que desde PAMI nos van a poder ayudar\u201d<\/p>\n<p>Por otra parte, quien tambi\u00e9n particip\u00f3 fue el Jefe de la UDAI ANSeS, Juan Ignacio Ustarroz, quien habl\u00f3 sobre el Programa Mi TV Digital y de la accesibilidad que tiene para los jubilados que menos haberes perciben.<\/p>\n<p>\u201cEs un programa del gobierno nacional, gratuito. Destinado para los jubilados que cobran los haberes m\u00ednimos. Es la nueva modalidad para acceder a mirar televisi\u00f3n, con mejor definici\u00f3n que el cable\u201d, dijo Ustarroz, quien agreg\u00f3 que \u201ccon la instalaci\u00f3n de este decodificador los jubilados se libran de los costos del cable. Tiene canales culturales, de aire, de noticias, cubre todas las necesidades del acceso a la televisi\u00f3n. Es un programa muy importante, lanzado por el gobierno nacional a trav\u00e9s del ANSeS\u201d.<\/p>\n<p>Adem\u00e1s conto con empleados de estas dependencias para consultas por parte de los beneficiarios y el centro de Jubilados agradeci\u00f3 a la Comisi\u00f3n Directiva y a los voluntarios que el d\u00eda anterior estuvieron en el preparado del Programa.<\/p>\n<p>El PAMI y ANSES en Gowland<\/p>\n<p>La Jefatura del PAMI lanz\u00f3  en Gowland el Programa Pro bienestar y abarca las localidades de, adem\u00e1s de Gowland, Tom\u00e1s Jofr\u00e9, Goldney y Altamira.<\/p>\n<p>El centro de Gowland cuenta con varias dependencias, como cocina y enfermer\u00eda y funciona mediante la colaboraci\u00f3n de varios vecinos. Se realizan muchas actividades, como Gimnasia, Yoga y Taller de Memoria, aportados por la ayuda que le brinda el PAMI.<\/p>\n<p>Adem\u00e1s, organizan varios viajes anuales. En 2010 fueron 6 los que se realizaron a diferentes puntos del pa\u00eds y pr\u00f3ximamente habr\u00e1 uno a Santiago del Estero.<\/p>\n<p>En el centro ven favorable el cambio que hubo en la Jefatura del PAMI, como tambi\u00e9n la actuaci\u00f3n del Jefe de la ANSeS, Juan Ustarroz, que anteriormente hab\u00eda estado en reiteradas ocasiones en el Centro de Jubilados consultado sobre las necesidades de los abuelos de la Instituci\u00f3n, ya que creen necesario que en esos puestos haya sangre joven que empuje iniciativas hacia los m\u00e1s necesitados.<\/p>\n<p><span style=\"color: #888888;\">Fuente: FMpV<\/span><\/p>\n","protected":false},"excerpt":{"rendered":"<p>Como ocurre todos los meses, en el Centro de Jubilados Renacer se hizo la entrega del Programa Pro Bienestar, programa &#8230; <a title=\"Se realizo la entrega del Programa Pro Bienestar\" class=\"read-more\" href=\"https:\/\/www.hoymercedes.com.ar\/principal\/2011\/04\/28\/se-realizo-la-entrega-del-programa-pro-bienestar\/\" aria-label=\"Leer m\u00e1s sobre Se realizo la entrega del Programa Pro Bienestar\">Leer m\u00e1s<\/a><\/p>\n","protected":false},"author":1,"featured_media":0,"comment_status":"open","ping_status":"open","sticky":false,"template":"","format":"standard","meta":{"_monsterinsights_skip_tracking":false,"_monsterinsights_sitenote_active":false,"_monsterinsights_sitenote_note":"","_monsterinsights_sitenote_category":0,"jetpack_post_was_ever_published":false,"_jetpack_newsletter_access":"","_jetpack_dont_email_post_to_subs":false,"_jetpack_newsletter_tier_id":0,"_jetpack_memberships_contains_paywalled_content":false,"_jetpack_memberships_contains_paid_content":false,"footnotes":"","jetpack_publicize_message":"","jetpack_publicize_feature_enabled":true,"jetpack_social_post_already_shared":false,"jetpack_social_options":{"image_generator_settings":{"template":"highway","default_image_id":0,"font":"","enabled":false},"version":2},"_wpas_customize_per_network":false},"categories":[5],"tags":[379,424],"class_list":["post-3814","post","type-post","status-publish","format-standard","hentry","category-politica","tag-frente-mercedino-para-la-victoria","tag-ustarroz","generate-columns","tablet-grid-50","mobile-grid-100","grid-parent","grid-50"],"jetpack_publicize_connections":[],"jetpack_featured_media_url":"","wps_subtitle":"","jetpack_sharing_enabled":true,"_links":{"self":[{"href":"https:\/\/www.hoymercedes.com.ar\/principal\/wp-json\/wp\/v2\/posts\/3814","targetHints":{"allow":["GET"]}}],"collection":[{"href":"https:\/\/www.hoymercedes.com.ar\/principal\/wp-json\/wp\/v2\/posts"}],"about":[{"href":"https:\/\/www.hoymercedes.com.ar\/principal\/wp-json\/wp\/v2\/types\/post"}],"author":[{"embeddable":true,"href":"https:\/\/www.hoymercedes.com.ar\/principal\/wp-json\/wp\/v2\/users\/1"}],"replies":[{"embeddable":true,"href":"https:\/\/www.hoymercedes.com.ar\/principal\/wp-json\/wp\/v2\/comments?post=3814"}],"version-history":[{"count":0,"href":"https:\/\/www.hoymercedes.com.ar\/principal\/wp-json\/wp\/v2\/posts\/3814\/revisions"}],"wp:attachment":[{"href":"https:\/\/www.hoymercedes.com.ar\/principal\/wp-json\/wp\/v2\/media?parent=3814"}],"wp:term":[{"taxonomy":"category","embeddable":true,"href":"https:\/\/www.hoymercedes.com.ar\/principal\/wp-json\/wp\/v2\/categories?post=3814"},{"taxonomy":"post_tag","embeddable":true,"href":"https:\/\/www.hoymercedes.com.ar\/principal\/wp-json\/wp\/v2\/tags?post=3814"}],"curies":[{"name":"wp","href":"https:\/\/api.w.org\/{rel}","templated":true}]}}