{"id":38182,"date":"2014-12-03T00:30:29","date_gmt":"2014-12-03T03:30:29","guid":{"rendered":"http:\/\/www.hoymercedes.com.ar\/principal\/?p=38182"},"modified":"2014-12-03T00:32:24","modified_gmt":"2014-12-03T03:32:24","slug":"gran-fiesta-del-purim-este-domingo-en-agote-libre-y-gratuito","status":"publish","type":"post","link":"https:\/\/www.hoymercedes.com.ar\/principal\/2014\/12\/03\/gran-fiesta-del-purim-este-domingo-en-agote-libre-y-gratuito\/","title":{"rendered":"\u00abGran Fiesta del Purim\u00bb, este domingo, en Agote (Libre y gratuita)"},"content":{"rendered":"<p><a href=\"https:\/\/www.hoymercedes.com.ar\/principal\/wp-content\/uploads\/2014\/12\/fiestadelpurim.jpg\"><img loading=\"lazy\" decoding=\"async\" data-attachment-id=\"38183\" data-permalink=\"https:\/\/www.hoymercedes.com.ar\/principal\/2014\/12\/03\/gran-fiesta-del-purim-este-domingo-en-agote-libre-y-gratuito\/fiestadelpurim\/#main\" data-orig-file=\"https:\/\/www.hoymercedes.com.ar\/principal\/wp-content\/uploads\/2014\/12\/fiestadelpurim.jpg\" data-orig-size=\"620,827\" data-comments-opened=\"1\" data-image-meta=\"{&quot;aperture&quot;:&quot;0&quot;,&quot;credit&quot;:&quot;&quot;,&quot;camera&quot;:&quot;&quot;,&quot;caption&quot;:&quot;&quot;,&quot;created_timestamp&quot;:&quot;0&quot;,&quot;copyright&quot;:&quot;&quot;,&quot;focal_length&quot;:&quot;0&quot;,&quot;iso&quot;:&quot;0&quot;,&quot;shutter_speed&quot;:&quot;0&quot;,&quot;title&quot;:&quot;&quot;,&quot;orientation&quot;:&quot;0&quot;}\" data-image-title=\"fiestadelpurim\" data-image-description=\"\" data-image-caption=\"\" data-large-file=\"https:\/\/www.hoymercedes.com.ar\/principal\/wp-content\/uploads\/2014\/12\/fiestadelpurim.jpg\" class=\"Img2014 aligncenter wp-image-38183 size-full\" title=\"Fiesta del Purim, Agote\" src=\"https:\/\/www.hoymercedes.com.ar\/principal\/wp-content\/uploads\/2014\/12\/fiestadelpurim.jpg\" alt=\"Fiesta del Purim, Agote\" width=\"620\" height=\"827\" srcset=\"https:\/\/www.hoymercedes.com.ar\/principal\/wp-content\/uploads\/2014\/12\/fiestadelpurim.jpg 620w, https:\/\/www.hoymercedes.com.ar\/principal\/wp-content\/uploads\/2014\/12\/fiestadelpurim-464x620.jpg 464w\" sizes=\"auto, (max-width: 620px) 100vw, 620px\" \/><\/a><\/p>\n<p><strong><em>Este domingo la localidad de Agote vuelve a presentar para todos una interesante actividad. Se trata de la \u201cFiesta del Pur\u00edm\u201d en homenaje a la comunidad jud\u00eda. Ser\u00e1 en el predio de la tradicional estaci\u00f3n de ferrocarril.<\/em><\/strong><\/p>\n<p>Se trata de una actividad propia de la comunidad Judia, es una conmemoraci\u00f3n sobre el milagro que se relata en el Libro de Ester en el que los jud\u00edos se salvan de ser aniquilados por mandato del Rey Persa Asuero, all\u00e1 por el 450 antes de Cristo teni\u00e9ndose presente como uno de los d\u00edas m\u00e1s alegres para dicho pueblo.<\/p>\n<p>Desde las 11.00hs en la calle 516 y 507 de Agote se espera a todos los que deseen participar. Habr\u00e1 presencia de Colectividades, agrupaciones, desfile y entretenimientos. Tambi\u00e9n interpretaci\u00f3n de danzas t\u00edpicas.<\/p>\n<p>Un aspecto interesante es que se podr\u00e1n saborear comidas t\u00edpicas del pueblo jud\u00edo. Tambi\u00e9n Sabor Latino, Herencia Atamisque\u00f1a, el Instituto Coreogr\u00e1fico Argentino, Ayec\u00e1n, Ra\u00edces Mercedinas, Agitando Pa\u00f1uelos, Santa Cecilia, Nora y Alberto y la presencia de Ilusi\u00f3n Murguera, Los Pregoneros y The Perez Garc\u00eda.<\/p>\n<p>Cantina, asador criollo y artesanos. Todo con entrada libre y gratuita.<\/p>\n<p>Nuevamente la Comisi\u00f3n de Vecinos de El Arraigo, Agote, tiene para todos una propuesta cultural. Se realiza con participaci\u00f3n de la Municipalidad en la organizaci\u00f3n por medio de la Direcci\u00f3n de Cultura.<\/p>\n<p><strong>Fiesta del Pur\u00edm\u00a0<\/strong><\/p>\n<p>La fiesta de <b>Purim<\/b> (en <a title=\"Idioma hebreo\" href=\"http:\/\/es.wikipedia.org\/wiki\/Idioma_hebreo\" target=\"_blank\" rel=\"noopener\">hebreo<\/a>:<b>\u05e4\u05d5\u05e8\u05d9\u05dd<\/b>, P\u00fbr\u00eem = suertes<sup id=\"cite_ref-5\" class=\"reference\"><a href=\"http:\/\/es.wikipedia.org\/wiki\/Purim#cite_note-5\" target=\"_blank\" rel=\"noopener\">5<\/a><\/sup> ) es una festividad <a title=\"Pueblo jud\u00edo\" href=\"http:\/\/es.wikipedia.org\/wiki\/Pueblo_jud%C3%ADo\" target=\"_blank\" rel=\"noopener\">jud\u00eda<\/a>, (y vista por algunas comunidades <a title=\"Protestantismo\" href=\"http:\/\/es.wikipedia.org\/wiki\/Protestantismo\" target=\"_blank\" rel=\"noopener\">cristianas protestantes<\/a>) que es celebrada anualmente el 13 del mes jud\u00edo de <a title=\"Adar\" href=\"http:\/\/es.wikipedia.org\/wiki\/Adar\" target=\"_blank\" rel=\"noopener\">Adar<\/a> (o 15 de Adar en las ciudades amuralladas) en conmemoraci\u00f3n del milagro relatado en el <a title=\"Libro de Ester\" href=\"http:\/\/es.wikipedia.org\/wiki\/Libro_de_Ester\" target=\"_blank\" rel=\"noopener\">Libro de Ester<\/a> en el que los jud\u00edos se salvaron de ser aniquilados bajo el mandato del rey <a title=\"Persia\" href=\"http:\/\/es.wikipedia.org\/wiki\/Persia\" target=\"_blank\" rel=\"noopener\">persa<\/a> <a title=\"Asuero\" href=\"http:\/\/es.wikipedia.org\/wiki\/Asuero\" target=\"_blank\" rel=\"noopener\">Asuero<\/a>, identificado por algunos historiadores como <a title=\"Jerjes I\" href=\"http:\/\/es.wikipedia.org\/wiki\/Jerjes_I\" target=\"_blank\" rel=\"noopener\">Jerjes I<\/a>, alrededor del 450\u00a0a.\u00a0C.<sup id=\"cite_ref-6\" class=\"reference\"><a href=\"http:\/\/es.wikipedia.org\/wiki\/Purim#cite_note-6\" target=\"_blank\" rel=\"noopener\">6<\/a><\/sup> <sup id=\"cite_ref-7\" class=\"reference\"><a href=\"http:\/\/es.wikipedia.org\/wiki\/Purim#cite_note-7\" target=\"_blank\" rel=\"noopener\">7<\/a><\/sup> <sup id=\"cite_ref-8\" class=\"reference\"><a href=\"http:\/\/es.wikipedia.org\/wiki\/Purim#cite_note-8\" target=\"_blank\" rel=\"noopener\">8<\/a><\/sup><\/p>\n<p>A pesar de que Purim es considerado uno de los d\u00edas m\u00e1s alegres del <a title=\"Calendario hebreo\" href=\"http:\/\/es.wikipedia.org\/wiki\/Calendario_hebreo\" target=\"_blank\" rel=\"noopener\">calendario hebreo<\/a>, los jud\u00edos tienen la obligaci\u00f3n de ayunar y orar <a title=\"Ta&#039;anit Ester\" href=\"http:\/\/es.wikipedia.org\/wiki\/Ta%27anit_Ester\" target=\"_blank\" rel=\"noopener\">en la v\u00edspera<\/a>, en recuerdo de los jud\u00edos persas que ayunaron para que les salvara del inminente conflicto que los llevar\u00eda a su aniquilaci\u00f3n y exterminio por parte de <a title=\"Asuero y Ham\u00e1n en la fiesta de Ester\" href=\"http:\/\/es.wikipedia.org\/wiki\/Asuero_y_Ham%C3%A1n_en_la_fiesta_de_Ester\" target=\"_blank\" rel=\"noopener\">Am\u00e1n (o Ham\u00e1n)<\/a> y sus seguidores en el ej\u00e9rcito del <a class=\"mw-redirect\" title=\"Imperio persa\" href=\"http:\/\/es.wikipedia.org\/wiki\/Imperio_persa\" target=\"_blank\" rel=\"noopener\">Imperio persa<\/a>.<\/p>\n<p>En Purim se lee la Meguil\u00e1 (en <a title=\"Idioma hebreo\" href=\"http:\/\/es.wikipedia.org\/wiki\/Idioma_hebreo\" target=\"_blank\" rel=\"noopener\">hebreo<\/a> <b>\u05de\u05b0\u05d2\u05b4\u05d9\u05dc\u05b7\u05ea \u05d0\u05b6\u05e1\u05b0\u05ea\u05b5\u05bc\u05e8<\/b>, <i>Meguilat Ester<\/i>, \u00abRollo \u2014Libro\u2014 de Ester\u00bb). Esta lectura se realiza a gran velocidad, y los que escuchan deben hacer ruido con matracas u otros elementos en el momento de pronunciarse el nombre de Am\u00e1n, para que dicho nombre sea borrado. Esto logra hacer participar a los ni\u00f1os.<\/p>\n<p>Tras el ayuno, se hace un gran banquete en el que se acostumbra a beber vino y recitar c\u00e1nticos, entre ellos suele recitarse la plegaria conocida como <a title=\"Shoshanat Ya&#039;akov\" href=\"http:\/\/es.wikipedia.org\/wiki\/Shoshanat_Ya%27akov\" target=\"_blank\" rel=\"noopener\">Shoshanat Ya&#8217;akov<\/a>, que ha sido grabada por muchos cantantes jud\u00edos de <a title=\"Israel\" href=\"http:\/\/es.wikipedia.org\/wiki\/Israel\" target=\"_blank\" rel=\"noopener\">Israel<\/a> y la Di\u00e1spora. Asimismo, es obligaci\u00f3n enviar regalos a los amigos (en <a title=\"Idioma hebreo\" href=\"http:\/\/es.wikipedia.org\/wiki\/Idioma_hebreo\" target=\"_blank\" rel=\"noopener\">hebreo<\/a>: <b>\u05de\u05e0\u05d5\u05ea \u05de\u05e9\u05dc\u05d5\u05d7<\/b>, Mishl\u00f3aj Manot) y dar caridad a los pobres (en <a title=\"Idioma hebreo\" href=\"http:\/\/es.wikipedia.org\/wiki\/Idioma_hebreo\" target=\"_blank\" rel=\"noopener\">hebreo<\/a>: <b>\u05dc\u05d0\u05d1\u05d9\u05d5\u05e0\u05d9\u05dd \u05de\u05ea\u05e0\u05d5\u05ea<\/b>, Matanot La&#8217;evion\u00eem) y tambi\u00e9n se acostumbra a disfrazar a los ni\u00f1os peque\u00f1os (Wikipedia)<\/p>\n<p>&nbsp;<\/p>\n<p>&nbsp;<\/p>\n","protected":false},"excerpt":{"rendered":"<p>Este domingo la localidad de Agote vuelve a presentar para todos una interesante actividad. Se trata de la \u201cFiesta del &#8230; <a title=\"\u00abGran Fiesta del Purim\u00bb, este domingo, en Agote (Libre y gratuita)\" class=\"read-more\" href=\"https:\/\/www.hoymercedes.com.ar\/principal\/2014\/12\/03\/gran-fiesta-del-purim-este-domingo-en-agote-libre-y-gratuito\/\" aria-label=\"Leer m\u00e1s sobre \u00abGran Fiesta del Purim\u00bb, este domingo, en Agote (Libre y gratuita)\">Leer m\u00e1s<\/a><\/p>\n","protected":false},"author":1,"featured_media":0,"comment_status":"open","ping_status":"open","sticky":false,"template":"","format":"standard","meta":{"_monsterinsights_skip_tracking":false,"_monsterinsights_sitenote_active":false,"_monsterinsights_sitenote_note":"","_monsterinsights_sitenote_category":0,"jetpack_post_was_ever_published":false,"_jetpack_newsletter_access":"","_jetpack_dont_email_post_to_subs":false,"_jetpack_newsletter_tier_id":0,"_jetpack_memberships_contains_paywalled_content":false,"_jetpack_memberships_contains_paid_content":false,"footnotes":"","jetpack_publicize_message":"","jetpack_publicize_feature_enabled":true,"jetpack_social_post_already_shared":true,"jetpack_social_options":{"image_generator_settings":{"template":"highway","default_image_id":0,"font":"","enabled":false},"version":2},"_wpas_customize_per_network":false},"categories":[104],"tags":[1981,6544,6543,6541,4616,6542],"class_list":["post-38182","post","type-post","status-publish","format-standard","hentry","category-cultura","tag-agote","tag-arraigo-agote","tag-fiesta-agote","tag-fiesta-del-purim","tag-fiestas-populares-mercedes","tag-purim-agote","generate-columns","tablet-grid-50","mobile-grid-100","grid-parent","grid-50"],"jetpack_publicize_connections":[],"jetpack_featured_media_url":"","wps_subtitle":"Para disfrutar en familia","jetpack_sharing_enabled":true,"_links":{"self":[{"href":"https:\/\/www.hoymercedes.com.ar\/principal\/wp-json\/wp\/v2\/posts\/38182","targetHints":{"allow":["GET"]}}],"collection":[{"href":"https:\/\/www.hoymercedes.com.ar\/principal\/wp-json\/wp\/v2\/posts"}],"about":[{"href":"https:\/\/www.hoymercedes.com.ar\/principal\/wp-json\/wp\/v2\/types\/post"}],"author":[{"embeddable":true,"href":"https:\/\/www.hoymercedes.com.ar\/principal\/wp-json\/wp\/v2\/users\/1"}],"replies":[{"embeddable":true,"href":"https:\/\/www.hoymercedes.com.ar\/principal\/wp-json\/wp\/v2\/comments?post=38182"}],"version-history":[{"count":0,"href":"https:\/\/www.hoymercedes.com.ar\/principal\/wp-json\/wp\/v2\/posts\/38182\/revisions"}],"wp:attachment":[{"href":"https:\/\/www.hoymercedes.com.ar\/principal\/wp-json\/wp\/v2\/media?parent=38182"}],"wp:term":[{"taxonomy":"category","embeddable":true,"href":"https:\/\/www.hoymercedes.com.ar\/principal\/wp-json\/wp\/v2\/categories?post=38182"},{"taxonomy":"post_tag","embeddable":true,"href":"https:\/\/www.hoymercedes.com.ar\/principal\/wp-json\/wp\/v2\/tags?post=38182"}],"curies":[{"name":"wp","href":"https:\/\/api.w.org\/{rel}","templated":true}]}}