{"id":38198,"date":"2014-12-03T21:56:07","date_gmt":"2014-12-04T00:56:07","guid":{"rendered":"http:\/\/www.hoymercedes.com.ar\/principal\/?p=38198"},"modified":"2014-12-10T11:11:54","modified_gmt":"2014-12-10T14:11:54","slug":"el-consejo-escolar-convoca-a-cubrir-cargos-publicos","status":"publish","type":"post","link":"https:\/\/www.hoymercedes.com.ar\/principal\/2014\/12\/03\/el-consejo-escolar-convoca-a-cubrir-cargos-publicos\/","title":{"rendered":"El Consejo Escolar convoca a cubrir cargos p\u00fablicos"},"content":{"rendered":"<p><em><strong>Desde el Consejo Escolar, se informa que se deben cubrir 6 cargos de personal auxiliar dentro del distrito. Para el dia martes 9 de Diciembre, a las 9.30hs se llama a 1er movimiento de titulares (Activos y\/o cambio de funciones y\/o tareas livianas), a las 10hs se llama a movimiento de temporario transitorio, y a las 10.30hs se llama a la segunda vuelta de movimiento de titulares. El mi\u00e9rcoles 10, se realizara el Acto Publico con el listado oficial a las 10hs.<\/strong><\/em><\/p>\n<p>Se recuerda que todo personal que se encuentre en uso de Licencia y dentro de los \u00faltimos 2 a\u00f1os haya producido movimiento, no podr\u00e1 acceder a este cronograma<\/p>\n","protected":false},"excerpt":{"rendered":"<p>Desde el Consejo Escolar, se informa que se deben cubrir 6 cargos de personal auxiliar dentro del distrito. Para el &#8230; <a title=\"El Consejo Escolar convoca a cubrir cargos p\u00fablicos\" class=\"read-more\" href=\"https:\/\/www.hoymercedes.com.ar\/principal\/2014\/12\/03\/el-consejo-escolar-convoca-a-cubrir-cargos-publicos\/\" aria-label=\"Leer m\u00e1s sobre El Consejo Escolar convoca a cubrir cargos p\u00fablicos\">Leer m\u00e1s<\/a><\/p>\n","protected":false},"author":1,"featured_media":0,"comment_status":"open","ping_status":"open","sticky":false,"template":"","format":"standard","meta":{"_monsterinsights_skip_tracking":false,"_monsterinsights_sitenote_active":false,"_monsterinsights_sitenote_note":"","_monsterinsights_sitenote_category":0,"jetpack_post_was_ever_published":false,"_jetpack_newsletter_access":"","_jetpack_dont_email_post_to_subs":false,"_jetpack_newsletter_tier_id":0,"_jetpack_memberships_contains_paywalled_content":false,"_jetpack_memberships_contains_paid_content":false,"footnotes":"","jetpack_publicize_message":"","jetpack_publicize_feature_enabled":true,"jetpack_social_post_already_shared":true,"jetpack_social_options":{"image_generator_settings":{"template":"highway","default_image_id":0,"font":"","enabled":false},"version":2},"_wpas_customize_per_network":false},"categories":[5],"tags":[669,6553],"class_list":["post-38198","post","type-post","status-publish","format-standard","hentry","category-politica","tag-cargos-educacion","tag-el-consejo-escolar-convoca-a-cubrir-cargos-publicos","generate-columns","tablet-grid-50","mobile-grid-100","grid-parent","grid-50"],"jetpack_publicize_connections":[],"jetpack_featured_media_url":"","wps_subtitle":"Educaci\u00f3n y trabajo","jetpack_sharing_enabled":true,"jetpack-related-posts":[{"id":39687,"url":"https:\/\/www.hoymercedes.com.ar\/principal\/2015\/02\/21\/llaman-a-cubrir-7-cargos-de-auxiliar-en-el-ambito-educativo\/","url_meta":{"origin":38198,"position":0},"title":"Llaman a cubrir 7 cargos de Auxiliar en el \u00e1mbito educativo","author":"hoymercedes","date":"21 febrero, 2015","format":false,"excerpt":"Desde el Consejo Escolar de nuestra ciudad cuya sede se encuentra en el \u00e1mbito del ex Mart\u00edn Rodriguez informan que se llama a concurso p\u00fablico para cubrir 7 cargos de personal auxiliar para el distrito de Mercedes. Desde el consejo dieron el siguiente cronograma: CRONOGRAMA A SEGUIR PARA 1er MOVIMIENTO\u2026","rel":"","context":"En \u00abEducaci\u00f3n\u00bb","block_context":{"text":"Educaci\u00f3n","link":"https:\/\/www.hoymercedes.com.ar\/principal\/category\/educacion\/"},"img":{"alt_text":"","src":"","width":0,"height":0},"classes":[]},{"id":3241,"url":"https:\/\/www.hoymercedes.com.ar\/principal\/2011\/04\/04\/se-crean-nueve-cargos-en-mercedes\/","url_meta":{"origin":38198,"position":1},"title":"Se crean nueve cargos en Mercedes","author":"hoymercedes","date":"4 abril, 2011","format":false,"excerpt":"El consejo escolar de la ciudad de Mercedes informa a la comunidad sobre la creaci\u00f3n de nueve cargos en diversos \u00e0mbitos vinculados a la educaci\u00f3n. Con motivo de la creaci\u00f3n de 9 (NUEVE) cargo de Personal Auxiliar para el distrito de Mercedes Consejo Escolar informa: CORONOGRAMA A SEGUIR PARA 1\u2026","rel":"","context":"En \u00abEducaci\u00f3n\u00bb","block_context":{"text":"Educaci\u00f3n","link":"https:\/\/www.hoymercedes.com.ar\/principal\/category\/educacion\/"},"img":{"alt_text":"","src":"","width":0,"height":0},"classes":[]},{"id":159316,"url":"https:\/\/www.hoymercedes.com.ar\/principal\/2023\/03\/09\/consejo-escolar-acto-publico-de-auxiliares-de-educacion\/","url_meta":{"origin":38198,"position":2},"title":"Consejo Escolar: acto p\u00fablico de auxiliares de educaci\u00f3n","author":"hoymercedes","date":"9 marzo, 2023","format":false,"excerpt":"Desde el Consejo Escolar de Mercedes anunciaron que la pr\u00f3xima semana se realizar\u00e1n dos actos p\u00fablicos para cubrir cuatro cargos. En la notificaci\u00f3n oficial informan que el acto p\u00fablico presencial ser\u00e1 para movimientos y mensualizados de 4 cargos del Agrupamiento Personal de Servicio \u2013 Personal Temporario Transitorio (porteros\/cocineros). Los mismos\u2026","rel":"","context":"En \u00abEducaci\u00f3n\u00bb","block_context":{"text":"Educaci\u00f3n","link":"https:\/\/www.hoymercedes.com.ar\/principal\/category\/educacion\/"},"img":{"alt_text":"","src":"https:\/\/i0.wp.com\/www.hoymercedes.com.ar\/principal\/wp-content\/uploads\/2018\/02\/28-portero.png?resize=350%2C200&ssl=1","width":350,"height":200,"srcset":"https:\/\/i0.wp.com\/www.hoymercedes.com.ar\/principal\/wp-content\/uploads\/2018\/02\/28-portero.png?resize=350%2C200&ssl=1 1x, https:\/\/i0.wp.com\/www.hoymercedes.com.ar\/principal\/wp-content\/uploads\/2018\/02\/28-portero.png?resize=525%2C300&ssl=1 1.5x, https:\/\/i0.wp.com\/www.hoymercedes.com.ar\/principal\/wp-content\/uploads\/2018\/02\/28-portero.png?resize=700%2C400&ssl=1 2x"},"classes":[]},{"id":74257,"url":"https:\/\/www.hoymercedes.com.ar\/principal\/2018\/04\/04\/consejo-escolar-acto-publico-para-cubrir-cargos-de-auxiliares-escolares\/","url_meta":{"origin":38198,"position":3},"title":"Consejo Escolar: Acto p\u00fablico para cubrir cargos de auxiliares escolares","author":"hoymercedes","date":"4 abril, 2018","format":false,"excerpt":"Desde el Consejo Escolar de Mercedes anunciaron que el pr\u00f3ximo mi\u00e9rcoles 11 de abril, a partir de la hora 14, en la sede del Consejo Escolar se va a estar llevando a cabo el acto p\u00fablico para cubrir un cargo de cocinero para la escuela Primaria N\u00b0 36, uno de\u2026","rel":"","context":"En \u00abEducaci\u00f3n\u00bb","block_context":{"text":"Educaci\u00f3n","link":"https:\/\/www.hoymercedes.com.ar\/principal\/category\/educacion\/"},"img":{"alt_text":"","src":"https:\/\/i0.wp.com\/www.hoymercedes.com.ar\/principal\/wp-content\/uploads\/2018\/02\/28-portero.png?resize=350%2C200&ssl=1","width":350,"height":200,"srcset":"https:\/\/i0.wp.com\/www.hoymercedes.com.ar\/principal\/wp-content\/uploads\/2018\/02\/28-portero.png?resize=350%2C200&ssl=1 1x, https:\/\/i0.wp.com\/www.hoymercedes.com.ar\/principal\/wp-content\/uploads\/2018\/02\/28-portero.png?resize=525%2C300&ssl=1 1.5x, https:\/\/i0.wp.com\/www.hoymercedes.com.ar\/principal\/wp-content\/uploads\/2018\/02\/28-portero.png?resize=700%2C400&ssl=1 2x"},"classes":[]},{"id":158721,"url":"https:\/\/www.hoymercedes.com.ar\/principal\/2023\/02\/23\/consejo-escolar-anuncia-acto-publico-para-auxiliares\/","url_meta":{"origin":38198,"position":4},"title":"Consejo Escolar anuncia acto p\u00fablico para auxiliares","author":"hoymercedes","date":"23 febrero, 2023","format":false,"excerpt":"Desde el Consejo Escolar de Mercedes anunciaron que los d\u00edas viernes 24 y lunes 27 se realizar\u00e1n los actos p\u00fablicos de movimientos y mensualizados para auxiliares de educaci\u00f3n. Los actos ser\u00e1n presenciales y permitir\u00e1n la cobertura de 13 cargos entres porteso y cocineros. De acuerdo a la informaci\u00f3n brindada por\u2026","rel":"","context":"En \u00abEducaci\u00f3n\u00bb","block_context":{"text":"Educaci\u00f3n","link":"https:\/\/www.hoymercedes.com.ar\/principal\/category\/educacion\/"},"img":{"alt_text":"","src":"https:\/\/i0.wp.com\/www.hoymercedes.com.ar\/principal\/wp-content\/uploads\/2018\/02\/28-portero.png?resize=350%2C200&ssl=1","width":350,"height":200,"srcset":"https:\/\/i0.wp.com\/www.hoymercedes.com.ar\/principal\/wp-content\/uploads\/2018\/02\/28-portero.png?resize=350%2C200&ssl=1 1x, https:\/\/i0.wp.com\/www.hoymercedes.com.ar\/principal\/wp-content\/uploads\/2018\/02\/28-portero.png?resize=525%2C300&ssl=1 1.5x, https:\/\/i0.wp.com\/www.hoymercedes.com.ar\/principal\/wp-content\/uploads\/2018\/02\/28-portero.png?resize=700%2C400&ssl=1 2x"},"classes":[]},{"id":145727,"url":"https:\/\/www.hoymercedes.com.ar\/principal\/2022\/03\/23\/consejo-escolar-acto-publico-y-mensualizacion\/","url_meta":{"origin":38198,"position":5},"title":"Consejo Escolar: Acto p\u00fablico y mensualizaci\u00f3n","author":"hoymercedes","date":"23 marzo, 2022","format":false,"excerpt":"El Consejo Escolar de Mercedes informo que el pr\u00f3ximo lunes, 13 horas, llevar\u00e1 adelante el Acto P\u00fablico Virtual de cobertura de cargos para el servicio del Jard\u00edn de Infantes N\u00b0 909. El cargo a cubrir es Cocinero\/a. La cobertura del cargo ser\u00e1 mediante Google Meet ingresando con al link correspondiente\u2026","rel":"","context":"En \u00abEducaci\u00f3n\u00bb","block_context":{"text":"Educaci\u00f3n","link":"https:\/\/www.hoymercedes.com.ar\/principal\/category\/educacion\/"},"img":{"alt_text":"","src":"https:\/\/i0.wp.com\/www.hoymercedes.com.ar\/principal\/wp-content\/uploads\/2022\/03\/comedores-5067ef59.jpeg?resize=350%2C200&ssl=1","width":350,"height":200},"classes":[]}],"_links":{"self":[{"href":"https:\/\/www.hoymercedes.com.ar\/principal\/wp-json\/wp\/v2\/posts\/38198","targetHints":{"allow":["GET"]}}],"collection":[{"href":"https:\/\/www.hoymercedes.com.ar\/principal\/wp-json\/wp\/v2\/posts"}],"about":[{"href":"https:\/\/www.hoymercedes.com.ar\/principal\/wp-json\/wp\/v2\/types\/post"}],"author":[{"embeddable":true,"href":"https:\/\/www.hoymercedes.com.ar\/principal\/wp-json\/wp\/v2\/users\/1"}],"replies":[{"embeddable":true,"href":"https:\/\/www.hoymercedes.com.ar\/principal\/wp-json\/wp\/v2\/comments?post=38198"}],"version-history":[{"count":0,"href":"https:\/\/www.hoymercedes.com.ar\/principal\/wp-json\/wp\/v2\/posts\/38198\/revisions"}],"wp:attachment":[{"href":"https:\/\/www.hoymercedes.com.ar\/principal\/wp-json\/wp\/v2\/media?parent=38198"}],"wp:term":[{"taxonomy":"category","embeddable":true,"href":"https:\/\/www.hoymercedes.com.ar\/principal\/wp-json\/wp\/v2\/categories?post=38198"},{"taxonomy":"post_tag","embeddable":true,"href":"https:\/\/www.hoymercedes.com.ar\/principal\/wp-json\/wp\/v2\/tags?post=38198"}],"curies":[{"name":"wp","href":"https:\/\/api.w.org\/{rel}","templated":true}]}}