{"id":38242,"date":"2014-12-06T15:22:53","date_gmt":"2014-12-06T18:22:53","guid":{"rendered":"http:\/\/www.hoymercedes.com.ar\/principal\/?p=38242"},"modified":"2014-12-10T17:03:08","modified_gmt":"2014-12-10T20:03:08","slug":"mariano-castelucci-junto-a-massa-en-suipacha","status":"publish","type":"post","link":"https:\/\/www.hoymercedes.com.ar\/principal\/2014\/12\/06\/mariano-castelucci-junto-a-massa-en-suipacha\/","title":{"rendered":"Mariano Castelucci junto a Massa en Suipacha"},"content":{"rendered":"<p><a href=\"https:\/\/www.hoymercedes.com.ar\/principal\/wp-content\/uploads\/2014\/12\/massa-castelucci.jpg\"><img loading=\"lazy\" decoding=\"async\" data-attachment-id=\"38243\" data-permalink=\"https:\/\/www.hoymercedes.com.ar\/principal\/2014\/12\/06\/mariano-castelucci-junto-a-massa-en-suipacha\/massa-castelucci\/#main\" data-orig-file=\"https:\/\/www.hoymercedes.com.ar\/principal\/wp-content\/uploads\/2014\/12\/massa-castelucci.jpg\" data-orig-size=\"620,797\" data-comments-opened=\"1\" data-image-meta=\"{&quot;aperture&quot;:&quot;0&quot;,&quot;credit&quot;:&quot;&quot;,&quot;camera&quot;:&quot;&quot;,&quot;caption&quot;:&quot;&quot;,&quot;created_timestamp&quot;:&quot;0&quot;,&quot;copyright&quot;:&quot;&quot;,&quot;focal_length&quot;:&quot;0&quot;,&quot;iso&quot;:&quot;0&quot;,&quot;shutter_speed&quot;:&quot;0&quot;,&quot;title&quot;:&quot;&quot;,&quot;orientation&quot;:&quot;0&quot;}\" data-image-title=\"massa-castelucci\" data-image-description=\"\" data-image-caption=\"\" data-large-file=\"https:\/\/www.hoymercedes.com.ar\/principal\/wp-content\/uploads\/2014\/12\/massa-castelucci.jpg\" class=\"Img2014 aligncenter wp-image-38243 size-full\" src=\"https:\/\/www.hoymercedes.com.ar\/principal\/wp-content\/uploads\/2014\/12\/massa-castelucci.jpg\" alt=\"massa-castelucci\" width=\"620\" height=\"797\" srcset=\"https:\/\/www.hoymercedes.com.ar\/principal\/wp-content\/uploads\/2014\/12\/massa-castelucci.jpg 620w, https:\/\/www.hoymercedes.com.ar\/principal\/wp-content\/uploads\/2014\/12\/massa-castelucci-482x620.jpg 482w\" sizes=\"auto, (max-width: 620px) 100vw, 620px\" \/><\/a><\/p>\n<p><strong><em>El Diputado Nacional Sergio Massa estuvo en la localidad de Suipacha junto a productores rurales en el predio de la Sociedad Rural de dicha localidad. Hubo representantes del campo y autoridades y entre los hombres de la pol\u00edtica uno de los invitados fue el referente de la Agrupaci\u00f3n Arturo Jauretche Mariano Castelucci.<\/em><\/strong><\/p>\n<p>Desde la agrupaci\u00f3n comentaron que fue: \u00ab<em>Invitado por el Diputado Nacional Sergio Massa y el ex gobernador de la provincia de Buenos Aires Felipe Sol\u00e1. \u00a0Mariano Castelucci visit\u00f3 la vecina localidad de Suipacha para presenciar el encuentro de 60 productores agropecuarios con l\u00edderes del Frente Renovador. Massa agradeci\u00f3 a Castelucci su presencia y\u00a0 afectuosamente dialogaron sobre distintos aspectos de la pol\u00edtica local y nacional, como as\u00ed tambi\u00e9n sobre las pr\u00f3ximas elecciones\u00bb <\/em>en clara expresi\u00f3n de la comodidad vivida entre ambos hombres de la pol\u00edtica.<\/p>\n<p>De esta manera un nuevo dirigente local se expresa en di\u00e1logo con el l\u00edder del Frente Renovador<\/p>\n","protected":false},"excerpt":{"rendered":"<p>El Diputado Nacional Sergio Massa estuvo en la localidad de Suipacha junto a productores rurales en el predio de la &#8230; <a title=\"Mariano Castelucci junto a Massa en Suipacha\" class=\"read-more\" href=\"https:\/\/www.hoymercedes.com.ar\/principal\/2014\/12\/06\/mariano-castelucci-junto-a-massa-en-suipacha\/\" aria-label=\"Leer m\u00e1s sobre Mariano Castelucci junto a Massa en Suipacha\">Leer m\u00e1s<\/a><\/p>\n","protected":false},"author":1,"featured_media":0,"comment_status":"open","ping_status":"open","sticky":false,"template":"","format":"standard","meta":{"_monsterinsights_skip_tracking":false,"_monsterinsights_sitenote_active":false,"_monsterinsights_sitenote_note":"","_monsterinsights_sitenote_category":0,"jetpack_post_was_ever_published":false,"_jetpack_newsletter_access":"","_jetpack_dont_email_post_to_subs":false,"_jetpack_newsletter_tier_id":0,"_jetpack_memberships_contains_paywalled_content":false,"_jetpack_memberships_contains_paid_content":false,"footnotes":"","jetpack_publicize_message":"","jetpack_publicize_feature_enabled":true,"jetpack_social_post_already_shared":true,"jetpack_social_options":{"image_generator_settings":{"template":"highway","default_image_id":0,"font":"","enabled":false},"version":2},"_wpas_customize_per_network":false},"categories":[8],"tags":[6045,3537,513,2684],"class_list":["post-38242","post","type-post","status-publish","format-standard","hentry","category-sociedad","tag-arturo-jauretche","tag-frente-renovador","tag-mariano-castelucci","tag-sergio-massa","generate-columns","tablet-grid-50","mobile-grid-100","grid-parent","grid-50"],"jetpack_publicize_connections":[],"jetpack_featured_media_url":"","wps_subtitle":"Pensando en 2015","jetpack_sharing_enabled":true,"_links":{"self":[{"href":"https:\/\/www.hoymercedes.com.ar\/principal\/wp-json\/wp\/v2\/posts\/38242","targetHints":{"allow":["GET"]}}],"collection":[{"href":"https:\/\/www.hoymercedes.com.ar\/principal\/wp-json\/wp\/v2\/posts"}],"about":[{"href":"https:\/\/www.hoymercedes.com.ar\/principal\/wp-json\/wp\/v2\/types\/post"}],"author":[{"embeddable":true,"href":"https:\/\/www.hoymercedes.com.ar\/principal\/wp-json\/wp\/v2\/users\/1"}],"replies":[{"embeddable":true,"href":"https:\/\/www.hoymercedes.com.ar\/principal\/wp-json\/wp\/v2\/comments?post=38242"}],"version-history":[{"count":0,"href":"https:\/\/www.hoymercedes.com.ar\/principal\/wp-json\/wp\/v2\/posts\/38242\/revisions"}],"wp:attachment":[{"href":"https:\/\/www.hoymercedes.com.ar\/principal\/wp-json\/wp\/v2\/media?parent=38242"}],"wp:term":[{"taxonomy":"category","embeddable":true,"href":"https:\/\/www.hoymercedes.com.ar\/principal\/wp-json\/wp\/v2\/categories?post=38242"},{"taxonomy":"post_tag","embeddable":true,"href":"https:\/\/www.hoymercedes.com.ar\/principal\/wp-json\/wp\/v2\/tags?post=38242"}],"curies":[{"name":"wp","href":"https:\/\/api.w.org\/{rel}","templated":true}]}}