{"id":38288,"date":"2014-12-09T09:56:10","date_gmt":"2014-12-09T12:56:10","guid":{"rendered":"http:\/\/www.hoymercedes.com.ar\/principal\/?p=38288"},"modified":"2014-12-09T14:58:13","modified_gmt":"2014-12-09T17:58:13","slug":"accidente-en-ruta-n5-altura-olivera-con-7-involucrados","status":"publish","type":"post","link":"https:\/\/www.hoymercedes.com.ar\/principal\/2014\/12\/09\/accidente-en-ruta-n5-altura-olivera-con-7-involucrados\/","title":{"rendered":"Accidente en Ruta N\u00b05 altura Olivera con 7 involucrados"},"content":{"rendered":"<p><em><a href=\"https:\/\/www.hoymercedes.com.ar\/principal\/wp-content\/uploads\/2014\/12\/accidente-ruta5-09.12.2014.1.jpeg\"><img loading=\"lazy\" decoding=\"async\" data-attachment-id=\"38289\" data-permalink=\"https:\/\/www.hoymercedes.com.ar\/principal\/2014\/12\/09\/accidente-en-ruta-n5-altura-olivera-con-7-involucrados\/accidente-ruta5-09-12-2014-1\/#main\" data-orig-file=\"https:\/\/www.hoymercedes.com.ar\/principal\/wp-content\/uploads\/2014\/12\/accidente-ruta5-09.12.2014.1.jpeg\" data-orig-size=\"620,465\" data-comments-opened=\"1\" data-image-meta=\"{&quot;aperture&quot;:&quot;0&quot;,&quot;credit&quot;:&quot;&quot;,&quot;camera&quot;:&quot;&quot;,&quot;caption&quot;:&quot;&quot;,&quot;created_timestamp&quot;:&quot;0&quot;,&quot;copyright&quot;:&quot;&quot;,&quot;focal_length&quot;:&quot;0&quot;,&quot;iso&quot;:&quot;0&quot;,&quot;shutter_speed&quot;:&quot;0&quot;,&quot;title&quot;:&quot;&quot;,&quot;orientation&quot;:&quot;0&quot;}\" data-image-title=\"accidente-ruta5-09.12.2014.1\" data-image-description=\"\" data-image-caption=\"\" data-large-file=\"https:\/\/www.hoymercedes.com.ar\/principal\/wp-content\/uploads\/2014\/12\/accidente-ruta5-09.12.2014.1.jpeg\" class=\"Img2014 aligncenter wp-image-38289 size-full\" title=\"Accidente Ruta N\u00b05\" src=\"https:\/\/www.hoymercedes.com.ar\/principal\/wp-content\/uploads\/2014\/12\/accidente-ruta5-09.12.2014.1.jpeg\" alt=\"accidente-ruta5-09.12.2014.1\" width=\"620\" height=\"465\" \/><\/a><\/em><\/p>\n<p><strong><em>Este lunes feriado dej\u00f3 un nuevo accidente vial sobre Ruta Nacional N\u00b05 con 7 personas involucradas. No hubo v\u00edctimas fatales, aunque si fuertes golpes para los intervinientes. Todo sucedi\u00f3 a la altura del km 81, en la localidad de Olivera. Las redes sociales r\u00e1pidamente rindieron cuenta de ello con vecinos que ya contaban sobre el acontecimiento.<\/em><\/strong><\/p>\n<p>Los involucrados fueron siete seres humanos que recibieron atenciones desde la vecina localidad de Luj\u00e1n. Un saldo de 2 hombres heridos, 3\u00a0mujeres una mejor de 3 a\u00f1os de edad y una beb\u00e9 que se llev\u00f3 la peor parte con politraumatismos.<\/p>\n<p>En el accidente participaron un Renault Megane y un Peugeot 206. Bomberos de Luj\u00e1n realizaron las acciones de rescate.<\/p>\n","protected":false},"excerpt":{"rendered":"<p>Este lunes feriado dej\u00f3 un nuevo accidente vial sobre Ruta Nacional N\u00b05 con 7 personas involucradas. No hubo v\u00edctimas fatales, &#8230; <a title=\"Accidente en Ruta N\u00b05 altura Olivera con 7 involucrados\" class=\"read-more\" href=\"https:\/\/www.hoymercedes.com.ar\/principal\/2014\/12\/09\/accidente-en-ruta-n5-altura-olivera-con-7-involucrados\/\" aria-label=\"Leer m\u00e1s sobre Accidente en Ruta N\u00b05 altura Olivera con 7 involucrados\">Leer m\u00e1s<\/a><\/p>\n","protected":false},"author":1,"featured_media":0,"comment_status":"open","ping_status":"open","sticky":false,"template":"","format":"standard","meta":{"_monsterinsights_skip_tracking":false,"_monsterinsights_sitenote_active":false,"_monsterinsights_sitenote_note":"","_monsterinsights_sitenote_category":0,"jetpack_post_was_ever_published":false,"_jetpack_newsletter_access":"","_jetpack_dont_email_post_to_subs":false,"_jetpack_newsletter_tier_id":0,"_jetpack_memberships_contains_paywalled_content":false,"_jetpack_memberships_contains_paid_content":false,"footnotes":"","jetpack_publicize_message":"","jetpack_publicize_feature_enabled":true,"jetpack_social_post_already_shared":true,"jetpack_social_options":{"image_generator_settings":{"template":"highway","default_image_id":0,"font":"","enabled":false},"version":2},"_wpas_customize_per_network":false},"categories":[8],"tags":[6586,647],"class_list":["post-38288","post","type-post","status-publish","format-standard","hentry","category-sociedad","tag-accidente-en-ruta-n5-altura-olivera-con-7-involucrados","tag-accidente-ruta-5","generate-columns","tablet-grid-50","mobile-grid-100","grid-parent","grid-50"],"jetpack_publicize_connections":[],"jetpack_featured_media_url":"","wps_subtitle":"Sin lamentar v\u00edctimas","jetpack_sharing_enabled":true,"_links":{"self":[{"href":"https:\/\/www.hoymercedes.com.ar\/principal\/wp-json\/wp\/v2\/posts\/38288","targetHints":{"allow":["GET"]}}],"collection":[{"href":"https:\/\/www.hoymercedes.com.ar\/principal\/wp-json\/wp\/v2\/posts"}],"about":[{"href":"https:\/\/www.hoymercedes.com.ar\/principal\/wp-json\/wp\/v2\/types\/post"}],"author":[{"embeddable":true,"href":"https:\/\/www.hoymercedes.com.ar\/principal\/wp-json\/wp\/v2\/users\/1"}],"replies":[{"embeddable":true,"href":"https:\/\/www.hoymercedes.com.ar\/principal\/wp-json\/wp\/v2\/comments?post=38288"}],"version-history":[{"count":0,"href":"https:\/\/www.hoymercedes.com.ar\/principal\/wp-json\/wp\/v2\/posts\/38288\/revisions"}],"wp:attachment":[{"href":"https:\/\/www.hoymercedes.com.ar\/principal\/wp-json\/wp\/v2\/media?parent=38288"}],"wp:term":[{"taxonomy":"category","embeddable":true,"href":"https:\/\/www.hoymercedes.com.ar\/principal\/wp-json\/wp\/v2\/categories?post=38288"},{"taxonomy":"post_tag","embeddable":true,"href":"https:\/\/www.hoymercedes.com.ar\/principal\/wp-json\/wp\/v2\/tags?post=38288"}],"curies":[{"name":"wp","href":"https:\/\/api.w.org\/{rel}","templated":true}]}}