{"id":3829,"date":"2011-04-28T14:43:29","date_gmt":"2011-04-28T14:43:29","guid":{"rendered":"http:\/\/www.hoymercedes.com.ar\/principal\/?p=3829"},"modified":"2011-04-28T14:43:29","modified_gmt":"2011-04-28T14:43:29","slug":"fmpv-desarrollara-diversas-actividades-para-cerrar-la-semana","status":"publish","type":"post","link":"https:\/\/www.hoymercedes.com.ar\/principal\/2011\/04\/28\/fmpv-desarrollara-diversas-actividades-para-cerrar-la-semana\/","title":{"rendered":"FMpV desarrollar\u00e1 diversas actividades para cerrar la semana"},"content":{"rendered":"<p>Intensa ser\u00e1 la actividad que desarrollar\u00e1 el Frente Mercedino para la Victoria entre hoy y ma\u00f1ana.<\/p>\n<p>Esta tarde a partir de las 19.00 en su local de 25 entre 14 y 16 se llevar\u00e1 a cabo una charla relacionada con la seguridad en el tr\u00e1nsito.<\/p>\n<p>Por tal motivo se har\u00e1 presente para disertar acerca de esta verdadera problem\u00e1tica que tambi\u00e9n se vive en nuestra ciudad Jorge Rubino, Asesor de la Agencia Nacional de Seguridad Vial qui\u00e9n ser\u00e1 presentado por Juan Ignacio Ustarroz.<\/p>\n<p>Mientras que el viernes la convocatoria ser\u00e1 con cambio de horario para las 21.oo en el Club Comunicaciones donde se llevar\u00e1 a cabo una charla debate relacionada con los medios de comunicaciones.<\/p>\n<p>Especialmente invitado por los responsables del FMPV se har\u00e1 presente el titular de la Autoridad Nacional de Servicios Audiovisuales Gabriel Marioto.<\/p>\n<p>Tambi\u00e9n har\u00e1n uso de la palabra durante el encuentro Juan Ignacio Ustarroz y el referente de Casa Joven en nuestra ciudad Juan Pablo L\u00f3pez.<\/p>\n","protected":false},"excerpt":{"rendered":"<p>Intensa ser\u00e1 la actividad que desarrollar\u00e1 el Frente Mercedino para la Victoria entre hoy y ma\u00f1ana. Esta tarde a partir &#8230; <a title=\"FMpV desarrollar\u00e1 diversas actividades para cerrar la semana\" class=\"read-more\" href=\"https:\/\/www.hoymercedes.com.ar\/principal\/2011\/04\/28\/fmpv-desarrollara-diversas-actividades-para-cerrar-la-semana\/\" aria-label=\"Leer m\u00e1s sobre FMpV desarrollar\u00e1 diversas actividades para cerrar la semana\">Leer m\u00e1s<\/a><\/p>\n","protected":false},"author":1,"featured_media":0,"comment_status":"open","ping_status":"open","sticky":false,"template":"","format":"standard","meta":{"_monsterinsights_skip_tracking":false,"_monsterinsights_sitenote_active":false,"_monsterinsights_sitenote_note":"","_monsterinsights_sitenote_category":0,"jetpack_post_was_ever_published":false,"_jetpack_newsletter_access":"","_jetpack_dont_email_post_to_subs":false,"_jetpack_newsletter_tier_id":0,"_jetpack_memberships_contains_paywalled_content":false,"_jetpack_memberships_contains_paid_content":false,"footnotes":"","jetpack_publicize_message":"","jetpack_publicize_feature_enabled":true,"jetpack_social_post_already_shared":false,"jetpack_social_options":{"image_generator_settings":{"template":"highway","default_image_id":0,"font":"","enabled":false},"version":2},"_wpas_customize_per_network":false},"categories":[5],"tags":[379],"class_list":["post-3829","post","type-post","status-publish","format-standard","hentry","category-politica","tag-frente-mercedino-para-la-victoria","generate-columns","tablet-grid-50","mobile-grid-100","grid-parent","grid-50"],"jetpack_publicize_connections":[],"jetpack_featured_media_url":"","wps_subtitle":"","jetpack_sharing_enabled":true,"_links":{"self":[{"href":"https:\/\/www.hoymercedes.com.ar\/principal\/wp-json\/wp\/v2\/posts\/3829","targetHints":{"allow":["GET"]}}],"collection":[{"href":"https:\/\/www.hoymercedes.com.ar\/principal\/wp-json\/wp\/v2\/posts"}],"about":[{"href":"https:\/\/www.hoymercedes.com.ar\/principal\/wp-json\/wp\/v2\/types\/post"}],"author":[{"embeddable":true,"href":"https:\/\/www.hoymercedes.com.ar\/principal\/wp-json\/wp\/v2\/users\/1"}],"replies":[{"embeddable":true,"href":"https:\/\/www.hoymercedes.com.ar\/principal\/wp-json\/wp\/v2\/comments?post=3829"}],"version-history":[{"count":0,"href":"https:\/\/www.hoymercedes.com.ar\/principal\/wp-json\/wp\/v2\/posts\/3829\/revisions"}],"wp:attachment":[{"href":"https:\/\/www.hoymercedes.com.ar\/principal\/wp-json\/wp\/v2\/media?parent=3829"}],"wp:term":[{"taxonomy":"category","embeddable":true,"href":"https:\/\/www.hoymercedes.com.ar\/principal\/wp-json\/wp\/v2\/categories?post=3829"},{"taxonomy":"post_tag","embeddable":true,"href":"https:\/\/www.hoymercedes.com.ar\/principal\/wp-json\/wp\/v2\/tags?post=3829"}],"curies":[{"name":"wp","href":"https:\/\/api.w.org\/{rel}","templated":true}]}}