{"id":38303,"date":"2014-12-09T17:08:31","date_gmt":"2014-12-09T20:08:31","guid":{"rendered":"http:\/\/www.hoymercedes.com.ar\/principal\/?p=38303"},"modified":"2014-12-18T13:44:29","modified_gmt":"2014-12-18T16:44:29","slug":"se-paso-el-baile-de-egresados-para-este-miercoles-10","status":"publish","type":"post","link":"https:\/\/www.hoymercedes.com.ar\/principal\/2014\/12\/09\/se-paso-el-baile-de-egresados-para-este-miercoles-10\/","title":{"rendered":"Se paso el Baile de Egresados para este mi\u00e9rcoles 10"},"content":{"rendered":"<p><a href=\"https:\/\/www.hoymercedes.com.ar\/principal\/wp-content\/uploads\/2014\/12\/baileegresados.jpg\"><img loading=\"lazy\" decoding=\"async\" data-attachment-id=\"38304\" data-permalink=\"https:\/\/www.hoymercedes.com.ar\/principal\/2014\/12\/09\/se-paso-el-baile-de-egresados-para-este-miercoles-10\/baileegresados\/#main\" data-orig-file=\"https:\/\/www.hoymercedes.com.ar\/principal\/wp-content\/uploads\/2014\/12\/baileegresados.jpg\" data-orig-size=\"620,363\" data-comments-opened=\"1\" data-image-meta=\"{&quot;aperture&quot;:&quot;0&quot;,&quot;credit&quot;:&quot;&quot;,&quot;camera&quot;:&quot;&quot;,&quot;caption&quot;:&quot;&quot;,&quot;created_timestamp&quot;:&quot;0&quot;,&quot;copyright&quot;:&quot;&quot;,&quot;focal_length&quot;:&quot;0&quot;,&quot;iso&quot;:&quot;0&quot;,&quot;shutter_speed&quot;:&quot;0&quot;,&quot;title&quot;:&quot;&quot;,&quot;orientation&quot;:&quot;0&quot;}\" data-image-title=\"baileegresados\" data-image-description=\"\" data-image-caption=\"\" data-large-file=\"https:\/\/www.hoymercedes.com.ar\/principal\/wp-content\/uploads\/2014\/12\/baileegresados.jpg\" class=\"Img2014 aligncenter wp-image-38304 size-full\" src=\"https:\/\/www.hoymercedes.com.ar\/principal\/wp-content\/uploads\/2014\/12\/baileegresados.jpg\" alt=\"baileegresados\" width=\"620\" height=\"363\" \/><\/a><\/p>\n<p><em><strong>Ante las condiciones clim\u00e1ticas pronosticadas por el Servicio Meteorol\u00f3gico Nacional, los organizadores del \u201cBaile de Egresados 2014\u201d anunciaron el traslado de fecha de la realizaci\u00f3n en la Radio Publica en el programa Desenchufados que conduce Diego Mar\u00fa. Uno de sus organizadores Agustin Cufre, confirmo que finalmente la noche esperada se traslado para este mi\u00e9rcoles 10 de Diciembre, desde las 21hs.<\/strong><\/em><\/p>\n<p>La modificaci\u00f3n se da solamente en el dia, manteni\u00e9ndose en pie todo lo programado, la salida de los egresados desde la Avenida 17 y 16, y cada uno de los detalles anunciados. \u201cConsultamos telef\u00f3nicamente al Servicio Meteorol\u00f3gico Nacional, y dijeron que no nos pod\u00edan asegurar que este martes a la noche no lloviese. Y a ra\u00edz del tiempo que se necesita para los peinados de las chicas, los vestidos, el maquillaje, es que debemos arriesgarnos y decidir as\u00ed tan temprano la suspensi\u00f3n, por que no nos queda otra\u201d dijo Cufre en la radio.<\/p>\n<p>Ademas se destaca que se instalara una pantalla gigante, donde se podra ver la final de la Copa Total Sudamericana que disputa el club River Plate, para que aquellos fanaticos no se puedan perder ni el partido, ni la noche de egresados.-<\/p>\n","protected":false},"excerpt":{"rendered":"<p>Ante las condiciones clim\u00e1ticas pronosticadas por el Servicio Meteorol\u00f3gico Nacional, los organizadores del \u201cBaile de Egresados 2014\u201d anunciaron el traslado &#8230; <a title=\"Se paso el Baile de Egresados para este mi\u00e9rcoles 10\" class=\"read-more\" href=\"https:\/\/www.hoymercedes.com.ar\/principal\/2014\/12\/09\/se-paso-el-baile-de-egresados-para-este-miercoles-10\/\" aria-label=\"Leer m\u00e1s sobre Se paso el Baile de Egresados para este mi\u00e9rcoles 10\">Leer m\u00e1s<\/a><\/p>\n","protected":false},"author":1,"featured_media":0,"comment_status":"open","ping_status":"open","sticky":false,"template":"","format":"standard","meta":{"_monsterinsights_skip_tracking":false,"_monsterinsights_sitenote_active":false,"_monsterinsights_sitenote_note":"","_monsterinsights_sitenote_category":0,"jetpack_post_was_ever_published":false,"_jetpack_newsletter_access":"","_jetpack_dont_email_post_to_subs":false,"_jetpack_newsletter_tier_id":0,"_jetpack_memberships_contains_paywalled_content":false,"_jetpack_memberships_contains_paid_content":false,"footnotes":"","jetpack_publicize_message":"","jetpack_publicize_feature_enabled":true,"jetpack_social_post_already_shared":true,"jetpack_social_options":{"image_generator_settings":{"template":"highway","default_image_id":0,"font":"","enabled":false},"version":2},"_wpas_customize_per_network":false},"categories":[30],"tags":[6591,6592],"class_list":["post-38303","post","type-post","status-publish","format-standard","hentry","category-municipio","tag-baile-egresados","tag-pasarella","generate-columns","tablet-grid-50","mobile-grid-100","grid-parent","grid-50"],"jetpack_publicize_connections":[],"jetpack_featured_media_url":"","wps_subtitle":"Para los j\u00f3venes de Mercedes ","jetpack_sharing_enabled":true,"_links":{"self":[{"href":"https:\/\/www.hoymercedes.com.ar\/principal\/wp-json\/wp\/v2\/posts\/38303","targetHints":{"allow":["GET"]}}],"collection":[{"href":"https:\/\/www.hoymercedes.com.ar\/principal\/wp-json\/wp\/v2\/posts"}],"about":[{"href":"https:\/\/www.hoymercedes.com.ar\/principal\/wp-json\/wp\/v2\/types\/post"}],"author":[{"embeddable":true,"href":"https:\/\/www.hoymercedes.com.ar\/principal\/wp-json\/wp\/v2\/users\/1"}],"replies":[{"embeddable":true,"href":"https:\/\/www.hoymercedes.com.ar\/principal\/wp-json\/wp\/v2\/comments?post=38303"}],"version-history":[{"count":0,"href":"https:\/\/www.hoymercedes.com.ar\/principal\/wp-json\/wp\/v2\/posts\/38303\/revisions"}],"wp:attachment":[{"href":"https:\/\/www.hoymercedes.com.ar\/principal\/wp-json\/wp\/v2\/media?parent=38303"}],"wp:term":[{"taxonomy":"category","embeddable":true,"href":"https:\/\/www.hoymercedes.com.ar\/principal\/wp-json\/wp\/v2\/categories?post=38303"},{"taxonomy":"post_tag","embeddable":true,"href":"https:\/\/www.hoymercedes.com.ar\/principal\/wp-json\/wp\/v2\/tags?post=38303"}],"curies":[{"name":"wp","href":"https:\/\/api.w.org\/{rel}","templated":true}]}}